{"id":104186,"date":"2025-11-16T09:20:04","date_gmt":"2025-11-16T12:20:04","guid":{"rendered":"https:\/\/www.cordobatimes.com\/showup\/?p=104186"},"modified":"2025-11-16T09:20:04","modified_gmt":"2025-11-16T12:20:04","slug":"oasis-hizo-vibrar-river-una-noche-historica-para-los-fans-argentinos","status":"publish","type":"post","link":"https:\/\/www.cordobatimes.com\/showup\/musica\/2025\/11\/16\/oasis-hizo-vibrar-river-una-noche-historica-para-los-fans-argentinos\/","title":{"rendered":"Oasis hizo vibrar River: una noche hist\u00f3rica para los fans argentinos"},"content":{"rendered":"<h3 data-start=\"278\" data-end=\"494\"><strong>El Monumental volvi\u00f3 a ser escenario de una fiesta inolvidable: Oasis desembarc\u00f3 en el estadio de River Plate y entreg\u00f3 un show que ya qued\u00f3 marcado como uno de los grandes eventos musicales del a\u00f1o en Argentina.<\/strong><\/h3>\n<p data-start=\"496\" data-end=\"857\">Con un estadio repleto, la banda repas\u00f3 sus himnos m\u00e1s poderosos en un clima de euforia total. Desde el inicio, qued\u00f3 claro que la relaci\u00f3n entre Oasis y el p\u00fablico argentino sigue siendo \u00fanica. Entre tema y tema, no faltaron los comentarios de asombro:<br data-start=\"749\" data-end=\"752\" \/><strong data-start=\"752\" data-end=\"777\">\u201cUstedes est\u00e1n locos\u201d<\/strong>, lanz\u00f3 la banda, completamente desconcertada (y encantada) por la pasi\u00f3n local.<\/p>\n<div style=\"width: 696px;\" class=\"wp-video\"><video class=\"wp-video-shortcode\" id=\"video-104186-1\" width=\"696\" height=\"1237\" preload=\"metadata\" controls=\"controls\"><source type=\"video\/mp4\" src=\"http:\/\/www.cordobatimes.com\/showup\/wp-content\/uploads\/2025\/11\/ssstwitter.com_1763295147705.mp4?_=1\" \/><a href=\"http:\/\/www.cordobatimes.com\/showup\/wp-content\/uploads\/2025\/11\/ssstwitter.com_1763295147705.mp4\">http:\/\/www.cordobatimes.com\/showup\/wp-content\/uploads\/2025\/11\/ssstwitter.com_1763295147705.mp4<\/a><\/video><\/div>\n<p data-start=\"859\" data-end=\"1031\">Cl\u00e1sicos como <strong data-start=\"873\" data-end=\"903\">\u201cDon\u2019t Look Back in Anger\u201d<\/strong>, <strong data-start=\"905\" data-end=\"930\">\u201cChampagne Supernova\u201d<\/strong> y <strong data-start=\"933\" data-end=\"949\">\u201cWonderwall\u201d<\/strong> hicieron temblar el estadio, pero el momento m\u00e1s emotivo lleg\u00f3 al final del show.<\/p>\n<h3 data-start=\"1033\" data-end=\"1063\"><strong data-start=\"1037\" data-end=\"1063\">El homenaje a Maradona<\/strong><\/h3>\n<p data-start=\"1065\" data-end=\"1319\">Durante el cierre de <strong data-start=\"1086\" data-end=\"1104\">\u201cLive Forever\u201d<\/strong>, Oasis proyect\u00f3 en las pantallas una imagen de <strong data-start=\"1152\" data-end=\"1170\">Diego Maradona<\/strong>, iluminada en celeste y blanco.<br data-start=\"1202\" data-end=\"1205\" \/>El estadio entero explot\u00f3 en gritos, aplausos y emoci\u00f3n pura, mientras la letra resonaba como un tributo perfecto:<\/p>\n<blockquote data-start=\"1321\" data-end=\"1563\">\n<p data-start=\"1323\" data-end=\"1563\">\u201cQuiz\u00e1s solo quiero volar,<br data-start=\"1349\" data-end=\"1352\" \/>quiero vivir, no quiero morir.<br data-start=\"1384\" data-end=\"1387\" \/>Quiz\u00e1s solo quiero respirar,<br data-start=\"1417\" data-end=\"1420\" \/>quiz\u00e1s simplemente no creo.<br data-start=\"1449\" data-end=\"1452\" \/>Quiz\u00e1s vos sos igual que yo,<br data-start=\"1482\" data-end=\"1485\" \/>vemos cosas que ellos nunca ver\u00e1n.<br data-start=\"1521\" data-end=\"1524\" \/>Vos y yo vamos a vivir para siempre.\u201d<\/p>\n<\/blockquote>\n<p data-start=\"1565\" data-end=\"1720\">La combinaci\u00f3n del tema, el homenaje y la devoci\u00f3n del p\u00fablico cre\u00f3 uno de esos momentos que quedan grabados en la memoria colectiva del rock en Argentina.<\/p>\n<div style=\"width: 480px;\" class=\"wp-video\"><video class=\"wp-video-shortcode\" id=\"video-104186-2\" width=\"480\" height=\"852\" preload=\"metadata\" controls=\"controls\"><source type=\"video\/mp4\" src=\"http:\/\/www.cordobatimes.com\/showup\/wp-content\/uploads\/2025\/11\/ssstwitter.com_1763294918329.mp4?_=2\" \/><a href=\"http:\/\/www.cordobatimes.com\/showup\/wp-content\/uploads\/2025\/11\/ssstwitter.com_1763294918329.mp4\">http:\/\/www.cordobatimes.com\/showup\/wp-content\/uploads\/2025\/11\/ssstwitter.com_1763294918329.mp4<\/a><\/video><\/div>\n<p data-start=\"1722\" data-end=\"1928\">La visita de Oasis incluy\u00f3 adem\u00e1s recorridos ic\u00f3nicos por Buenos Aires \u2014como la pasada por la Bombonera\u2014 y reafirm\u00f3 una vez m\u00e1s el v\u00ednculo inquebrantable entre la banda y sus miles de seguidores argentinos.<\/p>\n<p data-start=\"1930\" data-end=\"2044\">La noche en River no fue solo un recital: fue un reencuentro \u00e9pico entre dos pasiones que se potencian mutuamente.<\/p>\n","protected":false},"excerpt":{"rendered":"<p>El Monumental volvi\u00f3 a ser escenario de una fiesta inolvidable: Oasis desembarc\u00f3 en el estadio de River Plate y entreg\u00f3 un show que ya qued\u00f3 marcado como uno de los grandes eventos musicales del a\u00f1o en Argentina. Con un estadio repleto, la banda repas\u00f3 sus himnos m\u00e1s poderosos en un clima de euforia total. Desde [&hellip;]<\/p>\n","protected":false},"author":24,"featured_media":104189,"comment_status":"closed","ping_status":"closed","sticky":false,"template":"","format":"standard","meta":{"_seopress_robots_primary_cat":"none","_seopress_titles_title":"","_seopress_titles_desc":"","_seopress_robots_index":"","footnotes":""},"categories":[12967,5],"tags":[40324,40244,40323,40322],"class_list":{"0":"post-104186","1":"post","2":"type-post","3":"status-publish","4":"format-standard","5":"has-post-thumbnail","7":"category-destacada","8":"category-musica","9":"tag-homenaje-a-maradona-en-el-show-de-oasis","10":"tag-oasis-en-argentina","11":"tag-oasis-homenaje-a-maradona","12":"tag-primer-show-de-oasis-en-river"},"_links":{"self":[{"href":"https:\/\/www.cordobatimes.com\/showup\/wp-json\/wp\/v2\/posts\/104186","targetHints":{"allow":["GET"]}}],"collection":[{"href":"https:\/\/www.cordobatimes.com\/showup\/wp-json\/wp\/v2\/posts"}],"about":[{"href":"https:\/\/www.cordobatimes.com\/showup\/wp-json\/wp\/v2\/types\/post"}],"author":[{"embeddable":true,"href":"https:\/\/www.cordobatimes.com\/showup\/wp-json\/wp\/v2\/users\/24"}],"replies":[{"embeddable":true,"href":"https:\/\/www.cordobatimes.com\/showup\/wp-json\/wp\/v2\/comments?post=104186"}],"version-history":[{"count":0,"href":"https:\/\/www.cordobatimes.com\/showup\/wp-json\/wp\/v2\/posts\/104186\/revisions"}],"wp:featuredmedia":[{"embeddable":true,"href":"https:\/\/www.cordobatimes.com\/showup\/wp-json\/wp\/v2\/media\/104189"}],"wp:attachment":[{"href":"https:\/\/www.cordobatimes.com\/showup\/wp-json\/wp\/v2\/media?parent=104186"}],"wp:term":[{"taxonomy":"category","embeddable":true,"href":"https:\/\/www.cordobatimes.com\/showup\/wp-json\/wp\/v2\/categories?post=104186"},{"taxonomy":"post_tag","embeddable":true,"href":"https:\/\/www.cordobatimes.com\/showup\/wp-json\/wp\/v2\/tags?post=104186"}],"curies":[{"name":"wp","href":"https:\/\/api.w.org\/{rel}","templated":true}]}}