{"id":104156,"date":"2025-11-15T18:09:16","date_gmt":"2025-11-15T21:09:16","guid":{"rendered":"https:\/\/www.cordobatimes.com\/showup\/?p=104156"},"modified":"2025-11-15T18:09:17","modified_gmt":"2025-11-15T21:09:17","slug":"premios-international-emmy-2025-todo-lo-que-tenes-que-saber","status":"publish","type":"post","link":"https:\/\/www.cordobatimes.com\/showup\/tv\/2025\/11\/15\/premios-international-emmy-2025-todo-lo-que-tenes-que-saber\/","title":{"rendered":"Premios International Emmy 2025: todo lo que ten\u00e9s que saber"},"content":{"rendered":"<h3><strong>El 24 de noviembre de 2025 se llevar\u00e1 a cabo la 53\u00aa edici\u00f3n de los International Emmy Awards, un evento que reconoce lo mejor de la televisi\u00f3n producida fuera de Estados Unidos. La ceremonia se realizar\u00e1 en Nueva York.<\/strong><\/h3>\n<p><strong>Un r\u00e9cord de diversidad<\/strong><\/p>\n<p data-start=\"466\" data-end=\"780\">Este a\u00f1o hay <strong data-start=\"479\" data-end=\"495\">64 nominados<\/strong> distribuidos en <strong data-start=\"512\" data-end=\"529\">16 categor\u00edas<\/strong>, provenientes de <strong data-start=\"547\" data-end=\"560\">26 pa\u00edses<\/strong>, la cifra m\u00e1s alta en la historia de los premios.\u00a0<br data-start=\"648\" data-end=\"651\" \/>Pa\u00edses como Argentina, Brasil, Espa\u00f1a, India, Sud\u00e1frica y muchos m\u00e1s est\u00e1n representados.<\/p>\n<h3 data-start=\"782\" data-end=\"812\"><strong>Protagonistas destacados<\/strong><\/h3>\n<ul data-start=\"813\" data-end=\"1330\">\n<li data-start=\"813\" data-end=\"996\">\n<p data-start=\"815\" data-end=\"996\">El drama brit\u00e1nico <strong data-start=\"834\" data-end=\"846\">\u201cLudwig\u201d<\/strong> y la miniserie <strong data-start=\"862\" data-end=\"887\">\u201cAmar Singh Chamkila\u201d<\/strong> (India) lideran las nominaciones con <strong data-start=\"925\" data-end=\"955\">dos postulaciones cada uno<\/strong>.<\/p>\n<\/li>\n<li data-start=\"997\" data-end=\"1168\">\n<p data-start=\"999\" data-end=\"1168\">En la categor\u00eda de actuaci\u00f3n masculina, <strong data-start=\"1039\" data-end=\"1057\">Diljit Dosanjh<\/strong> fue nominado por interpretar al legendario m\u00fasico Amar Singh Chamkila.<\/p>\n<\/li>\n<li data-start=\"1169\" data-end=\"1330\">\n<p data-start=\"1171\" data-end=\"1330\">Adem\u00e1s, el actor espa\u00f1ol <strong data-start=\"1196\" data-end=\"1209\">Oriol Pla<\/strong>, por su papel en <em data-start=\"1227\" data-end=\"1239\">Yo, adicto<\/em> (Disney+), compite en \u201cMejor actuaci\u00f3n masculina\u201d.<\/p>\n<\/li>\n<\/ul>\n<h3 data-start=\"1332\" data-end=\"1372\"><strong>Producci\u00f3n argentina en la carrera<\/strong><\/h3>\n<p data-start=\"1373\" data-end=\"1424\">Dos producciones argentinas fueron seleccionadas:<\/p>\n<ul data-start=\"1425\" data-end=\"1638\">\n<li data-start=\"1425\" data-end=\"1537\">\n<p data-start=\"1427\" data-end=\"1537\"><em data-start=\"1427\" data-end=\"1447\">Todo se Transforma<\/em> (serie en formato corto) compite en su categor\u00eda.<\/p>\n<\/li>\n<li data-start=\"1538\" data-end=\"1638\">\n<p data-start=\"1540\" data-end=\"1638\"><em data-start=\"1540\" data-end=\"1554\">Argentina 78<\/em>, docuserie deportiva, tambi\u00e9n fue nominada.<\/p>\n<\/li>\n<\/ul>\n<h3 data-start=\"1640\" data-end=\"1672\"><strong>Reconocimientos especiales<\/strong><\/h3>\n<p data-start=\"1673\" data-end=\"1769\">No todo son nominaciones: la Academia Internacional tambi\u00e9n entregar\u00e1 dos premios honor\u00edficos:<\/p>\n<ul data-start=\"1770\" data-end=\"2113\">\n<li data-start=\"1770\" data-end=\"1940\">\n<p data-start=\"1772\" data-end=\"1940\"><strong data-start=\"1772\" data-end=\"1787\">Dana Walden<\/strong> (Co-Chairman de Disney Entertainment) recibir\u00e1 el <em data-start=\"1838\" data-end=\"1854\">Founders Award<\/em> por su impacto transformador en la industria.<\/p>\n<\/li>\n<li data-start=\"1941\" data-end=\"2113\">\n<p data-start=\"1943\" data-end=\"2113\"><strong data-start=\"1943\" data-end=\"1967\">Jo\u00e3o Roberto Marinho<\/strong>, presidente de Grupo Globo, ser\u00e1 galardonado con el <em data-start=\"2020\" data-end=\"2039\">Directorate Award<\/em> en reconocimiento a su liderazgo.<\/p>\n<\/li>\n<\/ul>\n","protected":false},"excerpt":{"rendered":"<p>El 24 de noviembre de 2025 se llevar\u00e1 a cabo la 53\u00aa edici\u00f3n de los International Emmy Awards, un evento que reconoce lo mejor de la televisi\u00f3n producida fuera de Estados Unidos. La ceremonia se realizar\u00e1 en Nueva York. Un r\u00e9cord de diversidad Este a\u00f1o hay 64 nominados distribuidos en 16 categor\u00edas, provenientes de 26 [&hellip;]<\/p>\n","protected":false},"author":24,"featured_media":104159,"comment_status":"closed","ping_status":"closed","sticky":false,"template":"","format":"standard","meta":{"_seopress_robots_primary_cat":"none","_seopress_titles_title":"","_seopress_titles_desc":"","_seopress_robots_index":"","footnotes":""},"categories":[2],"tags":[40310,40311,40309],"class_list":{"0":"post-104156","1":"post","2":"type-post","3":"status-publish","4":"format-standard","5":"has-post-thumbnail","7":"category-tv","8":"tag-emmy-2025","9":"tag-premios-emmy-2025","10":"tag-premios-international-emmy-2025"},"_links":{"self":[{"href":"https:\/\/www.cordobatimes.com\/showup\/wp-json\/wp\/v2\/posts\/104156","targetHints":{"allow":["GET"]}}],"collection":[{"href":"https:\/\/www.cordobatimes.com\/showup\/wp-json\/wp\/v2\/posts"}],"about":[{"href":"https:\/\/www.cordobatimes.com\/showup\/wp-json\/wp\/v2\/types\/post"}],"author":[{"embeddable":true,"href":"https:\/\/www.cordobatimes.com\/showup\/wp-json\/wp\/v2\/users\/24"}],"replies":[{"embeddable":true,"href":"https:\/\/www.cordobatimes.com\/showup\/wp-json\/wp\/v2\/comments?post=104156"}],"version-history":[{"count":0,"href":"https:\/\/www.cordobatimes.com\/showup\/wp-json\/wp\/v2\/posts\/104156\/revisions"}],"wp:featuredmedia":[{"embeddable":true,"href":"https:\/\/www.cordobatimes.com\/showup\/wp-json\/wp\/v2\/media\/104159"}],"wp:attachment":[{"href":"https:\/\/www.cordobatimes.com\/showup\/wp-json\/wp\/v2\/media?parent=104156"}],"wp:term":[{"taxonomy":"category","embeddable":true,"href":"https:\/\/www.cordobatimes.com\/showup\/wp-json\/wp\/v2\/categories?post=104156"},{"taxonomy":"post_tag","embeddable":true,"href":"https:\/\/www.cordobatimes.com\/showup\/wp-json\/wp\/v2\/tags?post=104156"}],"curies":[{"name":"wp","href":"https:\/\/api.w.org\/{rel}","templated":true}]}}