{"id":104144,"date":"2025-11-15T11:48:58","date_gmt":"2025-11-15T14:48:58","guid":{"rendered":"https:\/\/www.cordobatimes.com\/showup\/?p=104144"},"modified":"2025-11-15T11:48:59","modified_gmt":"2025-11-15T14:48:59","slug":"la-caida-de-floralamia-en-la-semana-internacional-de-la-moda-vietnam-elegancia-incluso-en-el-tropiezo","status":"publish","type":"post","link":"https:\/\/www.cordobatimes.com\/showup\/moda-y-estilos\/2025\/11\/15\/la-caida-de-floralamia-en-la-semana-internacional-de-la-moda-vietnam-elegancia-incluso-en-el-tropiezo\/","title":{"rendered":"La ca\u00edda de Floralamia en la Semana Internacional de la Moda Vietnam: elegancia incluso en el tropiezo"},"content":{"rendered":"<p data-start=\"211\" data-end=\"541\"><strong>La modelo vietnamita @floralamia_, de 20 a\u00f1os, protagoniz\u00f3 uno de los momentos m\u00e1s comentados de la noche inaugural de la Semana Internacional de la Moda Aquafina Vietnam Oto\u00f1o\/Invierno 2025. Mientras descend\u00eda una escalera en plena pasarela, sufri\u00f3 una impactante ca\u00edda que dej\u00f3 a todos en silencio durante unos segundos.<\/strong><\/p>\n<p data-start=\"543\" data-end=\"844\">Lejos de quedar paralizada por el accidente, la ganadora de <strong data-start=\"603\" data-end=\"636\">Vietnam\u2019s Next Top Model 2025<\/strong> se incorpor\u00f3 con total naturalidad y sigui\u00f3 desfilando como una verdadera profesional. Su r\u00e1pida reacci\u00f3n, sumada a su elegancia para retomar el paso, desencaden\u00f3 una ovaci\u00f3n espont\u00e1nea entre los asistentes.<\/p>\n<p data-start=\"846\" data-end=\"1106\">El episodio se convirti\u00f3 en s\u00edmbolo de resiliencia y temple dentro del mundo de la moda, y no tard\u00f3 en viralizarse en redes sociales, donde cientos de usuarios destacaron su actitud impecable y su capacidad para transformar un tropiezo en un momento memorable.<\/p>\n<div style=\"width: 696px;\" class=\"wp-video\"><video class=\"wp-video-shortcode\" id=\"video-104144-1\" width=\"696\" height=\"1237\" preload=\"metadata\" controls=\"controls\"><source type=\"video\/mp4\" src=\"http:\/\/www.cordobatimes.com\/showup\/wp-content\/uploads\/2025\/11\/floralamia__3766174286123067506.mp4?_=1\" \/><a href=\"http:\/\/www.cordobatimes.com\/showup\/wp-content\/uploads\/2025\/11\/floralamia__3766174286123067506.mp4\">http:\/\/www.cordobatimes.com\/showup\/wp-content\/uploads\/2025\/11\/floralamia__3766174286123067506.mp4<\/a><\/video><\/div>\n<div style=\"width: 696px;\" class=\"wp-video\"><video class=\"wp-video-shortcode\" id=\"video-104144-2\" width=\"696\" height=\"1237\" preload=\"metadata\" controls=\"controls\"><source type=\"video\/mp4\" src=\"http:\/\/www.cordobatimes.com\/showup\/wp-content\/uploads\/2025\/11\/floralamia__3766134100370607378.mp4?_=2\" \/><a href=\"http:\/\/www.cordobatimes.com\/showup\/wp-content\/uploads\/2025\/11\/floralamia__3766134100370607378.mp4\">http:\/\/www.cordobatimes.com\/showup\/wp-content\/uploads\/2025\/11\/floralamia__3766134100370607378.mp4<\/a><\/video><\/div>\n","protected":false},"excerpt":{"rendered":"<p>La modelo vietnamita @floralamia_, de 20 a\u00f1os, protagoniz\u00f3 uno de los momentos m\u00e1s comentados de la noche inaugural de la Semana Internacional de la Moda Aquafina Vietnam Oto\u00f1o\/Invierno 2025. Mientras descend\u00eda una escalera en plena pasarela, sufri\u00f3 una impactante ca\u00edda que dej\u00f3 a todos en silencio durante unos segundos. Lejos de quedar paralizada por el [&hellip;]<\/p>\n","protected":false},"author":24,"featured_media":104147,"comment_status":"closed","ping_status":"closed","sticky":false,"template":"","format":"standard","meta":{"_seopress_robots_primary_cat":"none","_seopress_titles_title":"","_seopress_titles_desc":"","_seopress_robots_index":"","footnotes":""},"categories":[228],"tags":[40297,40298,40296],"class_list":{"0":"post-104144","1":"post","2":"type-post","3":"status-publish","4":"format-standard","5":"has-post-thumbnail","7":"category-moda-y-estilos","8":"tag-caida-de-floralamia-en-la-semana-internacional-de-la-moda-vietnam","9":"tag-floralamia-en-la-semana-internacional-de-la-moda-vietnam","10":"tag-semana-internacional-de-la-moda-vietnam"},"_links":{"self":[{"href":"https:\/\/www.cordobatimes.com\/showup\/wp-json\/wp\/v2\/posts\/104144","targetHints":{"allow":["GET"]}}],"collection":[{"href":"https:\/\/www.cordobatimes.com\/showup\/wp-json\/wp\/v2\/posts"}],"about":[{"href":"https:\/\/www.cordobatimes.com\/showup\/wp-json\/wp\/v2\/types\/post"}],"author":[{"embeddable":true,"href":"https:\/\/www.cordobatimes.com\/showup\/wp-json\/wp\/v2\/users\/24"}],"replies":[{"embeddable":true,"href":"https:\/\/www.cordobatimes.com\/showup\/wp-json\/wp\/v2\/comments?post=104144"}],"version-history":[{"count":0,"href":"https:\/\/www.cordobatimes.com\/showup\/wp-json\/wp\/v2\/posts\/104144\/revisions"}],"wp:featuredmedia":[{"embeddable":true,"href":"https:\/\/www.cordobatimes.com\/showup\/wp-json\/wp\/v2\/media\/104147"}],"wp:attachment":[{"href":"https:\/\/www.cordobatimes.com\/showup\/wp-json\/wp\/v2\/media?parent=104144"}],"wp:term":[{"taxonomy":"category","embeddable":true,"href":"https:\/\/www.cordobatimes.com\/showup\/wp-json\/wp\/v2\/categories?post=104144"},{"taxonomy":"post_tag","embeddable":true,"href":"https:\/\/www.cordobatimes.com\/showup\/wp-json\/wp\/v2\/tags?post=104144"}],"curies":[{"name":"wp","href":"https:\/\/api.w.org\/{rel}","templated":true}]}}