{"id":104137,"date":"2025-11-15T11:10:25","date_gmt":"2025-11-15T14:10:25","guid":{"rendered":"https:\/\/www.cordobatimes.com\/showup\/?p=104137"},"modified":"2025-11-15T11:10:26","modified_gmt":"2025-11-15T14:10:26","slug":"oasis-eligio-el-monumental-para-su-show-de-drones","status":"publish","type":"post","link":"https:\/\/www.cordobatimes.com\/showup\/musica\/2025\/11\/15\/oasis-eligio-el-monumental-para-su-show-de-drones\/","title":{"rendered":"Oasis eligi\u00f3 el Monumental para su show de drones"},"content":{"rendered":"<p data-start=\"176\" data-end=\"556\"><strong>Oasis confirm\u00f3 que el estadio Monumental ser\u00e1 el lugar elegido para su esperado show de drones en Argentina, una propuesta que combina tecnolog\u00eda de punta y m\u00fasica en vivo para crear una experiencia inmersiva pocas veces vista en la regi\u00f3n. El espect\u00e1culo forma parte de la nueva gira mundial de la banda, que regresa a los escenarios con una puesta en escena totalmente renovada.<\/strong><\/p>\n<p data-start=\"558\" data-end=\"1002\">La elecci\u00f3n del Monumental no es casual. El estadio se posiciona como uno de los m\u00e1s grandes y modernos de Latinoam\u00e9rica, con la infraestructura necesaria para albergar un show que incluye visuales 3D, sincronizaci\u00f3n lum\u00ednica y cientos de drones que dibujar\u00e1n figuras y efectos sobre el cielo de Buenos Aires. La producci\u00f3n promete un despliegue t\u00e9cnico que busca marcar un antes y un despu\u00e9s en la historia de los recitales masivos en el pa\u00eds.<\/p>\n<p data-start=\"1004\" data-end=\"1330\">El anuncio gener\u00f3 entusiasmo inmediato entre los seguidores argentinos, que esperan con ansias volver a ver a Oasis en un formato novedoso y de enorme impacto visual. El show apunta a unir la nostalgia por los cl\u00e1sicos de la banda con una est\u00e9tica futurista que acompa\u00f1a su regreso a las grandes ligas del espect\u00e1culo mundial.<\/p>\n<div style=\"width: 696px;\" class=\"wp-video\"><video class=\"wp-video-shortcode\" id=\"video-104137-1\" width=\"696\" height=\"392\" preload=\"metadata\" controls=\"controls\"><source type=\"video\/mp4\" src=\"http:\/\/www.cordobatimes.com\/showup\/wp-content\/uploads\/2025\/11\/ssstwitter.com_1763215519101.mp4?_=1\" \/><a href=\"http:\/\/www.cordobatimes.com\/showup\/wp-content\/uploads\/2025\/11\/ssstwitter.com_1763215519101.mp4\">http:\/\/www.cordobatimes.com\/showup\/wp-content\/uploads\/2025\/11\/ssstwitter.com_1763215519101.mp4<\/a><\/video><\/div>\n<div style=\"width: 480px;\" class=\"wp-video\"><video class=\"wp-video-shortcode\" id=\"video-104137-2\" width=\"480\" height=\"1066\" preload=\"metadata\" controls=\"controls\"><source type=\"video\/mp4\" src=\"http:\/\/www.cordobatimes.com\/showup\/wp-content\/uploads\/2025\/11\/ssstwitter.com_1763215032540.mp4?_=2\" \/><a href=\"http:\/\/www.cordobatimes.com\/showup\/wp-content\/uploads\/2025\/11\/ssstwitter.com_1763215032540.mp4\">http:\/\/www.cordobatimes.com\/showup\/wp-content\/uploads\/2025\/11\/ssstwitter.com_1763215032540.mp4<\/a><\/video><\/div>\n","protected":false},"excerpt":{"rendered":"<p>Oasis confirm\u00f3 que el estadio Monumental ser\u00e1 el lugar elegido para su esperado show de drones en Argentina, una propuesta que combina tecnolog\u00eda de punta y m\u00fasica en vivo para crear una experiencia inmersiva pocas veces vista en la regi\u00f3n. El espect\u00e1culo forma parte de la nueva gira mundial de la banda, que regresa a [&hellip;]<\/p>\n","protected":false},"author":24,"featured_media":104140,"comment_status":"closed","ping_status":"closed","sticky":false,"template":"","format":"standard","meta":{"_seopress_robots_primary_cat":"none","_seopress_titles_title":"","_seopress_titles_desc":"","_seopress_robots_index":"","footnotes":""},"categories":[5],"tags":[40244,40295],"class_list":{"0":"post-104137","1":"post","2":"type-post","3":"status-publish","4":"format-standard","5":"has-post-thumbnail","7":"category-musica","8":"tag-oasis-en-argentina","9":"tag-oasis-show-de-drones"},"_links":{"self":[{"href":"https:\/\/www.cordobatimes.com\/showup\/wp-json\/wp\/v2\/posts\/104137","targetHints":{"allow":["GET"]}}],"collection":[{"href":"https:\/\/www.cordobatimes.com\/showup\/wp-json\/wp\/v2\/posts"}],"about":[{"href":"https:\/\/www.cordobatimes.com\/showup\/wp-json\/wp\/v2\/types\/post"}],"author":[{"embeddable":true,"href":"https:\/\/www.cordobatimes.com\/showup\/wp-json\/wp\/v2\/users\/24"}],"replies":[{"embeddable":true,"href":"https:\/\/www.cordobatimes.com\/showup\/wp-json\/wp\/v2\/comments?post=104137"}],"version-history":[{"count":0,"href":"https:\/\/www.cordobatimes.com\/showup\/wp-json\/wp\/v2\/posts\/104137\/revisions"}],"wp:featuredmedia":[{"embeddable":true,"href":"https:\/\/www.cordobatimes.com\/showup\/wp-json\/wp\/v2\/media\/104140"}],"wp:attachment":[{"href":"https:\/\/www.cordobatimes.com\/showup\/wp-json\/wp\/v2\/media?parent=104137"}],"wp:term":[{"taxonomy":"category","embeddable":true,"href":"https:\/\/www.cordobatimes.com\/showup\/wp-json\/wp\/v2\/categories?post=104137"},{"taxonomy":"post_tag","embeddable":true,"href":"https:\/\/www.cordobatimes.com\/showup\/wp-json\/wp\/v2\/tags?post=104137"}],"curies":[{"name":"wp","href":"https:\/\/api.w.org\/{rel}","templated":true}]}}