{"id":104117,"date":"2025-11-15T08:57:45","date_gmt":"2025-11-15T11:57:45","guid":{"rendered":"https:\/\/www.cordobatimes.com\/showup\/?p=104117"},"modified":"2025-11-15T09:03:53","modified_gmt":"2025-11-15T12:03:53","slug":"la-china-suarez-hablo-sin-filtros-con-mario-pergolini-venganza-impulsividad-amistades-y-su-relacion-con-icardi","status":"publish","type":"post","link":"https:\/\/www.cordobatimes.com\/showup\/tv\/2025\/11\/15\/la-china-suarez-hablo-sin-filtros-con-mario-pergolini-venganza-impulsividad-amistades-y-su-relacion-con-icardi\/","title":{"rendered":"La China Su\u00e1rez habl\u00f3 sin filtros con Mario Pergolini: venganza, impulsividad, amistades y su relaci\u00f3n con Icardi"},"content":{"rendered":"<p data-start=\"235\" data-end=\"633\"><strong>La China Su\u00e1rez volvi\u00f3 a la televisi\u00f3n y lo hizo a lo grande: sentada frente a Mario Pergolini en <em data-start=\"333\" data-end=\"351\">Otro d\u00eda perdido<\/em>, en una de las entrevistas m\u00e1s fuertes y comentadas de noviembre. Acompa\u00f1ada por Mauro Icardi, la actriz se mostr\u00f3 directa, sincera y sin ning\u00fan inter\u00e9s en suavizar su personalidad.<\/strong><br data-start=\"533\" data-end=\"536\" \/><strong>La aparici\u00f3n marc\u00f3 picos de 7.9 puntos de rating, convirti\u00e9ndose en lo m\u00e1s visto de la noche.<\/strong><\/p>\n<h3 data-start=\"635\" data-end=\"677\"><strong data-start=\"639\" data-end=\"675\">\u201cDeber\u00eda empezar a vengarme m\u00e1s\u201d<\/strong><\/h3>\n<p data-start=\"678\" data-end=\"1042\">Uno de los momentos m\u00e1s filosos lleg\u00f3 cuando la China habl\u00f3 de su costado m\u00e1s visceral.<br data-start=\"765\" data-end=\"768\" \/>\u201c<strong data-start=\"769\" data-end=\"889\">Deber\u00eda empezar a vengarme m\u00e1s. Tengo ganas. En la vida real soy bastante vengativa, pero no de ir a rayarte un auto<\/strong>\u201d, reconoci\u00f3.<br data-start=\"902\" data-end=\"905\" \/>El comentario explot\u00f3 en redes, donde muchos celebraron su honestidad y otros la cuestionaron por hablar tan abiertamente de su car\u00e1cter.<\/p>\n<h3 data-start=\"1044\" data-end=\"1088\"><strong data-start=\"1048\" data-end=\"1086\">Impulsiva y letal con las palabras<\/strong><\/h3>\n<p data-start=\"1089\" data-end=\"1444\">En la misma l\u00ednea, Su\u00e1rez habl\u00f3 de su temperamento y c\u00f3mo suele reaccionar en situaciones de conflicto:<br data-start=\"1192\" data-end=\"1195\" \/>\u201c<strong data-start=\"1196\" data-end=\"1278\">Soy muy hiriente con las palabras. Digo cosas de las que despu\u00e9s me arrepiento<\/strong>\u201d, confes\u00f3.<br data-start=\"1289\" data-end=\"1292\" \/>Adem\u00e1s, sum\u00f3 una de las frases que m\u00e1s ruido hizo entre sus fans:<br data-start=\"1357\" data-end=\"1360\" \/>\u201c<strong data-start=\"1361\" data-end=\"1442\">Soy muy impulsiva. Mauro sabe que me tiene que sacar el tel\u00e9fono de las manos<\/strong>\u201d.<\/p>\n<h3 data-start=\"1446\" data-end=\"1485\"><strong data-start=\"1450\" data-end=\"1483\">Amistades, hate y cero filtro<\/strong><\/h3>\n<p data-start=\"1486\" data-end=\"1896\">Tambi\u00e9n hubo espacio para hablar del ambiente art\u00edstico y del hate, un tema que la viene atravesando desde hace a\u00f1os.<br data-start=\"1603\" data-end=\"1606\" \/>Fiel a su estilo, no dio vueltas:<br data-start=\"1639\" data-end=\"1642\" \/>\u201c<strong data-start=\"1643\" data-end=\"1694\">No me gustan los tibios, por eso tengo 5 amigos<\/strong>\u201d, afirm\u00f3, dejando claro que prefiere v\u00ednculos sinceros, directos y lejos de la correcci\u00f3n pol\u00edtica del medio.<br data-start=\"1804\" data-end=\"1807\" \/>La frase dispar\u00f3 an\u00e1lisis sobre su c\u00edrculo \u00edntimo y su forma de lidiar con la exposici\u00f3n.<\/p>\n<h3 data-start=\"1898\" data-end=\"1938\"><strong data-start=\"1902\" data-end=\"1936\">El cap\u00edtulo amoroso con Icardi<\/strong><\/h3>\n<p data-start=\"1939\" data-end=\"2272\">Por primera vez juntos en TV, la actriz habl\u00f3 de su relaci\u00f3n con Mauro Icardi con una frase que se convirti\u00f3 en titular al instante:<br data-start=\"2071\" data-end=\"2074\" \/>\u201c<strong data-start=\"2075\" data-end=\"2171\">Yo no me cas\u00e9, estuve a punto. Me ofrecieron matrimonio, pero se tiene que divorciar primero<\/strong>.\u201d<br data-start=\"2173\" data-end=\"2176\" \/>El comentario dej\u00f3 entrever que la relaci\u00f3n avanza, pero a\u00fan con pasos que dependen de terceros.<\/p>\n<h3 data-start=\"2274\" data-end=\"2319\"><strong data-start=\"2278\" data-end=\"2317\">Su nueva serie, un espejo emocional<\/strong><\/h3>\n<p data-start=\"2320\" data-end=\"2593\">La entrevista tambi\u00e9n funcion\u00f3 como adelanto de <em data-start=\"2368\" data-end=\"2415\">La hija del fuego: la venganza de la bastarda<\/em>, su pr\u00f3xima serie para Disney+.<br data-start=\"2447\" data-end=\"2450\" \/>Muchas de sus confesiones \u2014venganza, impulsividad, intensidad\u2014 parecen dialogar con su personaje \u201cClara\u201d, un rol cargado de emociones extremas.<\/p>\n<p data-start=\"2320\" data-end=\"2593\">\n<div style=\"width: 576px;\" class=\"wp-video\"><video class=\"wp-video-shortcode\" id=\"video-104117-1\" width=\"576\" height=\"1024\" preload=\"metadata\" controls=\"controls\"><source type=\"video\/mp4\" src=\"http:\/\/www.cordobatimes.com\/showup\/wp-content\/uploads\/2025\/11\/Download-5.mp4?_=1\" \/><a href=\"http:\/\/www.cordobatimes.com\/showup\/wp-content\/uploads\/2025\/11\/Download-5.mp4\">http:\/\/www.cordobatimes.com\/showup\/wp-content\/uploads\/2025\/11\/Download-5.mp4<\/a><\/video><\/div>\n<div style=\"width: 576px;\" class=\"wp-video\"><video class=\"wp-video-shortcode\" id=\"video-104117-2\" width=\"576\" height=\"1024\" preload=\"metadata\" controls=\"controls\"><source type=\"video\/mp4\" src=\"http:\/\/www.cordobatimes.com\/showup\/wp-content\/uploads\/2025\/11\/showuprevista-3.mp4?_=2\" \/><a href=\"http:\/\/www.cordobatimes.com\/showup\/wp-content\/uploads\/2025\/11\/showuprevista-3.mp4\">http:\/\/www.cordobatimes.com\/showup\/wp-content\/uploads\/2025\/11\/showuprevista-3.mp4<\/a><\/video><\/div>\n","protected":false},"excerpt":{"rendered":"<p>La China Su\u00e1rez volvi\u00f3 a la televisi\u00f3n y lo hizo a lo grande: sentada frente a Mario Pergolini en Otro d\u00eda perdido, en una de las entrevistas m\u00e1s fuertes y comentadas de noviembre. Acompa\u00f1ada por Mauro Icardi, la actriz se mostr\u00f3 directa, sincera y sin ning\u00fan inter\u00e9s en suavizar su personalidad.La aparici\u00f3n marc\u00f3 picos de [&hellip;]<\/p>\n","protected":false},"author":24,"featured_media":104120,"comment_status":"closed","ping_status":"closed","sticky":false,"template":"","format":"standard","meta":{"_seopress_robots_primary_cat":"none","_seopress_titles_title":"","_seopress_titles_desc":"","_seopress_robots_index":"","footnotes":""},"categories":[2],"tags":[40290,40291],"class_list":{"0":"post-104117","1":"post","2":"type-post","3":"status-publish","4":"format-standard","5":"has-post-thumbnail","7":"category-tv","8":"tag-china-suarez-mario-pergolini","9":"tag-entrevista-china-suarez-con-mario-pergolini"},"_links":{"self":[{"href":"https:\/\/www.cordobatimes.com\/showup\/wp-json\/wp\/v2\/posts\/104117","targetHints":{"allow":["GET"]}}],"collection":[{"href":"https:\/\/www.cordobatimes.com\/showup\/wp-json\/wp\/v2\/posts"}],"about":[{"href":"https:\/\/www.cordobatimes.com\/showup\/wp-json\/wp\/v2\/types\/post"}],"author":[{"embeddable":true,"href":"https:\/\/www.cordobatimes.com\/showup\/wp-json\/wp\/v2\/users\/24"}],"replies":[{"embeddable":true,"href":"https:\/\/www.cordobatimes.com\/showup\/wp-json\/wp\/v2\/comments?post=104117"}],"version-history":[{"count":0,"href":"https:\/\/www.cordobatimes.com\/showup\/wp-json\/wp\/v2\/posts\/104117\/revisions"}],"wp:featuredmedia":[{"embeddable":true,"href":"https:\/\/www.cordobatimes.com\/showup\/wp-json\/wp\/v2\/media\/104120"}],"wp:attachment":[{"href":"https:\/\/www.cordobatimes.com\/showup\/wp-json\/wp\/v2\/media?parent=104117"}],"wp:term":[{"taxonomy":"category","embeddable":true,"href":"https:\/\/www.cordobatimes.com\/showup\/wp-json\/wp\/v2\/categories?post=104117"},{"taxonomy":"post_tag","embeddable":true,"href":"https:\/\/www.cordobatimes.com\/showup\/wp-json\/wp\/v2\/tags?post=104117"}],"curies":[{"name":"wp","href":"https:\/\/api.w.org\/{rel}","templated":true}]}}