{"id":104098,"date":"2025-11-14T17:37:00","date_gmt":"2025-11-14T20:37:00","guid":{"rendered":"https:\/\/www.cordobatimes.com\/showup\/?p=104098"},"modified":"2025-11-14T17:37:01","modified_gmt":"2025-11-14T20:37:01","slug":"laura-pausini-y-yami-safdie-sorprenden-con-una-nueva-version-de-eso-y-mas","status":"publish","type":"post","link":"https:\/\/www.cordobatimes.com\/showup\/musica\/2025\/11\/14\/laura-pausini-y-yami-safdie-sorprenden-con-una-nueva-version-de-eso-y-mas\/","title":{"rendered":"Laura Pausini y Yami Safdie sorprenden con una nueva versi\u00f3n de \u201cEso y M\u00e1s\u201d"},"content":{"rendered":"<h3 data-start=\"176\" data-end=\"460\"><strong>Laura Pausini y Yami Safdie unieron sus voces para lanzar una emotiva y renovada versi\u00f3n de \u201cEso y M\u00e1s\u201d, el cl\u00e1sico compuesto por Joan Sebastian. El lanzamiento gener\u00f3 fuerte repercusi\u00f3n en redes y marca un momento importante tanto para la artista italiana como para la argentina.<\/strong><\/h3>\n<p data-start=\"462\" data-end=\"796\">La colaboraci\u00f3n formar\u00e1 parte del pr\u00f3ximo \u00e1lbum de Pausini, <strong data-start=\"522\" data-end=\"538\">\u201cYo Canto 2\u201d<\/strong>, previsto para los primeros meses de 2026. En este nuevo acercamiento al tema, ambas int\u00e9rpretes profundizan el mensaje de amor, nostalgia y conexi\u00f3n que atraviesa la canci\u00f3n, llevando la balada a un terreno m\u00e1s contempor\u00e1neo sin perder su esencia original.<\/p>\n<p data-start=\"798\" data-end=\"1013\">El tema sali\u00f3 acompa\u00f1ado de un videoclip que ya empez\u00f3 a circular con fuerza en plataformas, destac\u00e1ndose por la qu\u00edmica art\u00edstica entre las dos cantantes y por una est\u00e9tica \u00edntima que acompa\u00f1a la emoci\u00f3n del track.<\/p>\n<p data-start=\"1015\" data-end=\"1372\">La uni\u00f3n sorprendi\u00f3 a muchos fans: por un lado, <strong data-start=\"1063\" data-end=\"1074\">Pausini<\/strong>, una figura internacional consolidada; por el otro, <strong data-start=\"1127\" data-end=\"1137\">Safdie<\/strong>, una de las voces j\u00f3venes m\u00e1s resonantes de Argentina. La colaboraci\u00f3n no solo impulsa la proyecci\u00f3n de Yami a nivel global, sino que tambi\u00e9n pone en evidencia la capacidad de Pausini para reinventarse y tender puentes generacionales.<\/p>\n<p data-start=\"1374\" data-end=\"1522\">\u201cEso y M\u00e1s\u201d ya se posiciona como uno de los lanzamientos m\u00e1s comentados del mes y promete seguir creciendo en reproducciones y conversaci\u00f3n digital.<\/p>\n<p><iframe loading=\"lazy\" width=\"560\" height=\"315\" src=\"https:\/\/www.youtube.com\/embed\/Dh99bbJINO4?si=J1Quc6IoK3Lne7jh\" title=\"YouTube video player\" frameborder=\"0\" allow=\"accelerometer; autoplay; clipboard-write; encrypted-media; gyroscope; picture-in-picture; web-share\" referrerpolicy=\"strict-origin-when-cross-origin\" allowfullscreen><\/iframe><\/p>\n","protected":false},"excerpt":{"rendered":"<p>Laura Pausini y Yami Safdie unieron sus voces para lanzar una emotiva y renovada versi\u00f3n de \u201cEso y M\u00e1s\u201d, el cl\u00e1sico compuesto por Joan Sebastian. El lanzamiento gener\u00f3 fuerte repercusi\u00f3n en redes y marca un momento importante tanto para la artista italiana como para la argentina. La colaboraci\u00f3n formar\u00e1 parte del pr\u00f3ximo \u00e1lbum de Pausini, [&hellip;]<\/p>\n","protected":false},"author":24,"featured_media":104101,"comment_status":"closed","ping_status":"closed","sticky":false,"template":"","format":"standard","meta":{"_seopress_robots_primary_cat":"none","_seopress_titles_title":"","_seopress_titles_desc":"","_seopress_robots_index":"","footnotes":""},"categories":[5],"tags":[40282,40283],"class_list":{"0":"post-104098","1":"post","2":"type-post","3":"status-publish","4":"format-standard","5":"has-post-thumbnail","7":"category-musica","8":"tag-laura-pausini-y-yami-safdie","9":"tag-laura-pausini-y-yami-safdie-eso-y-mas"},"_links":{"self":[{"href":"https:\/\/www.cordobatimes.com\/showup\/wp-json\/wp\/v2\/posts\/104098","targetHints":{"allow":["GET"]}}],"collection":[{"href":"https:\/\/www.cordobatimes.com\/showup\/wp-json\/wp\/v2\/posts"}],"about":[{"href":"https:\/\/www.cordobatimes.com\/showup\/wp-json\/wp\/v2\/types\/post"}],"author":[{"embeddable":true,"href":"https:\/\/www.cordobatimes.com\/showup\/wp-json\/wp\/v2\/users\/24"}],"replies":[{"embeddable":true,"href":"https:\/\/www.cordobatimes.com\/showup\/wp-json\/wp\/v2\/comments?post=104098"}],"version-history":[{"count":0,"href":"https:\/\/www.cordobatimes.com\/showup\/wp-json\/wp\/v2\/posts\/104098\/revisions"}],"wp:featuredmedia":[{"embeddable":true,"href":"https:\/\/www.cordobatimes.com\/showup\/wp-json\/wp\/v2\/media\/104101"}],"wp:attachment":[{"href":"https:\/\/www.cordobatimes.com\/showup\/wp-json\/wp\/v2\/media?parent=104098"}],"wp:term":[{"taxonomy":"category","embeddable":true,"href":"https:\/\/www.cordobatimes.com\/showup\/wp-json\/wp\/v2\/categories?post=104098"},{"taxonomy":"post_tag","embeddable":true,"href":"https:\/\/www.cordobatimes.com\/showup\/wp-json\/wp\/v2\/tags?post=104098"}],"curies":[{"name":"wp","href":"https:\/\/api.w.org\/{rel}","templated":true}]}}