{"id":104089,"date":"2025-11-14T12:54:13","date_gmt":"2025-11-14T15:54:13","guid":{"rendered":"https:\/\/www.cordobatimes.com\/showup\/?p=104089"},"modified":"2025-11-14T12:54:13","modified_gmt":"2025-11-14T15:54:13","slug":"millie-bobby-brown-le-respondio-a-un-fotografo-en-la-alfombra-roja-sonreir-sonrei-vos","status":"publish","type":"post","link":"https:\/\/www.cordobatimes.com\/showup\/famosos\/2025\/11\/14\/millie-bobby-brown-le-respondio-a-un-fotografo-en-la-alfombra-roja-sonreir-sonrei-vos\/","title":{"rendered":"Millie Bobby Brown le respondi\u00f3 a un fot\u00f3grafo en la alfombra roja: \u201c\u00bfSonre\u00edr? \u00a1Sonre\u00ed vos!\u201d"},"content":{"rendered":"<h3 data-start=\"146\" data-end=\"431\"><strong>Durante el estreno en el Reino Unido de <em data-start=\"186\" data-end=\"205\">Stranger Things 5<\/em>, Millie Bobby Brown protagoniz\u00f3 un momento que r\u00e1pidamente comenz\u00f3 a viralizarse. Mientras posaba para las c\u00e1maras, uno de los fot\u00f3grafos le pidi\u00f3 que sonriera\u2026 y la actriz no dud\u00f3 en contestarle: \u201c\u00bfSonre\u00edr? \u00a1Sonre\u00ed vos!\u201d<\/strong><\/h3>\n<p data-start=\"433\" data-end=\"646\">La respuesta, dicha con humor pero tambi\u00e9n con firmeza, gener\u00f3 risas entre los presentes y aplausos en redes sociales, donde muchos destacaron que Millie ya no deja pasar comentarios innecesarios mientras trabaja.<\/p>\n<p data-start=\"648\" data-end=\"798\">El estreno reuni\u00f3 al elenco completo para presentar la esperada quinta temporada de la serie de Netflix, una de las m\u00e1s populares de la \u00faltima d\u00e9cada.<\/p>\n<div style=\"width: 480px;\" class=\"wp-video\"><video class=\"wp-video-shortcode\" id=\"video-104089-1\" width=\"480\" height=\"600\" preload=\"metadata\" controls=\"controls\"><source type=\"video\/mp4\" src=\"http:\/\/www.cordobatimes.com\/showup\/wp-content\/uploads\/2025\/11\/ssstwitter.com_1763135102683.mp4?_=1\" \/><a href=\"http:\/\/www.cordobatimes.com\/showup\/wp-content\/uploads\/2025\/11\/ssstwitter.com_1763135102683.mp4\">http:\/\/www.cordobatimes.com\/showup\/wp-content\/uploads\/2025\/11\/ssstwitter.com_1763135102683.mp4<\/a><\/video><\/div>\n","protected":false},"excerpt":{"rendered":"<p>Durante el estreno en el Reino Unido de Stranger Things 5, Millie Bobby Brown protagoniz\u00f3 un momento que r\u00e1pidamente comenz\u00f3 a viralizarse. Mientras posaba para las c\u00e1maras, uno de los fot\u00f3grafos le pidi\u00f3 que sonriera\u2026 y la actriz no dud\u00f3 en contestarle: \u201c\u00bfSonre\u00edr? \u00a1Sonre\u00ed vos!\u201d La respuesta, dicha con humor pero tambi\u00e9n con firmeza, gener\u00f3 [&hellip;]<\/p>\n","protected":false},"author":24,"featured_media":104093,"comment_status":"closed","ping_status":"closed","sticky":false,"template":"","format":"standard","meta":{"_seopress_robots_primary_cat":"none","_seopress_titles_title":"","_seopress_titles_desc":"","_seopress_robots_index":"","footnotes":""},"categories":[4],"tags":[40279,40280,40281],"class_list":{"0":"post-104089","1":"post","2":"type-post","3":"status-publish","4":"format-standard","5":"has-post-thumbnail","7":"category-famosos","10":"tag-millie-bobby-brown-fotografo-sonrisa"},"_links":{"self":[{"href":"https:\/\/www.cordobatimes.com\/showup\/wp-json\/wp\/v2\/posts\/104089","targetHints":{"allow":["GET"]}}],"collection":[{"href":"https:\/\/www.cordobatimes.com\/showup\/wp-json\/wp\/v2\/posts"}],"about":[{"href":"https:\/\/www.cordobatimes.com\/showup\/wp-json\/wp\/v2\/types\/post"}],"author":[{"embeddable":true,"href":"https:\/\/www.cordobatimes.com\/showup\/wp-json\/wp\/v2\/users\/24"}],"replies":[{"embeddable":true,"href":"https:\/\/www.cordobatimes.com\/showup\/wp-json\/wp\/v2\/comments?post=104089"}],"version-history":[{"count":0,"href":"https:\/\/www.cordobatimes.com\/showup\/wp-json\/wp\/v2\/posts\/104089\/revisions"}],"wp:featuredmedia":[{"embeddable":true,"href":"https:\/\/www.cordobatimes.com\/showup\/wp-json\/wp\/v2\/media\/104093"}],"wp:attachment":[{"href":"https:\/\/www.cordobatimes.com\/showup\/wp-json\/wp\/v2\/media?parent=104089"}],"wp:term":[{"taxonomy":"category","embeddable":true,"href":"https:\/\/www.cordobatimes.com\/showup\/wp-json\/wp\/v2\/categories?post=104089"},{"taxonomy":"post_tag","embeddable":true,"href":"https:\/\/www.cordobatimes.com\/showup\/wp-json\/wp\/v2\/tags?post=104089"}],"curies":[{"name":"wp","href":"https:\/\/api.w.org\/{rel}","templated":true}]}}