{"id":104072,"date":"2025-11-14T10:22:42","date_gmt":"2025-11-14T13:22:42","guid":{"rendered":"https:\/\/www.cordobatimes.com\/showup\/?p=104072"},"modified":"2025-11-14T10:22:42","modified_gmt":"2025-11-14T13:22:42","slug":"ca7riel-paco-amoroso-celebran-una-noche-historica-cinco-latin-grammy-que-consagran-su-impacto-en-la-musica","status":"publish","type":"post","link":"https:\/\/www.cordobatimes.com\/showup\/musica\/2025\/11\/14\/ca7riel-paco-amoroso-celebran-una-noche-historica-cinco-latin-grammy-que-consagran-su-impacto-en-la-musica\/","title":{"rendered":"Ca7riel &#038; Paco Amoroso celebran una noche hist\u00f3rica: cinco Latin Grammy que consagran su impacto en la m\u00fasica"},"content":{"rendered":"<h3 data-start=\"226\" data-end=\"474\"><strong>Ca7riel y Paco Amoroso vivieron una de las noches m\u00e1s importantes de su carrera al consagrarse con cinco Latin Grammy, un logro que los posiciona como una de las duplas m\u00e1s influyentes y revolucionarias de la m\u00fasica argentina y latinoamericana.<\/strong><\/h3>\n<p data-start=\"476\" data-end=\"707\">Con un estilo que combina electr\u00f3nica, pop, experimentaci\u00f3n y cultura urbana, el d\u00fao volvi\u00f3 a romper esquemas en la edici\u00f3n 2025 de los premios, donde su propuesta art\u00edstica se llev\u00f3 el reconocimiento de la industria y del p\u00fablico.<\/p>\n<p data-start=\"709\" data-end=\"1043\">Entre sus premios se destac\u00f3 <strong data-start=\"738\" data-end=\"775\">Mejor Video Musical Versi\u00f3n Corta<\/strong> por <em data-start=\"780\" data-end=\"787\">TETAS<\/em>, <strong data-start=\"789\" data-end=\"826\">Mejor Video Musical Versi\u00f3n Larga<\/strong> por <em data-start=\"831\" data-end=\"839\">Papota<\/em>, y <strong data-start=\"843\" data-end=\"864\">Mejor Canci\u00f3n Pop<\/strong> por <em data-start=\"869\" data-end=\"887\">El d\u00eda del amigo<\/em>, uno de sus lanzamientos m\u00e1s celebrados del a\u00f1o. Cada triunfo confirm\u00f3 el impacto creativo y la narrativa visual que vienen construyendo con fuerza propia.<\/p>\n<p data-start=\"1045\" data-end=\"1360\">La dupla recibi\u00f3 los galardones con su sello habitual: frescura, irreverencia y una est\u00e9tica que combina autenticidad con riesgo, reafirmando que su arte no responde a moldes. Su presencia en los Latin Grammy 2025 no solo marc\u00f3 un hito personal, sino tambi\u00e9n un momento clave para la m\u00fasica argentina contempor\u00e1nea.<\/p>\n<p data-start=\"1362\" data-end=\"1561\">Con cinco gram\u00f3fonos en mano y una proyecci\u00f3n internacional cada vez m\u00e1s s\u00f3lida, Ca7riel y Paco Amoroso cierran un cap\u00edtulo inolvidable y abren otro donde su creatividad promete seguir sorprendiendo.<\/p>\n<div style=\"width: 480px;\" class=\"wp-video\"><video class=\"wp-video-shortcode\" id=\"video-104072-1\" width=\"480\" height=\"852\" preload=\"metadata\" controls=\"controls\"><source type=\"video\/mp4\" src=\"http:\/\/www.cordobatimes.com\/showup\/wp-content\/uploads\/2025\/11\/ssstwitter.com_1763126384314.mp4?_=1\" \/><a href=\"http:\/\/www.cordobatimes.com\/showup\/wp-content\/uploads\/2025\/11\/ssstwitter.com_1763126384314.mp4\">http:\/\/www.cordobatimes.com\/showup\/wp-content\/uploads\/2025\/11\/ssstwitter.com_1763126384314.mp4<\/a><\/video><\/div>\n","protected":false},"excerpt":{"rendered":"<p>Ca7riel y Paco Amoroso vivieron una de las noches m\u00e1s importantes de su carrera al consagrarse con cinco Latin Grammy, un logro que los posiciona como una de las duplas m\u00e1s influyentes y revolucionarias de la m\u00fasica argentina y latinoamericana. Con un estilo que combina electr\u00f3nica, pop, experimentaci\u00f3n y cultura urbana, el d\u00fao volvi\u00f3 a [&hellip;]<\/p>\n","protected":false},"author":24,"featured_media":104075,"comment_status":"closed","ping_status":"closed","sticky":false,"template":"","format":"standard","meta":{"_seopress_robots_primary_cat":"none","_seopress_titles_title":"","_seopress_titles_desc":"","_seopress_robots_index":"","footnotes":""},"categories":[5],"tags":[40259,40272,40260],"class_list":{"0":"post-104072","1":"post","2":"type-post","3":"status-publish","4":"format-standard","5":"has-post-thumbnail","7":"category-musica","8":"tag-ca7riel-y-paco-amoroso","9":"tag-ca7riel-y-paco-amoroso-cinco-latin-grammy","10":"tag-ca7riel-y-paco-amoroso-latin-grammy"},"_links":{"self":[{"href":"https:\/\/www.cordobatimes.com\/showup\/wp-json\/wp\/v2\/posts\/104072","targetHints":{"allow":["GET"]}}],"collection":[{"href":"https:\/\/www.cordobatimes.com\/showup\/wp-json\/wp\/v2\/posts"}],"about":[{"href":"https:\/\/www.cordobatimes.com\/showup\/wp-json\/wp\/v2\/types\/post"}],"author":[{"embeddable":true,"href":"https:\/\/www.cordobatimes.com\/showup\/wp-json\/wp\/v2\/users\/24"}],"replies":[{"embeddable":true,"href":"https:\/\/www.cordobatimes.com\/showup\/wp-json\/wp\/v2\/comments?post=104072"}],"version-history":[{"count":0,"href":"https:\/\/www.cordobatimes.com\/showup\/wp-json\/wp\/v2\/posts\/104072\/revisions"}],"wp:featuredmedia":[{"embeddable":true,"href":"https:\/\/www.cordobatimes.com\/showup\/wp-json\/wp\/v2\/media\/104075"}],"wp:attachment":[{"href":"https:\/\/www.cordobatimes.com\/showup\/wp-json\/wp\/v2\/media?parent=104072"}],"wp:term":[{"taxonomy":"category","embeddable":true,"href":"https:\/\/www.cordobatimes.com\/showup\/wp-json\/wp\/v2\/categories?post=104072"},{"taxonomy":"post_tag","embeddable":true,"href":"https:\/\/www.cordobatimes.com\/showup\/wp-json\/wp\/v2\/tags?post=104072"}],"curies":[{"name":"wp","href":"https:\/\/api.w.org\/{rel}","templated":true}]}}