{"id":104051,"date":"2025-11-13T23:15:23","date_gmt":"2025-11-14T02:15:23","guid":{"rendered":"https:\/\/www.cordobatimes.com\/showup\/?p=104051"},"modified":"2025-11-13T23:15:23","modified_gmt":"2025-11-14T02:15:23","slug":"ca7riel-paco-amoroso-arrasan-en-los-latin-grammy-tres-premios-para-la-historia","status":"publish","type":"post","link":"https:\/\/www.cordobatimes.com\/showup\/musica\/2025\/11\/13\/ca7riel-paco-amoroso-arrasan-en-los-latin-grammy-tres-premios-para-la-historia\/","title":{"rendered":"Ca7riel &#038; Paco Amoroso arrasan en los Latin Grammy: tres premios para la historia"},"content":{"rendered":"<p data-start=\"203\" data-end=\"559\"><strong>Ca7riel &amp; Paco Amoroso hicieron historia en la m\u00fasica argentina al conquistar tres Latin Grammy en una noche que marc\u00f3 un antes y un despu\u00e9s para el d\u00fao m\u00e1s disruptivo de la escena local. Con un estilo \u00fanico que mezcla funk, pop, electr\u00f3nica y un fuerte sello art\u00edstico, los argentinos se llevaron algunos de los premios m\u00e1s destacados de la ceremonia.<\/strong><\/p>\n<h3 data-start=\"561\" data-end=\"606\"><strong data-start=\"565\" data-end=\"606\">Los tres Latin Grammy que se llevaron<\/strong><\/h3>\n<p data-start=\"607\" data-end=\"828\">\u2714\ufe0f <strong data-start=\"610\" data-end=\"648\">Mejor Video Musical Versi\u00f3n Corta:<\/strong> <em data-start=\"649\" data-end=\"658\">\u201cTETAS\u201d<\/em><br data-start=\"658\" data-end=\"661\" \/>Un videoclip explosivo, provocador y con identidad propia. Con su est\u00e9tica cruda y su mensaje directo, <em data-start=\"764\" data-end=\"771\">TETAS<\/em> se convirti\u00f3 en uno de los clips m\u00e1s comentados del a\u00f1o.<\/p>\n<p data-start=\"830\" data-end=\"1098\">\u2714\ufe0f <strong data-start=\"833\" data-end=\"871\">Mejor Video Musical Versi\u00f3n Larga:<\/strong> <em data-start=\"872\" data-end=\"882\">\u201cPAPOTA\u201d<\/em><br data-start=\"882\" data-end=\"885\" \/>El proyecto audiovisual que acompa\u00f1a su \u00e1lbum fue reconocido por su narrativa, originalidad y la manera en la que eleva la experiencia musical. Una pieza art\u00edstica integral que reafirma la visi\u00f3n est\u00e9tica del d\u00fao.<\/p>\n<p data-start=\"1100\" data-end=\"1307\">\u2714\ufe0f <strong data-start=\"1103\" data-end=\"1125\">Mejor Canci\u00f3n Pop:<\/strong> <em data-start=\"1126\" data-end=\"1146\">\u201cEl d\u00eda del amigo\u201d<\/em><br data-start=\"1146\" data-end=\"1149\" \/>Un himno moderno sobre la amistad, cargado de sensibilidad y producci\u00f3n impecable. La canci\u00f3n se impuso en una de las categor\u00edas m\u00e1s competitivas de la noche.<\/p>\n<hr data-start=\"1309\" data-end=\"1312\" \/>\n<h3 data-start=\"1314\" data-end=\"1352\"><strong data-start=\"1318\" data-end=\"1352\">Un triunfo que marca tendencia<\/strong><\/h3>\n<p data-start=\"1353\" data-end=\"1580\">La victoria de Ca7riel y Paco Amoroso no solo celebra su creatividad, sino que tambi\u00e9n consolida a la m\u00fasica argentina en un escenario global. Su propuesta desaf\u00eda g\u00e9neros, rompe estructuras y conecta con p\u00fablicos muy diversos.<\/p>\n<p data-start=\"1582\" data-end=\"1739\">El reconocimiento de la Academia Latina de la Grabaci\u00f3n confirma que el d\u00fao est\u00e1 en su mejor momento: audaz, original y con un futuro todav\u00eda m\u00e1s prometedor.<\/p>\n<div style=\"width: 576px;\" class=\"wp-video\"><video class=\"wp-video-shortcode\" id=\"video-104051-1\" width=\"576\" height=\"1024\" preload=\"metadata\" controls=\"controls\"><source type=\"video\/mp4\" src=\"http:\/\/www.cordobatimes.com\/showup\/wp-content\/uploads\/2025\/11\/aa33dc7d9c548329f7c6e12457715150.mp4?_=1\" \/><a href=\"http:\/\/www.cordobatimes.com\/showup\/wp-content\/uploads\/2025\/11\/aa33dc7d9c548329f7c6e12457715150.mp4\">http:\/\/www.cordobatimes.com\/showup\/wp-content\/uploads\/2025\/11\/aa33dc7d9c548329f7c6e12457715150.mp4<\/a><\/video><\/div>\n","protected":false},"excerpt":{"rendered":"<p>Ca7riel &amp; Paco Amoroso hicieron historia en la m\u00fasica argentina al conquistar tres Latin Grammy en una noche que marc\u00f3 un antes y un despu\u00e9s para el d\u00fao m\u00e1s disruptivo de la escena local. Con un estilo \u00fanico que mezcla funk, pop, electr\u00f3nica y un fuerte sello art\u00edstico, los argentinos se llevaron algunos de los [&hellip;]<\/p>\n","protected":false},"author":24,"featured_media":104055,"comment_status":"closed","ping_status":"closed","sticky":false,"template":"","format":"standard","meta":{"_seopress_robots_primary_cat":"none","_seopress_titles_title":"","_seopress_titles_desc":"","_seopress_robots_index":"","footnotes":""},"categories":[5],"tags":[40259,40260,40117],"class_list":{"0":"post-104051","1":"post","2":"type-post","3":"status-publish","4":"format-standard","5":"has-post-thumbnail","7":"category-musica","8":"tag-ca7riel-y-paco-amoroso","9":"tag-ca7riel-y-paco-amoroso-latin-grammy","10":"tag-latin-grammy-2025"},"_links":{"self":[{"href":"https:\/\/www.cordobatimes.com\/showup\/wp-json\/wp\/v2\/posts\/104051","targetHints":{"allow":["GET"]}}],"collection":[{"href":"https:\/\/www.cordobatimes.com\/showup\/wp-json\/wp\/v2\/posts"}],"about":[{"href":"https:\/\/www.cordobatimes.com\/showup\/wp-json\/wp\/v2\/types\/post"}],"author":[{"embeddable":true,"href":"https:\/\/www.cordobatimes.com\/showup\/wp-json\/wp\/v2\/users\/24"}],"replies":[{"embeddable":true,"href":"https:\/\/www.cordobatimes.com\/showup\/wp-json\/wp\/v2\/comments?post=104051"}],"version-history":[{"count":0,"href":"https:\/\/www.cordobatimes.com\/showup\/wp-json\/wp\/v2\/posts\/104051\/revisions"}],"wp:featuredmedia":[{"embeddable":true,"href":"https:\/\/www.cordobatimes.com\/showup\/wp-json\/wp\/v2\/media\/104055"}],"wp:attachment":[{"href":"https:\/\/www.cordobatimes.com\/showup\/wp-json\/wp\/v2\/media?parent=104051"}],"wp:term":[{"taxonomy":"category","embeddable":true,"href":"https:\/\/www.cordobatimes.com\/showup\/wp-json\/wp\/v2\/categories?post=104051"},{"taxonomy":"post_tag","embeddable":true,"href":"https:\/\/www.cordobatimes.com\/showup\/wp-json\/wp\/v2\/tags?post=104051"}],"curies":[{"name":"wp","href":"https:\/\/api.w.org\/{rel}","templated":true}]}}