{"id":104026,"date":"2025-11-13T17:03:31","date_gmt":"2025-11-13T20:03:31","guid":{"rendered":"https:\/\/www.cordobatimes.com\/showup\/?p=104026"},"modified":"2025-11-13T17:06:13","modified_gmt":"2025-11-13T20:06:13","slug":"maria-becerra-fue-elegida-mejor-cantante-del-ano-pormaria-becerra","status":"publish","type":"post","link":"https:\/\/www.cordobatimes.com\/showup\/musica\/2025\/11\/13\/maria-becerra-fue-elegida-mejor-cantante-del-ano-pormaria-becerra\/","title":{"rendered":"Mar\u00eda Becerra fue elegida \u201cMejor Cantante del A\u00f1o\u201d porMar\u00eda Becerra"},"content":{"rendered":"<h3 data-start=\"143\" data-end=\"446\"><strong>Mar\u00eda Becerra contin\u00faa brillando en su gira internacional y sumando reconocimientos. En su paso por Espa\u00f1a, la artista argentina fue distinguida por la revista <em data-start=\"311\" data-end=\"320\">Glamour<\/em> como la \u201cMejor Cantante del A\u00f1o\u201d, un galard\u00f3n que celebra su impacto global y su gran crecimiento en la escena musical.<\/strong><\/h3>\n<p data-start=\"448\" data-end=\"703\">Durante la ceremonia, Mar\u00eda agradeci\u00f3 emocionada el premio y destac\u00f3 el apoyo de sus fans alrededor del mundo. La cantante, que se encuentra en plena gira promocional, tambi\u00e9n adelant\u00f3 que prepara nueva m\u00fasica y colaboraciones internacionales para 2026.<\/p>\n<p data-start=\"705\" data-end=\"871\">Con este nuevo reconocimiento, Becerra consolida su lugar como una de las artistas latinas m\u00e1s importantes del momento, llevando la bandera argentina a lo m\u00e1s alto.<\/p>\n<div style=\"width: 576px;\" class=\"wp-video\"><video class=\"wp-video-shortcode\" id=\"video-104026-1\" width=\"576\" height=\"1024\" preload=\"metadata\" controls=\"controls\"><source type=\"video\/mp4\" src=\"http:\/\/www.cordobatimes.com\/showup\/wp-content\/uploads\/2025\/11\/Download-4.mp4?_=1\" \/><a href=\"http:\/\/www.cordobatimes.com\/showup\/wp-content\/uploads\/2025\/11\/Download-4.mp4\">http:\/\/www.cordobatimes.com\/showup\/wp-content\/uploads\/2025\/11\/Download-4.mp4<\/a><\/video><\/div>\n","protected":false},"excerpt":{"rendered":"<p>Mar\u00eda Becerra contin\u00faa brillando en su gira internacional y sumando reconocimientos. En su paso por Espa\u00f1a, la artista argentina fue distinguida por la revista Glamour como la \u201cMejor Cantante del A\u00f1o\u201d, un galard\u00f3n que celebra su impacto global y su gran crecimiento en la escena musical. Durante la ceremonia, Mar\u00eda agradeci\u00f3 emocionada el premio y [&hellip;]<\/p>\n","protected":false},"author":24,"featured_media":104030,"comment_status":"closed","ping_status":"closed","sticky":false,"template":"","format":"standard","meta":{"_seopress_robots_primary_cat":"none","_seopress_titles_title":"","_seopress_titles_desc":"","_seopress_robots_index":"","footnotes":""},"categories":[12967,5],"tags":[40255,40254],"class_list":{"0":"post-104026","1":"post","2":"type-post","3":"status-publish","4":"format-standard","5":"has-post-thumbnail","7":"category-destacada","8":"category-musica","9":"tag-maria-becerra-maria-becerra","10":"tag-maria-becerra-mejor-cantante-del-ano"},"_links":{"self":[{"href":"https:\/\/www.cordobatimes.com\/showup\/wp-json\/wp\/v2\/posts\/104026","targetHints":{"allow":["GET"]}}],"collection":[{"href":"https:\/\/www.cordobatimes.com\/showup\/wp-json\/wp\/v2\/posts"}],"about":[{"href":"https:\/\/www.cordobatimes.com\/showup\/wp-json\/wp\/v2\/types\/post"}],"author":[{"embeddable":true,"href":"https:\/\/www.cordobatimes.com\/showup\/wp-json\/wp\/v2\/users\/24"}],"replies":[{"embeddable":true,"href":"https:\/\/www.cordobatimes.com\/showup\/wp-json\/wp\/v2\/comments?post=104026"}],"version-history":[{"count":0,"href":"https:\/\/www.cordobatimes.com\/showup\/wp-json\/wp\/v2\/posts\/104026\/revisions"}],"wp:featuredmedia":[{"embeddable":true,"href":"https:\/\/www.cordobatimes.com\/showup\/wp-json\/wp\/v2\/media\/104030"}],"wp:attachment":[{"href":"https:\/\/www.cordobatimes.com\/showup\/wp-json\/wp\/v2\/media?parent=104026"}],"wp:term":[{"taxonomy":"category","embeddable":true,"href":"https:\/\/www.cordobatimes.com\/showup\/wp-json\/wp\/v2\/categories?post=104026"},{"taxonomy":"post_tag","embeddable":true,"href":"https:\/\/www.cordobatimes.com\/showup\/wp-json\/wp\/v2\/tags?post=104026"}],"curies":[{"name":"wp","href":"https:\/\/api.w.org\/{rel}","templated":true}]}}