{"id":104004,"date":"2025-11-13T12:27:58","date_gmt":"2025-11-13T15:27:58","guid":{"rendered":"https:\/\/www.cordobatimes.com\/showup\/?p=104004"},"modified":"2025-11-13T12:27:59","modified_gmt":"2025-11-13T15:27:59","slug":"tendencia-2025-el-quiet-luxury-se-mezcla-con-el-brillo-festivo-para-las-fiestas","status":"publish","type":"post","link":"https:\/\/www.cordobatimes.com\/showup\/moda-y-estilos\/2025\/11\/13\/tendencia-2025-el-quiet-luxury-se-mezcla-con-el-brillo-festivo-para-las-fiestas\/","title":{"rendered":"Tendencia 2025: el \u201cquiet luxury\u201d se mezcla con el brillo festivo para las fiestas"},"content":{"rendered":"<h3 data-start=\"224\" data-end=\"311\"><strong>Elegancia silenciosa, glamour sutil y un toque de luz: as\u00ed se viste el fin de a\u00f1o<\/strong><\/h3>\n<p data-start=\"313\" data-end=\"717\">La moda de fin de a\u00f1o 2025 llega con una propuesta que equilibra lo cl\u00e1sico y lo moderno: el <strong data-start=\"406\" data-end=\"424\">\u201cquiet luxury\u201d<\/strong>, o lujo silencioso, se fusiona con el <strong data-start=\"463\" data-end=\"481\">brillo festivo<\/strong> que marca la temporada. Esta tendencia \u2014que arras\u00f3 en pasarelas y redes\u2014 redefine el concepto de sofisticaci\u00f3n, mezclando <strong data-start=\"604\" data-end=\"664\">texturas refinadas, colores neutros y detalles luminosos<\/strong> que elevan cualquier look sin caer en los excesos.<\/p>\n<h3 data-start=\"719\" data-end=\"750\"><strong>Minimalismo con destellos<\/strong><\/h3>\n<p data-start=\"751\" data-end=\"1034\">Atr\u00e1s quedaron las explosiones de color del <em data-start=\"795\" data-end=\"807\">Barbiecore<\/em> y el maximalismo del estilo Y2K. Ahora la apuesta es m\u00e1s discreta, pero no menos impactante: tonos como <strong data-start=\"912\" data-end=\"957\">blanco, marfil, arena, gris perla o negro<\/strong> dominan la paleta, acompa\u00f1ados por <strong data-start=\"993\" data-end=\"1031\">toques met\u00e1licos en plata o dorado<\/strong>.<\/p>\n<p data-start=\"1036\" data-end=\"1379\">Las firmas internacionales como <strong data-start=\"1068\" data-end=\"1101\">The Row, Max Mara y Valentino<\/strong> marcaron el rumbo con dise\u00f1os donde el brillo aparece en dosis justas: un hilo de lurex, una cartera satinada o una joya que atrapa la luz. En Argentina, <strong data-start=\"1256\" data-end=\"1282\">Cher, Kosiuko y Mishka<\/strong> ya sumaron esta est\u00e9tica en sus colecciones de fiestas 2025, combinando elegancia y comodidad.<\/p>\n<h3 data-start=\"1381\" data-end=\"1411\"><strong>C\u00f3mo llevar la tendencia<\/strong><\/h3>\n<p data-start=\"1412\" data-end=\"1446\">El secreto est\u00e1 en los detalles:<\/p>\n<ul data-start=\"1447\" data-end=\"1760\">\n<li data-start=\"1447\" data-end=\"1515\">\n<p data-start=\"1449\" data-end=\"1515\">Un <strong data-start=\"1452\" data-end=\"1471\">vestido lencero<\/strong> en tono neutro con sandalias metalizadas.<\/p>\n<\/li>\n<li data-start=\"1516\" data-end=\"1572\">\n<p data-start=\"1518\" data-end=\"1572\">Un <strong data-start=\"1521\" data-end=\"1544\">blazer estructurado<\/strong> sobre una falda satinada.<\/p>\n<\/li>\n<li data-start=\"1573\" data-end=\"1626\">\n<p data-start=\"1575\" data-end=\"1626\">Un <strong data-start=\"1578\" data-end=\"1598\">clutch brillante<\/strong> o una joya dorada simple.<\/p>\n<\/li>\n<li data-start=\"1627\" data-end=\"1760\">\n<p data-start=\"1629\" data-end=\"1760\">En maquillaje, <strong data-start=\"1644\" data-end=\"1677\">piel luminosa y labios cereza<\/strong>; para ellos, <strong data-start=\"1691\" data-end=\"1730\">camisas con textura y tonos sobrios<\/strong> como champagne o gris humo.<\/p>\n<\/li>\n<\/ul>\n<h3 data-start=\"1762\" data-end=\"1788\"><strong>Lujo sin ostentaci\u00f3n<\/strong><\/h3>\n<p data-start=\"1789\" data-end=\"2056\">El \u201cquiet luxury\u201d propone una nueva manera de entender la elegancia: <strong data-start=\"1858\" data-end=\"1929\">no se trata de mostrar marcas, sino de transmitir calidad y actitud<\/strong>. Su versi\u00f3n festiva permite abrazar el esp\u00edritu de las celebraciones con sutileza, sin perder sofisticaci\u00f3n ni autenticidad.<\/p>\n<h3 data-start=\"2058\" data-end=\"2094\"><strong>El cierre perfecto para el a\u00f1o<\/strong><\/h3>\n<p data-start=\"2095\" data-end=\"2374\">Este diciembre, el estilo que dominar\u00e1 las fiestas ser\u00e1 el del <strong data-start=\"2158\" data-end=\"2177\">brillo elegante<\/strong>: prendas que reflejan la luz con discreci\u00f3n, combinando la calma del lujo silencioso con el entusiasmo de la temporada.<br data-start=\"2297\" data-end=\"2300\" \/>Una tendencia que invita a brillar, s\u00ed, pero <strong data-start=\"2345\" data-end=\"2371\">con clase y equilibrio<\/strong>.<\/p>\n<p data-start=\"2095\" data-end=\"2374\"><img alt=\"\" loading=\"lazy\" decoding=\"async\" class=\"alignnone wp-image-104008 size-full\" src=\"http:\/\/www.cordobatimes.com\/showup\/wp-content\/uploads\/2025\/11\/Pantallazo-13-11-2025-12.19.07.jpg\" alt=\"\" width=\"571\" height=\"831\" srcset=\"https:\/\/www.cordobatimes.com\/showup\/wp-content\/uploads\/2025\/11\/Pantallazo-13-11-2025-12.19.07.jpg 571w, https:\/\/www.cordobatimes.com\/showup\/wp-content\/uploads\/2025\/11\/Pantallazo-13-11-2025-12.19.07-289x420.jpg 289w, https:\/\/www.cordobatimes.com\/showup\/wp-content\/uploads\/2025\/11\/Pantallazo-13-11-2025-12.19.07-150x218.jpg 150w, https:\/\/www.cordobatimes.com\/showup\/wp-content\/uploads\/2025\/11\/Pantallazo-13-11-2025-12.19.07-300x437.jpg 300w\" sizes=\"auto, (max-width: 571px) 100vw, 571px\" \/><\/p>\n<p data-start=\"2095\" data-end=\"2374\"><img alt=\"\" loading=\"lazy\" decoding=\"async\" class=\"alignnone wp-image-104009 size-full\" src=\"http:\/\/www.cordobatimes.com\/showup\/wp-content\/uploads\/2025\/11\/descarga-5-1.jpeg\" alt=\"\" width=\"736\" height=\"1104\" srcset=\"https:\/\/www.cordobatimes.com\/showup\/wp-content\/uploads\/2025\/11\/descarga-5-1.jpeg 736w, https:\/\/www.cordobatimes.com\/showup\/wp-content\/uploads\/2025\/11\/descarga-5-1-280x420.jpeg 280w, https:\/\/www.cordobatimes.com\/showup\/wp-content\/uploads\/2025\/11\/descarga-5-1-683x1024.jpeg 683w, https:\/\/www.cordobatimes.com\/showup\/wp-content\/uploads\/2025\/11\/descarga-5-1-150x225.jpeg 150w, https:\/\/www.cordobatimes.com\/showup\/wp-content\/uploads\/2025\/11\/descarga-5-1-300x450.jpeg 300w, https:\/\/www.cordobatimes.com\/showup\/wp-content\/uploads\/2025\/11\/descarga-5-1-696x1044.jpeg 696w\" sizes=\"auto, (max-width: 736px) 100vw, 736px\" \/> <img alt=\"\" loading=\"lazy\" decoding=\"async\" class=\"alignnone wp-image-104010 size-full\" src=\"http:\/\/www.cordobatimes.com\/showup\/wp-content\/uploads\/2025\/11\/descarga-4-2.jpeg\" alt=\"\" width=\"736\" height=\"1104\" srcset=\"https:\/\/www.cordobatimes.com\/showup\/wp-content\/uploads\/2025\/11\/descarga-4-2.jpeg 736w, https:\/\/www.cordobatimes.com\/showup\/wp-content\/uploads\/2025\/11\/descarga-4-2-280x420.jpeg 280w, https:\/\/www.cordobatimes.com\/showup\/wp-content\/uploads\/2025\/11\/descarga-4-2-683x1024.jpeg 683w, https:\/\/www.cordobatimes.com\/showup\/wp-content\/uploads\/2025\/11\/descarga-4-2-150x225.jpeg 150w, https:\/\/www.cordobatimes.com\/showup\/wp-content\/uploads\/2025\/11\/descarga-4-2-300x450.jpeg 300w, https:\/\/www.cordobatimes.com\/showup\/wp-content\/uploads\/2025\/11\/descarga-4-2-696x1044.jpeg 696w\" sizes=\"auto, (max-width: 736px) 100vw, 736px\" \/> <img alt=\"\" loading=\"lazy\" decoding=\"async\" class=\"alignnone wp-image-104011 size-full\" src=\"http:\/\/www.cordobatimes.com\/showup\/wp-content\/uploads\/2025\/11\/descarga-3-2.jpeg\" alt=\"\" width=\"736\" height=\"1104\" srcset=\"https:\/\/www.cordobatimes.com\/showup\/wp-content\/uploads\/2025\/11\/descarga-3-2.jpeg 736w, https:\/\/www.cordobatimes.com\/showup\/wp-content\/uploads\/2025\/11\/descarga-3-2-280x420.jpeg 280w, https:\/\/www.cordobatimes.com\/showup\/wp-content\/uploads\/2025\/11\/descarga-3-2-683x1024.jpeg 683w, https:\/\/www.cordobatimes.com\/showup\/wp-content\/uploads\/2025\/11\/descarga-3-2-150x225.jpeg 150w, https:\/\/www.cordobatimes.com\/showup\/wp-content\/uploads\/2025\/11\/descarga-3-2-300x450.jpeg 300w, https:\/\/www.cordobatimes.com\/showup\/wp-content\/uploads\/2025\/11\/descarga-3-2-696x1044.jpeg 696w\" sizes=\"auto, (max-width: 736px) 100vw, 736px\" \/> <img alt=\"\" loading=\"lazy\" decoding=\"async\" class=\"alignnone wp-image-104012 size-full\" src=\"http:\/\/www.cordobatimes.com\/showup\/wp-content\/uploads\/2025\/11\/descarga-2-3.jpeg\" alt=\"\" width=\"736\" height=\"1122\" srcset=\"https:\/\/www.cordobatimes.com\/showup\/wp-content\/uploads\/2025\/11\/descarga-2-3.jpeg 736w, https:\/\/www.cordobatimes.com\/showup\/wp-content\/uploads\/2025\/11\/descarga-2-3-276x420.jpeg 276w, https:\/\/www.cordobatimes.com\/showup\/wp-content\/uploads\/2025\/11\/descarga-2-3-672x1024.jpeg 672w, https:\/\/www.cordobatimes.com\/showup\/wp-content\/uploads\/2025\/11\/descarga-2-3-150x229.jpeg 150w, https:\/\/www.cordobatimes.com\/showup\/wp-content\/uploads\/2025\/11\/descarga-2-3-300x457.jpeg 300w, https:\/\/www.cordobatimes.com\/showup\/wp-content\/uploads\/2025\/11\/descarga-2-3-696x1061.jpeg 696w\" sizes=\"auto, (max-width: 736px) 100vw, 736px\" \/><\/p>\n","protected":false},"excerpt":{"rendered":"<p>Elegancia silenciosa, glamour sutil y un toque de luz: as\u00ed se viste el fin de a\u00f1o La moda de fin de a\u00f1o 2025 llega con una propuesta que equilibra lo cl\u00e1sico y lo moderno: el \u201cquiet luxury\u201d, o lujo silencioso, se fusiona con el brillo festivo que marca la temporada. Esta tendencia \u2014que arras\u00f3 en [&hellip;]<\/p>\n","protected":false},"author":24,"featured_media":104007,"comment_status":"closed","ping_status":"closed","sticky":false,"template":"","format":"standard","meta":{"_seopress_robots_primary_cat":"none","_seopress_titles_title":"","_seopress_titles_desc":"","_seopress_robots_index":"","footnotes":""},"categories":[228],"tags":[40247,40248,40246],"class_list":{"0":"post-104004","1":"post","2":"type-post","3":"status-publish","4":"format-standard","5":"has-post-thumbnail","7":"category-moda-y-estilos","8":"tag-quiet-luxury-se-mezcla-con-el-brillo","9":"tag-minimalismo-con-destellos","10":"tag-quiet-luxury"},"_links":{"self":[{"href":"https:\/\/www.cordobatimes.com\/showup\/wp-json\/wp\/v2\/posts\/104004","targetHints":{"allow":["GET"]}}],"collection":[{"href":"https:\/\/www.cordobatimes.com\/showup\/wp-json\/wp\/v2\/posts"}],"about":[{"href":"https:\/\/www.cordobatimes.com\/showup\/wp-json\/wp\/v2\/types\/post"}],"author":[{"embeddable":true,"href":"https:\/\/www.cordobatimes.com\/showup\/wp-json\/wp\/v2\/users\/24"}],"replies":[{"embeddable":true,"href":"https:\/\/www.cordobatimes.com\/showup\/wp-json\/wp\/v2\/comments?post=104004"}],"version-history":[{"count":0,"href":"https:\/\/www.cordobatimes.com\/showup\/wp-json\/wp\/v2\/posts\/104004\/revisions"}],"wp:featuredmedia":[{"embeddable":true,"href":"https:\/\/www.cordobatimes.com\/showup\/wp-json\/wp\/v2\/media\/104007"}],"wp:attachment":[{"href":"https:\/\/www.cordobatimes.com\/showup\/wp-json\/wp\/v2\/media?parent=104004"}],"wp:term":[{"taxonomy":"category","embeddable":true,"href":"https:\/\/www.cordobatimes.com\/showup\/wp-json\/wp\/v2\/categories?post=104004"},{"taxonomy":"post_tag","embeddable":true,"href":"https:\/\/www.cordobatimes.com\/showup\/wp-json\/wp\/v2\/tags?post=104004"}],"curies":[{"name":"wp","href":"https:\/\/api.w.org\/{rel}","templated":true}]}}