{"id":103984,"date":"2025-11-13T09:38:25","date_gmt":"2025-11-13T12:38:25","guid":{"rendered":"https:\/\/www.cordobatimes.com\/showup\/?p=103984"},"modified":"2025-11-13T09:38:25","modified_gmt":"2025-11-13T12:38:25","slug":"los-calendarios-de-adviento-mas-deseados-que-ya-se-consiguen-en-argentina-lancome-kiehls-watermelon-y-mooving","status":"publish","type":"post","link":"https:\/\/www.cordobatimes.com\/showup\/internet\/2025\/11\/13\/los-calendarios-de-adviento-mas-deseados-que-ya-se-consiguen-en-argentina-lancome-kiehls-watermelon-y-mooving\/","title":{"rendered":"Los calendarios de Adviento m\u00e1s deseados que ya se consiguen en Argentina: Lanc\u00f4me, Kiehl\u2019s, Watermelon y Mooving"},"content":{"rendered":"<h3><strong>Cada vez falta menos para diciembre y los calendarios de Adviento se convirtieron en el nuevo objeto de deseo de las fiestas. Ya no son solo para contar los d\u00edas hasta Navidad: hoy son sin\u00f3nimo de <em data-start=\"506\" data-end=\"541\">mimos, belleza y regalos sorpresa<\/em>. En Argentina, varias marcas lanzaron sus propias versiones.<\/strong><\/h3>\n<h3 data-start=\"645\" data-end=\"691\"><strong>Lanc\u00f4me: lujo franc\u00e9s en cada ventana<\/strong><\/h3>\n<p data-start=\"692\" data-end=\"1205\">La maison francesa present\u00f3 su <strong data-start=\"723\" data-end=\"754\">Calendario de Adviento 2025<\/strong> con 24 sorpresas que combinan maquillaje, skincare y fragancias. Viene en un formato desplegable tipo valija, con seis productos tama\u00f1o real y dieciocho miniaturas. Es una edici\u00f3n limitada que ya est\u00e1 disponible en el sitio oficial de <a class=\"decorated-link\" href=\"https:\/\/www.lancome.com.ar\" target=\"_new\" rel=\"noopener\" data-start=\"990\" data-end=\"1037\">Lanc\u00f4me Argentina<\/a>, y su packaging rosa y dorado lo convierte en uno de los m\u00e1s elegantes de la temporada. Ideal para quienes quieren darse (o regalarse) un toque de lujo en diciembre. su precio es de 800.000 pesos<\/p>\n<p data-start=\"692\" data-end=\"1205\"><img alt=\"\" loading=\"lazy\" decoding=\"async\" class=\"alignnone wp-image-103987 size-full\" src=\"http:\/\/www.cordobatimes.com\/showup\/wp-content\/uploads\/2025\/11\/Pantallazo-13-11-2025-08.50.33.jpg\" alt=\"\" width=\"856\" height=\"856\" srcset=\"https:\/\/www.cordobatimes.com\/showup\/wp-content\/uploads\/2025\/11\/Pantallazo-13-11-2025-08.50.33.jpg 856w, https:\/\/www.cordobatimes.com\/showup\/wp-content\/uploads\/2025\/11\/Pantallazo-13-11-2025-08.50.33-420x420.jpg 420w, https:\/\/www.cordobatimes.com\/showup\/wp-content\/uploads\/2025\/11\/Pantallazo-13-11-2025-08.50.33-768x768.jpg 768w, https:\/\/www.cordobatimes.com\/showup\/wp-content\/uploads\/2025\/11\/Pantallazo-13-11-2025-08.50.33-150x150.jpg 150w, https:\/\/www.cordobatimes.com\/showup\/wp-content\/uploads\/2025\/11\/Pantallazo-13-11-2025-08.50.33-300x300.jpg 300w, https:\/\/www.cordobatimes.com\/showup\/wp-content\/uploads\/2025\/11\/Pantallazo-13-11-2025-08.50.33-696x696.jpg 696w\" sizes=\"auto, (max-width: 856px) 100vw, 856px\" \/><\/p>\n<h3 data-start=\"1207\" data-end=\"1259\"><strong>Kiehl\u2019s: skincare para cada d\u00eda de diciembre<\/strong><\/h3>\n<p data-start=\"1260\" data-end=\"1668\">Los fan\u00e1ticos del cuidado de la piel tambi\u00e9n tienen su opci\u00f3n: <strong data-start=\"1323\" data-end=\"1334\">Kiehl\u2019s<\/strong> lanz\u00f3 su cl\u00e1sico calendario con 24 f\u00f3rmulas ic\u00f3nicas, desde sueros y limpiadores hasta cremas y mascarillas. Es una propuesta perfecta para probar varios productos de la marca y descubrir favoritos. En el sitio <a class=\"decorated-link\" href=\"https:\/\/www.kiehls.com.ar\" target=\"_new\" rel=\"noopener\" data-start=\"1546\" data-end=\"1588\">kiehls.com.ar<\/a> figura con un precio cercano a los $495.990, y como siempre, se agota r\u00e1pido.<\/p>\n<p data-start=\"1260\" data-end=\"1668\"><img alt=\"\" loading=\"lazy\" decoding=\"async\" class=\"alignnone wp-image-103988 size-full\" src=\"http:\/\/www.cordobatimes.com\/showup\/wp-content\/uploads\/2025\/11\/Pantallazo-13-11-2025-09.03.51.jpg\" alt=\"\" width=\"798\" height=\"794\" srcset=\"https:\/\/www.cordobatimes.com\/showup\/wp-content\/uploads\/2025\/11\/Pantallazo-13-11-2025-09.03.51.jpg 798w, https:\/\/www.cordobatimes.com\/showup\/wp-content\/uploads\/2025\/11\/Pantallazo-13-11-2025-09.03.51-422x420.jpg 422w, https:\/\/www.cordobatimes.com\/showup\/wp-content\/uploads\/2025\/11\/Pantallazo-13-11-2025-09.03.51-768x764.jpg 768w, https:\/\/www.cordobatimes.com\/showup\/wp-content\/uploads\/2025\/11\/Pantallazo-13-11-2025-09.03.51-150x149.jpg 150w, https:\/\/www.cordobatimes.com\/showup\/wp-content\/uploads\/2025\/11\/Pantallazo-13-11-2025-09.03.51-300x298.jpg 300w, https:\/\/www.cordobatimes.com\/showup\/wp-content\/uploads\/2025\/11\/Pantallazo-13-11-2025-09.03.51-696x693.jpg 696w\" sizes=\"auto, (max-width: 798px) 100vw, 798px\" \/><\/p>\n<h3 data-start=\"1670\" data-end=\"1721\"><strong>Watermelon: una propuesta beauty argentina<\/strong><\/h3>\n<p data-start=\"1722\" data-end=\"2076\">La marca local <strong data-start=\"1737\" data-end=\"1751\">Watermelon<\/strong> se sum\u00f3 a la tendencia con un calendario que mezcla skincare, maquillaje y accesorios. Est\u00e1 disponible en versi\u00f3n <em data-start=\"1866\" data-end=\"1875\">cl\u00e1sica<\/em> y <em data-start=\"1878\" data-end=\"1887\">premium<\/em>, con 10 o 24 productos sorpresa. Es una opci\u00f3n divertida, colorida y mucho m\u00e1s accesible, pensada para quienes quieren vivir la experiencia beauty del Adviento sin romper el presupuesto.<\/p>\n<p data-start=\"1722\" data-end=\"2076\"><img alt=\"\" loading=\"lazy\" decoding=\"async\" class=\"alignnone size-medium wp-image-103990\" src=\"http:\/\/www.cordobatimes.com\/showup\/wp-content\/uploads\/2025\/11\/Pantallazo-13-11-2025-09.14.41-743x420.jpg\" alt=\"\" width=\"743\" height=\"420\" srcset=\"https:\/\/www.cordobatimes.com\/showup\/wp-content\/uploads\/2025\/11\/Pantallazo-13-11-2025-09.14.41-743x420.jpg 743w, https:\/\/www.cordobatimes.com\/showup\/wp-content\/uploads\/2025\/11\/Pantallazo-13-11-2025-09.14.41-1024x579.jpg 1024w, https:\/\/www.cordobatimes.com\/showup\/wp-content\/uploads\/2025\/11\/Pantallazo-13-11-2025-09.14.41-768x434.jpg 768w, https:\/\/www.cordobatimes.com\/showup\/wp-content\/uploads\/2025\/11\/Pantallazo-13-11-2025-09.14.41-150x85.jpg 150w, https:\/\/www.cordobatimes.com\/showup\/wp-content\/uploads\/2025\/11\/Pantallazo-13-11-2025-09.14.41-300x170.jpg 300w, https:\/\/www.cordobatimes.com\/showup\/wp-content\/uploads\/2025\/11\/Pantallazo-13-11-2025-09.14.41-696x393.jpg 696w, https:\/\/www.cordobatimes.com\/showup\/wp-content\/uploads\/2025\/11\/Pantallazo-13-11-2025-09.14.41-1068x604.jpg 1068w, https:\/\/www.cordobatimes.com\/showup\/wp-content\/uploads\/2025\/11\/Pantallazo-13-11-2025-09.14.41.jpg 1102w\" sizes=\"auto, (max-width: 743px) 100vw, 743px\" \/><\/p>\n<p data-start=\"1722\" data-end=\"2076\">\n<p data-start=\"1722\" data-end=\"2076\">El de 24 dias sale 187.000 pesos<\/p>\n<p data-start=\"1722\" data-end=\"2076\">Y el de diez dias se quedaron sin stock<\/p>\n<h3 data-start=\"2078\" data-end=\"2135\"><strong>Mooving: papeler\u00eda y dise\u00f1o para todos los d\u00edas<\/strong><\/h3>\n<p data-start=\"2136\" data-end=\"2516\">Aunque juega en otra categor\u00eda, <strong data-start=\"2168\" data-end=\"2179\">Mooving<\/strong> tambi\u00e9n lanz\u00f3 su propia edici\u00f3n de calendario, orientada al dise\u00f1o y la papeler\u00eda. Con stickers, mini libretas y accesorios de escritorio, es ideal para los amantes del <em data-start=\"2349\" data-end=\"2371\">stationery aesthetic<\/em>. Se consigue en tiendas como <a class=\"decorated-link\" href=\"https:\/\/somosmooving.com?utm_source=chatgpt.com\" target=\"_new\" rel=\"noopener\" data-start=\"2401\" data-end=\"2445\">somosmooving.com<\/a>\u00a0 o en y es una gran idea de regalo para anticipar el a\u00f1o nuevo con estilo.<\/p>\n<p data-start=\"2136\" data-end=\"2516\"><img alt=\"\" loading=\"lazy\" decoding=\"async\" class=\"alignnone wp-image-103992 size-full\" src=\"http:\/\/www.cordobatimes.com\/showup\/wp-content\/uploads\/2025\/11\/Pantallazo-13-11-2025-09.28.17.jpg\" alt=\"\" width=\"1027\" height=\"860\" srcset=\"https:\/\/www.cordobatimes.com\/showup\/wp-content\/uploads\/2025\/11\/Pantallazo-13-11-2025-09.28.17.jpg 1027w, https:\/\/www.cordobatimes.com\/showup\/wp-content\/uploads\/2025\/11\/Pantallazo-13-11-2025-09.28.17-502x420.jpg 502w, https:\/\/www.cordobatimes.com\/showup\/wp-content\/uploads\/2025\/11\/Pantallazo-13-11-2025-09.28.17-1024x857.jpg 1024w, https:\/\/www.cordobatimes.com\/showup\/wp-content\/uploads\/2025\/11\/Pantallazo-13-11-2025-09.28.17-768x643.jpg 768w, https:\/\/www.cordobatimes.com\/showup\/wp-content\/uploads\/2025\/11\/Pantallazo-13-11-2025-09.28.17-150x126.jpg 150w, https:\/\/www.cordobatimes.com\/showup\/wp-content\/uploads\/2025\/11\/Pantallazo-13-11-2025-09.28.17-300x251.jpg 300w, https:\/\/www.cordobatimes.com\/showup\/wp-content\/uploads\/2025\/11\/Pantallazo-13-11-2025-09.28.17-696x583.jpg 696w\" sizes=\"auto, (max-width: 1027px) 100vw, 1027px\" \/><\/p>\n<p data-start=\"692\" data-end=\"1205\">\n","protected":false},"excerpt":{"rendered":"<p>Cada vez falta menos para diciembre y los calendarios de Adviento se convirtieron en el nuevo objeto de deseo de las fiestas. Ya no son solo para contar los d\u00edas hasta Navidad: hoy son sin\u00f3nimo de mimos, belleza y regalos sorpresa. En Argentina, varias marcas lanzaron sus propias versiones. Lanc\u00f4me: lujo franc\u00e9s en cada ventana [&hellip;]<\/p>\n","protected":false},"author":24,"featured_media":103987,"comment_status":"closed","ping_status":"closed","sticky":false,"template":"","format":"standard","meta":{"_seopress_robots_primary_cat":"none","_seopress_titles_title":"","_seopress_titles_desc":"","_seopress_robots_index":"","footnotes":""},"categories":[22956],"tags":[40240,40238,40241,40239,40236,40237],"class_list":{"0":"post-103984","1":"post","2":"type-post","3":"status-publish","4":"format-standard","5":"has-post-thumbnail","7":"category-internet","8":"tag-calendario-de-adviento-kiehls","9":"tag-calendario-de-adviento-lancome","10":"tag-calendario-de-adviento-mooving","11":"tag-calendario-de-adviento-watermelon","12":"tag-calendarios-de-adviento","13":"tag-calendarios-de-adviento-argentina"},"_links":{"self":[{"href":"https:\/\/www.cordobatimes.com\/showup\/wp-json\/wp\/v2\/posts\/103984","targetHints":{"allow":["GET"]}}],"collection":[{"href":"https:\/\/www.cordobatimes.com\/showup\/wp-json\/wp\/v2\/posts"}],"about":[{"href":"https:\/\/www.cordobatimes.com\/showup\/wp-json\/wp\/v2\/types\/post"}],"author":[{"embeddable":true,"href":"https:\/\/www.cordobatimes.com\/showup\/wp-json\/wp\/v2\/users\/24"}],"replies":[{"embeddable":true,"href":"https:\/\/www.cordobatimes.com\/showup\/wp-json\/wp\/v2\/comments?post=103984"}],"version-history":[{"count":0,"href":"https:\/\/www.cordobatimes.com\/showup\/wp-json\/wp\/v2\/posts\/103984\/revisions"}],"wp:featuredmedia":[{"embeddable":true,"href":"https:\/\/www.cordobatimes.com\/showup\/wp-json\/wp\/v2\/media\/103987"}],"wp:attachment":[{"href":"https:\/\/www.cordobatimes.com\/showup\/wp-json\/wp\/v2\/media?parent=103984"}],"wp:term":[{"taxonomy":"category","embeddable":true,"href":"https:\/\/www.cordobatimes.com\/showup\/wp-json\/wp\/v2\/categories?post=103984"},{"taxonomy":"post_tag","embeddable":true,"href":"https:\/\/www.cordobatimes.com\/showup\/wp-json\/wp\/v2\/tags?post=103984"}],"curies":[{"name":"wp","href":"https:\/\/api.w.org\/{rel}","templated":true}]}}