{"id":103951,"date":"2025-11-12T17:29:12","date_gmt":"2025-11-12T20:29:12","guid":{"rendered":"https:\/\/www.cordobatimes.com\/showup\/?p=103951"},"modified":"2025-11-12T17:29:12","modified_gmt":"2025-11-12T20:29:12","slug":"el-diablo-viste-a-la-moda-2-el-regreso-mas-esperado-ya-tiene-su-primer-teaser","status":"publish","type":"post","link":"https:\/\/www.cordobatimes.com\/showup\/cine-y-series\/2025\/11\/12\/el-diablo-viste-a-la-moda-2-el-regreso-mas-esperado-ya-tiene-su-primer-teaser\/","title":{"rendered":"El diablo viste a la moda 2: el regreso m\u00e1s esperado ya tiene su primer teaser"},"content":{"rendered":"<p data-start=\"216\" data-end=\"340\"><strong data-start=\"216\" data-end=\"338\">Meryl Streep y Anne Hathaway vuelven a encontrarse dos d\u00e9cadas despu\u00e9s en la secuela del cl\u00e1sico del cine fashionista.<\/strong><\/p>\n<p data-start=\"342\" data-end=\"675\">El mundo de la moda vuelve a temblar: se estren\u00f3 el primer teaser de <em data-start=\"411\" data-end=\"440\">El diablo viste a la moda 2<\/em> y los fan\u00e1ticos no pueden contener la emoci\u00f3n. La ic\u00f3nica Miranda Priestly \u2014interpretada una vez m\u00e1s por Meryl Streep\u2014 regresa con su andar implacable por los pasillos de la revista <em data-start=\"623\" data-end=\"631\">Runway<\/em>, al ritmo del cl\u00e1sico \u201cVogue\u201d de Madonna.<\/p>\n<p data-start=\"677\" data-end=\"1145\">El teaser, de apenas 52 segundos, alcanza para revivir toda la elegancia y tensi\u00f3n que marcaron la pel\u00edcula original. En una escena cargada de nostalgia y poder, Miranda entra a un ascensor donde la espera Andy Sachs (Anne Hathaway). \u201cTardaste lo suficiente\u201d, le lanza con su legendaria frialdad. Andy responde con una sonrisa c\u00f3mplice antes de que se cierren las puertas. Un cierre perfecto para un avance que promete una batalla de estilo, ambici\u00f3n y reencuentros.<\/p>\n<p data-start=\"1147\" data-end=\"1375\">Dirigida nuevamente por David Frankel y con guion de Aline Brosh McKenna, la secuela mostrar\u00e1 c\u00f3mo el mundo de las revistas cambi\u00f3 en plena era digital, mientras Miranda y Andy se cruzan en nuevas circunstancias profesionales.<\/p>\n<p data-start=\"1377\" data-end=\"1526\">El estreno est\u00e1 previsto para el <strong data-start=\"1410\" data-end=\"1431\">1 de mayo de 2026<\/strong> en Estados Unidos, y ya se perfila como uno de los grandes eventos cinematogr\u00e1ficos del a\u00f1o.<\/p>\n<div style=\"width: 696px;\" class=\"wp-video\"><video class=\"wp-video-shortcode\" id=\"video-103951-1\" width=\"696\" height=\"392\" preload=\"metadata\" controls=\"controls\"><source type=\"video\/mp4\" src=\"http:\/\/www.cordobatimes.com\/showup\/wp-content\/uploads\/2025\/11\/El-Diablo-Viste-A-La-Moda-_-Trailer-Oficial-_-Subtitulado.mp4?_=1\" \/><a href=\"http:\/\/www.cordobatimes.com\/showup\/wp-content\/uploads\/2025\/11\/El-Diablo-Viste-A-La-Moda-_-Trailer-Oficial-_-Subtitulado.mp4\">http:\/\/www.cordobatimes.com\/showup\/wp-content\/uploads\/2025\/11\/El-Diablo-Viste-A-La-Moda-_-Trailer-Oficial-_-Subtitulado.mp4<\/a><\/video><\/div>\n","protected":false},"excerpt":{"rendered":"<p>Meryl Streep y Anne Hathaway vuelven a encontrarse dos d\u00e9cadas despu\u00e9s en la secuela del cl\u00e1sico del cine fashionista. El mundo de la moda vuelve a temblar: se estren\u00f3 el primer teaser de El diablo viste a la moda 2 y los fan\u00e1ticos no pueden contener la emoci\u00f3n. La ic\u00f3nica Miranda Priestly \u2014interpretada una vez [&hellip;]<\/p>\n","protected":false},"author":24,"featured_media":103954,"comment_status":"closed","ping_status":"closed","sticky":false,"template":"","format":"standard","meta":{"_seopress_robots_primary_cat":"none","_seopress_titles_title":"","_seopress_titles_desc":"","_seopress_robots_index":"","footnotes":""},"categories":[3,12967],"tags":[40229,40230,40231],"class_list":{"0":"post-103951","1":"post","2":"type-post","3":"status-publish","4":"format-standard","5":"has-post-thumbnail","7":"category-cine-y-series","8":"category-destacada","9":"tag-el-diablo-viste-a-la-moda-2","10":"tag-the-devil-wears-prada","11":"tag-trailer-de-el-diablo-viste-a-la-moda-2"},"_links":{"self":[{"href":"https:\/\/www.cordobatimes.com\/showup\/wp-json\/wp\/v2\/posts\/103951","targetHints":{"allow":["GET"]}}],"collection":[{"href":"https:\/\/www.cordobatimes.com\/showup\/wp-json\/wp\/v2\/posts"}],"about":[{"href":"https:\/\/www.cordobatimes.com\/showup\/wp-json\/wp\/v2\/types\/post"}],"author":[{"embeddable":true,"href":"https:\/\/www.cordobatimes.com\/showup\/wp-json\/wp\/v2\/users\/24"}],"replies":[{"embeddable":true,"href":"https:\/\/www.cordobatimes.com\/showup\/wp-json\/wp\/v2\/comments?post=103951"}],"version-history":[{"count":0,"href":"https:\/\/www.cordobatimes.com\/showup\/wp-json\/wp\/v2\/posts\/103951\/revisions"}],"wp:featuredmedia":[{"embeddable":true,"href":"https:\/\/www.cordobatimes.com\/showup\/wp-json\/wp\/v2\/media\/103954"}],"wp:attachment":[{"href":"https:\/\/www.cordobatimes.com\/showup\/wp-json\/wp\/v2\/media?parent=103951"}],"wp:term":[{"taxonomy":"category","embeddable":true,"href":"https:\/\/www.cordobatimes.com\/showup\/wp-json\/wp\/v2\/categories?post=103951"},{"taxonomy":"post_tag","embeddable":true,"href":"https:\/\/www.cordobatimes.com\/showup\/wp-json\/wp\/v2\/tags?post=103951"}],"curies":[{"name":"wp","href":"https:\/\/api.w.org\/{rel}","templated":true}]}}