{"id":10395,"date":"2014-01-28T16:58:04","date_gmt":"2014-01-28T19:58:04","guid":{"rendered":"http:\/\/cordobatimes.com\/showup\/?p=10395"},"modified":"2019-12-05T10:48:13","modified_gmt":"2019-12-05T13:48:13","slug":"de-otro-palo-flavio-visito-a-los-tekis-en-cosquin","status":"publish","type":"post","link":"https:\/\/www.cordobatimes.com\/showup\/espectaculos\/2014\/01\/28\/de-otro-palo-flavio-visito-a-los-tekis-en-cosquin\/","title":{"rendered":"De otro palo: Flavio visit\u00f3 a los Tekis en Cosqu\u00edn"},"content":{"rendered":"<h3 style=\"text-align: justify;\"><strong>La Plaza Pr\u00f3spero Molina se visti\u00f3 de fiesta, no s\u00f3lo por el calor del carnaval, que visti\u00f3 al escenario de fiesta, sino por la presencia de cierto artista que brilla a diario en la grilla de Carlos Paz.<\/strong><\/h3>\n<p style=\"text-align: justify;\">El bailar\u00edn y director de<strong> Stravaganza<\/strong> aprovech\u00f3 de su d\u00eda libre y decidi\u00f3 hacer una visita al <strong>Festival de Cosqu\u00edn<\/strong>. All\u00ed se sum\u00f3 al show de <strong>Los Tekis<\/strong> en la madrugada del martes e hizo gala de toda su destreza en el baile.<\/p>\n<p style=\"text-align: justify;\">Sin dudas no fue una noche m\u00e1s en la edici\u00f3n 2014 de<strong> Cosqu\u00edn<\/strong>, no s\u00f3lo por la visita de <strong>Flavio<\/strong>, sino adem\u00e1s por las recurrentes quejas de los n\u00fameros principales, en este caso, de <strong>Los Tekis<\/strong>, quienes por contrato deb\u00edan tocar a las 2 de la madrugada, y terminaron saliendo a escena a las 4.30 a.m.<\/p>\n<p style=\"text-align: justify;\">Tampoco lo fue para <strong>Flavio Mendoza<\/strong> que pudo pisar el escenario <strong>Pr\u00f3spero Molina<\/strong>. Aprovechando su d\u00eda libre, el bailar\u00edn lleg\u00f3 a la madrugada a la capital nacional del folklore invitado por el grupo juje\u00f1o y fue ovacionado por el p\u00fablico que se encontraba en la plaza.<\/p>\n<p style=\"text-align: justify;\"><a href=\"http:\/\/cordobatimes.com\/showup\/wp-content\/uploads\/2014\/01\/ARCHI_209977.jpg\"><img loading=\"lazy\" decoding=\"async\" class=\"alignnone size-full wp-image-10413\" src=\"http:\/\/cordobatimes.com\/showup\/wp-content\/uploads\/2014\/01\/ARCHI_209977.jpg\" alt=\"ARCHI_209977\" width=\"640\" height=\"405\" data-id=\"10413\" srcset=\"https:\/\/www.cordobatimes.com\/showup\/wp-content\/uploads\/2014\/01\/ARCHI_209977.jpg 640w, https:\/\/www.cordobatimes.com\/showup\/wp-content\/uploads\/2014\/01\/ARCHI_209977-300x189.jpg 300w, https:\/\/www.cordobatimes.com\/showup\/wp-content\/uploads\/2014\/01\/ARCHI_209977-85x54.jpg 85w\" sizes=\"auto, (max-width: 640px) 100vw, 640px\" \/><\/a> <a href=\"http:\/\/cordobatimes.com\/showup\/wp-content\/uploads\/2014\/01\/ARCHI_209975.jpg\"><img loading=\"lazy\" decoding=\"async\" class=\"alignnone size-large wp-image-10415\" src=\"http:\/\/cordobatimes.com\/showup\/wp-content\/uploads\/2014\/01\/ARCHI_209975.jpg\" alt=\"ARCHI_209975\" width=\"620\" height=\"392\" data-id=\"10415\" srcset=\"https:\/\/www.cordobatimes.com\/showup\/wp-content\/uploads\/2014\/01\/ARCHI_209975.jpg 640w, https:\/\/www.cordobatimes.com\/showup\/wp-content\/uploads\/2014\/01\/ARCHI_209975-300x189.jpg 300w, https:\/\/www.cordobatimes.com\/showup\/wp-content\/uploads\/2014\/01\/ARCHI_209975-85x54.jpg 85w\" sizes=\"auto, (max-width: 620px) 100vw, 620px\" \/><\/a> <a href=\"http:\/\/cordobatimes.com\/showup\/wp-content\/uploads\/2014\/01\/ARCHI_209976.jpg\"><img loading=\"lazy\" decoding=\"async\" class=\"alignnone size-large wp-image-10416\" src=\"http:\/\/cordobatimes.com\/showup\/wp-content\/uploads\/2014\/01\/ARCHI_209976.jpg\" alt=\"ARCHI_209976\" width=\"620\" height=\"392\" data-id=\"10416\" srcset=\"https:\/\/www.cordobatimes.com\/showup\/wp-content\/uploads\/2014\/01\/ARCHI_209976.jpg 640w, https:\/\/www.cordobatimes.com\/showup\/wp-content\/uploads\/2014\/01\/ARCHI_209976-300x189.jpg 300w, https:\/\/www.cordobatimes.com\/showup\/wp-content\/uploads\/2014\/01\/ARCHI_209976-85x54.jpg 85w\" sizes=\"auto, (max-width: 620px) 100vw, 620px\" \/><\/a><\/p>\n<p style=\"text-align: justify;\">Cr\u00e9dito Foto: Cadena 3<\/p>\n","protected":false},"excerpt":{"rendered":"<p>La Plaza Pr\u00f3spero Molina se visti\u00f3 de fiesta, no s\u00f3lo por el calor del carnaval, que visti\u00f3 al escenario de fiesta, sino por la presencia de cierto artista que brilla a diario en la grilla de Carlos Paz. El bailar\u00edn y director de Stravaganza aprovech\u00f3 de su d\u00eda libre y decidi\u00f3 hacer una visita al [&hellip;]<\/p>\n","protected":false},"author":8,"featured_media":10413,"comment_status":"closed","ping_status":"closed","sticky":false,"template":"","format":"standard","meta":{"_seopress_robots_primary_cat":"","_seopress_titles_title":"","_seopress_titles_desc":"","_seopress_robots_index":"","footnotes":""},"categories":[10],"tags":[25207,25206,3361,25208],"class_list":{"0":"post-10395","1":"post","2":"type-post","3":"status-publish","4":"format-standard","5":"has-post-thumbnail","7":"category-espectaculos","8":"tag-flavio-mendoza-visito-a-los-tekis","9":"tag-flavio-visito-a-los-tekis","10":"tag-quejas-por-demoras-en-cosquin","11":"tag-tekis-en-cosquin"},"_links":{"self":[{"href":"https:\/\/www.cordobatimes.com\/showup\/wp-json\/wp\/v2\/posts\/10395","targetHints":{"allow":["GET"]}}],"collection":[{"href":"https:\/\/www.cordobatimes.com\/showup\/wp-json\/wp\/v2\/posts"}],"about":[{"href":"https:\/\/www.cordobatimes.com\/showup\/wp-json\/wp\/v2\/types\/post"}],"author":[{"embeddable":true,"href":"https:\/\/www.cordobatimes.com\/showup\/wp-json\/wp\/v2\/users\/8"}],"replies":[{"embeddable":true,"href":"https:\/\/www.cordobatimes.com\/showup\/wp-json\/wp\/v2\/comments?post=10395"}],"version-history":[{"count":0,"href":"https:\/\/www.cordobatimes.com\/showup\/wp-json\/wp\/v2\/posts\/10395\/revisions"}],"wp:featuredmedia":[{"embeddable":true,"href":"https:\/\/www.cordobatimes.com\/showup\/wp-json\/wp\/v2\/media\/10413"}],"wp:attachment":[{"href":"https:\/\/www.cordobatimes.com\/showup\/wp-json\/wp\/v2\/media?parent=10395"}],"wp:term":[{"taxonomy":"category","embeddable":true,"href":"https:\/\/www.cordobatimes.com\/showup\/wp-json\/wp\/v2\/categories?post=10395"},{"taxonomy":"post_tag","embeddable":true,"href":"https:\/\/www.cordobatimes.com\/showup\/wp-json\/wp\/v2\/tags?post=10395"}],"curies":[{"name":"wp","href":"https:\/\/api.w.org\/{rel}","templated":true}]}}