{"id":103787,"date":"2025-11-09T10:36:46","date_gmt":"2025-11-09T13:36:46","guid":{"rendered":"https:\/\/www.cordobatimes.com\/showup\/?p=103787"},"modified":"2025-11-09T10:36:47","modified_gmt":"2025-11-09T13:36:47","slug":"influencers-politicos-la-nueva-voz-de-las-generaciones-online","status":"publish","type":"post","link":"https:\/\/www.cordobatimes.com\/showup\/influencers\/2025\/11\/09\/influencers-politicos-la-nueva-voz-de-las-generaciones-online\/","title":{"rendered":"Influencers pol\u00edticos: la nueva voz de las generaciones online"},"content":{"rendered":"<h3 data-start=\"155\" data-end=\"440\"><strong>En un contexto donde la pol\u00edtica tradicional pierde conexi\u00f3n con los m\u00e1s j\u00f3venes, los influencers se convierten en los nuevos mediadores del debate p\u00fablico. Desde TikTok hasta Twitch, marcan agenda, forman opini\u00f3n y traducen los discursos pol\u00edticos a un lenguaje digital.<\/strong><\/h3>\n<p data-start=\"442\" data-end=\"737\"><br data-start=\"453\" data-end=\"456\" \/>Las redes sociales dejaron de ser solo espacios de entretenimiento para transformarse en escenarios de disputa ideol\u00f3gica. En plataformas como TikTok, Instagram o YouTube, una generaci\u00f3n de creadores de contenido aborda temas pol\u00edticos con el mismo engagement que un video viral.<\/p>\n<p data-start=\"739\" data-end=\"978\">Estos \u201cinfluencers pol\u00edticos\u201d no necesariamente provienen de partidos o militancias, pero logran lo que muchas figuras tradicionales no consiguen: conectar con las audiencias j\u00f3venes desde la cercan\u00eda, el humor o la experiencia personal.<\/p>\n<p data-start=\"980\" data-end=\"1243\">Con formatos breves, lenguaje directo y una mirada descontracturada, generan comunidades donde se discuten derechos, econom\u00eda o medioambiente sin solemnidad. Para muchos usuarios, ellos son la puerta de entrada a la informaci\u00f3n p\u00fablica y al pensamiento cr\u00edtico.<\/p>\n<p data-start=\"1245\" data-end=\"1549\">El fen\u00f3meno tambi\u00e9n abre preguntas: \u00bfqu\u00e9 pasa cuando la pol\u00edtica se vuelve contenido? \u00bfC\u00f3mo distinguir entre activismo genuino y marketing ideol\u00f3gico? En la era digital, las nuevas voces pol\u00edticas no solo opinan: tambi\u00e9n moldean c\u00f3mo entendemos el poder, la representaci\u00f3n y la participaci\u00f3n ciudadana.<\/p>\n","protected":false},"excerpt":{"rendered":"<p>En un contexto donde la pol\u00edtica tradicional pierde conexi\u00f3n con los m\u00e1s j\u00f3venes, los influencers se convierten en los nuevos mediadores del debate p\u00fablico. Desde TikTok hasta Twitch, marcan agenda, forman opini\u00f3n y traducen los discursos pol\u00edticos a un lenguaje digital. Las redes sociales dejaron de ser solo espacios de entretenimiento para transformarse en escenarios [&hellip;]<\/p>\n","protected":false},"author":24,"featured_media":103790,"comment_status":"closed","ping_status":"closed","sticky":false,"template":"","format":"standard","meta":{"_seopress_robots_primary_cat":"none","_seopress_titles_title":"","_seopress_titles_desc":"","_seopress_robots_index":"","footnotes":""},"categories":[23136],"tags":[40146,40144,40145],"class_list":{"0":"post-103787","1":"post","2":"type-post","3":"status-publish","4":"format-standard","5":"has-post-thumbnail","7":"category-influencers","8":"tag-generaciones-online","9":"tag-influencers-politicos","10":"tag-voz-de-las-generaciones-online"},"_links":{"self":[{"href":"https:\/\/www.cordobatimes.com\/showup\/wp-json\/wp\/v2\/posts\/103787","targetHints":{"allow":["GET"]}}],"collection":[{"href":"https:\/\/www.cordobatimes.com\/showup\/wp-json\/wp\/v2\/posts"}],"about":[{"href":"https:\/\/www.cordobatimes.com\/showup\/wp-json\/wp\/v2\/types\/post"}],"author":[{"embeddable":true,"href":"https:\/\/www.cordobatimes.com\/showup\/wp-json\/wp\/v2\/users\/24"}],"replies":[{"embeddable":true,"href":"https:\/\/www.cordobatimes.com\/showup\/wp-json\/wp\/v2\/comments?post=103787"}],"version-history":[{"count":0,"href":"https:\/\/www.cordobatimes.com\/showup\/wp-json\/wp\/v2\/posts\/103787\/revisions"}],"wp:featuredmedia":[{"embeddable":true,"href":"https:\/\/www.cordobatimes.com\/showup\/wp-json\/wp\/v2\/media\/103790"}],"wp:attachment":[{"href":"https:\/\/www.cordobatimes.com\/showup\/wp-json\/wp\/v2\/media?parent=103787"}],"wp:term":[{"taxonomy":"category","embeddable":true,"href":"https:\/\/www.cordobatimes.com\/showup\/wp-json\/wp\/v2\/categories?post=103787"},{"taxonomy":"post_tag","embeddable":true,"href":"https:\/\/www.cordobatimes.com\/showup\/wp-json\/wp\/v2\/tags?post=103787"}],"curies":[{"name":"wp","href":"https:\/\/api.w.org\/{rel}","templated":true}]}}