{"id":103762,"date":"2025-11-08T14:33:17","date_gmt":"2025-11-08T17:33:17","guid":{"rendered":"https:\/\/www.cordobatimes.com\/showup\/?p=103762"},"modified":"2025-11-08T14:33:47","modified_gmt":"2025-11-08T17:33:47","slug":"pamela-stupia-me-gusto-poder-dejar-mi-nueva-version-en-estas-ediciones","status":"publish","type":"post","link":"https:\/\/www.cordobatimes.com\/showup\/destacada\/2025\/11\/08\/pamela-stupia-me-gusto-poder-dejar-mi-nueva-version-en-estas-ediciones\/","title":{"rendered":"Pamela Stupia: \u00abMe gust\u00f3 poder dejar mi nueva versi\u00f3n en estas ediciones\u00bb"},"content":{"rendered":"<h3><strong>La autora presenta nuevas ediciones de su saga m\u00e1s querida, con cap\u00edtulos in\u00e9ditos, ilustraciones y un redise\u00f1o pensado para el p\u00fablico juvenil.<\/strong><\/h3>\n<p>Con la reedici\u00f3n de <em data-start=\"111\" data-end=\"134\">Amistades imperfectas<\/em>, Pamela Stupia vuelve a poner en circulaci\u00f3n una historia que marc\u00f3 a toda una generaci\u00f3n de lectores adolescentes. A\u00f1os despu\u00e9s de su primera publicaci\u00f3n, la autora decidi\u00f3 darle una nueva vida a los libros con una edici\u00f3n renovada, pensada especialmente para el p\u00fablico juvenil actual.<\/p>\n<p>En esta charla, habla sobre el proceso de volver a mirar su propia obra con otros ojos y lo que significa crecer junto a sus historias.<\/p>\n<p><strong>\u00bfQu\u00e9 te motiv\u00f3 a volver a publicar Amistades imperfectas en una edici\u00f3n renovada?<\/strong><\/p>\n<p>Son libros que disfrut\u00e9 mucho de escribir y que sent\u00eda que necesitaban tener una nueva versi\u00f3n, con portadas que apuntaran al publico juvenil.<\/p>\n<p><strong>\u00bfC\u00f3mo sentiste que hab\u00edas cambiado vos \u2014como escritora y como persona\u2014 desde la primera edici\u00f3n hasta ahora?<\/strong><\/p>\n<p>Como persona sigo siendo la misma, pero a la hora de tomar la historia s\u00ed sent\u00ed que hab\u00eda cambiado. Ahora tengo mas experiencia y me gust\u00f3 poder dejar mi nueva versi\u00f3n en estas ediciones.<\/p>\n<p><strong>\u00bfQu\u00e9 desaf\u00edos implica revisitar una obra que escribiste hace varios a\u00f1os? <\/strong><\/p>\n<p>Disfrut\u00e9 mucho reencontrarme con los personajes y con esta historia. Hab\u00eda olvidado varios detalles y fue muy divertido. Pero tambi\u00e9n fue dif\u00edcil ver esta versi\u00f3n menos experimentada de m\u00ed. De todos modos, es algo positivo porque demuestra que en estos a\u00f1os pude ir mejorando<\/p>\n<p><strong>\u00bfHubo alg\u00fan cambio concreto en la trama, personajes o estilo para estas nuevas versiones?<\/strong><\/p>\n<p>Hay dos cap\u00edtulos nuevos en cada libro, pero el resto decid\u00ed mantenerlo igual porque a mis lectores de siempre les gustaron mucho estas historias y sab\u00eda que quer\u00edan que se mantuviera tan cual.<\/p>\n<p><strong>\u00bfQu\u00e9 aspectos del libro cre\u00e9s que cobraron un nuevo significado hoy, en un contexto cultural tan diferente?<\/strong><\/p>\n<p>Creo que lo que mas me gusta de estos libros es que podemos ver como era la vida en los a\u00f1os 90, cuando no hab\u00eda redes, ni internet. Una vida que iba mucho mas lenta.<\/p>\n<p><img alt=\"\" loading=\"lazy\" decoding=\"async\" class=\"alignnone wp-image-103766 size-full\" src=\"http:\/\/www.cordobatimes.com\/showup\/wp-content\/uploads\/2025\/11\/fdoficial_566124799_18532106140024664_2275021939156904346_n.jpg\" alt=\"\" width=\"1080\" height=\"1350\" srcset=\"https:\/\/www.cordobatimes.com\/showup\/wp-content\/uploads\/2025\/11\/fdoficial_566124799_18532106140024664_2275021939156904346_n.jpg 1080w, https:\/\/www.cordobatimes.com\/showup\/wp-content\/uploads\/2025\/11\/fdoficial_566124799_18532106140024664_2275021939156904346_n-336x420.jpg 336w, https:\/\/www.cordobatimes.com\/showup\/wp-content\/uploads\/2025\/11\/fdoficial_566124799_18532106140024664_2275021939156904346_n-819x1024.jpg 819w, https:\/\/www.cordobatimes.com\/showup\/wp-content\/uploads\/2025\/11\/fdoficial_566124799_18532106140024664_2275021939156904346_n-768x960.jpg 768w, https:\/\/www.cordobatimes.com\/showup\/wp-content\/uploads\/2025\/11\/fdoficial_566124799_18532106140024664_2275021939156904346_n-150x188.jpg 150w, https:\/\/www.cordobatimes.com\/showup\/wp-content\/uploads\/2025\/11\/fdoficial_566124799_18532106140024664_2275021939156904346_n-300x375.jpg 300w, https:\/\/www.cordobatimes.com\/showup\/wp-content\/uploads\/2025\/11\/fdoficial_566124799_18532106140024664_2275021939156904346_n-696x870.jpg 696w, https:\/\/www.cordobatimes.com\/showup\/wp-content\/uploads\/2025\/11\/fdoficial_566124799_18532106140024664_2275021939156904346_n-1068x1335.jpg 1068w\" sizes=\"auto, (max-width: 1080px) 100vw, 1080px\" \/><\/p>\n<p><strong>\u00bfSent\u00eds que tu forma de narrar cambi\u00f3 con el tiempo? <\/strong><\/p>\n<p>Creo que s\u00ed, aunque mi estilo no cambi\u00f3. Eso me gusta<\/p>\n<p><strong>Amistades imperfectas fue una saga muy querida: \u00bfqu\u00e9 devoluciones te hicieron llegar los lectores que motivaron esta reedici\u00f3n? <\/strong><\/p>\n<p>Es una de mis sagas mas queridas por mis lectores y me gustaba la idea de que llegaran a otras personas. Durante todos estos a\u00f1os, mis lectores siguiendo mencionando estos libros y estos personajes y me gustaba que pudi\u00e9ramos volver juntos a ellos.<\/p>\n<p><strong> \u00bfQu\u00e9 esper\u00e1s que descubra un lector que llega por primera vez a la saga a trav\u00e9s de estas nuevas ediciones? <\/strong><\/p>\n<p>Una historia sobre la amistad que todos vivimos alguna vez. Personajes que se sienten reales y que puedan acompa\u00f1arlos en estos momentos de transformaci\u00f3n que a veces pesan mucho. Espero que encuentren una historia divertida, que pueda liberarlos de los problemas y cuestiones de la vida diaria.<span class=\"html-span xexx8yu xyri2b x18d9i69 x1c1uobl x1hl2dhg x16tdsg8 x1vvkbs x3nfvp2 x1j61x8r x1fcty0u xdj266r xat24cr xm2jcoa x1mpyi22 xxymvpz xlup9mm x1kky2od\"><br \/>\n<\/span><\/p>\n<p><strong>\u00bfQu\u00e9 cre\u00e9s que van a valorar los fans de la primera hora cuando se reencuentren con el libro? <\/strong><\/p>\n<p>Las portadas, las ilustraciones que hay en el interior y que pens\u00e9 especialmente para ellos y los cap\u00edtulos de esos personajes que tanto me pidieron estos a\u00f1os.<\/p>\n<p><strong>\u00bfTe reencontraste con algo de vos misma al volver a trabajar con estos personajes? \u00bfCu\u00e1l fue el mayor desaf\u00edo creativo de revisar una obra que ya estaba \u201cterminada\u201d? <\/strong><\/p>\n<p>Como me preguntaste antes, mi forma de narrar cambi\u00f3, pero al mismo tiempo no quise hacer cambios grandes. As\u00ed trate de ser lo mas cuidadosa posible para que la historia no perdiera su esencia.<\/p>\n<p><strong>\u00bfHubo escenas o di\u00e1logos que te sorprendieron al releerlos despu\u00e9s de tantos a\u00f1os? <\/strong><\/p>\n<p>Mucho. Algunas cosas las recordaba y otras no, pero me qued\u00e9 con una linda sensaci\u00f3n. Es una historia con un buen mensaje as\u00ed que me sent\u00ed muy orgullosa al leerlos.<\/p>\n<p><strong>\u00bfC\u00f3mo fue el proceso editorial detr\u00e1s de estas reediciones? <\/strong><\/p>\n<p>Trabajamos con Erica Marino, editora de Urano, enfocadas en que los libros apuntaran al publico correcto. Con la primera edici\u00f3n, al ser tan colorida y con ilustraciones mas ani\u00f1adas, a veces en las librer\u00edas los ubicaban en un sector infantil, que no era el correcto. As\u00ed que intentamos que el dise\u00f1o de interior y la portada apuntara a esto. Ery me acompa\u00f1\u00f3 con mucho entusiasmo en todo el proyecto porque ya conoc\u00eda esta historia.<\/p>\n<p><img alt=\"\" loading=\"lazy\" decoding=\"async\" class=\"alignnone wp-image-103767 size-full\" src=\"http:\/\/www.cordobatimes.com\/showup\/wp-content\/uploads\/2025\/11\/fdoficial_573684584_18535585045024664_7089086288987269583_n.jpg\" alt=\"\" width=\"640\" height=\"853\" srcset=\"https:\/\/www.cordobatimes.com\/showup\/wp-content\/uploads\/2025\/11\/fdoficial_573684584_18535585045024664_7089086288987269583_n.jpg 640w, https:\/\/www.cordobatimes.com\/showup\/wp-content\/uploads\/2025\/11\/fdoficial_573684584_18535585045024664_7089086288987269583_n-315x420.jpg 315w, https:\/\/www.cordobatimes.com\/showup\/wp-content\/uploads\/2025\/11\/fdoficial_573684584_18535585045024664_7089086288987269583_n-150x200.jpg 150w, https:\/\/www.cordobatimes.com\/showup\/wp-content\/uploads\/2025\/11\/fdoficial_573684584_18535585045024664_7089086288987269583_n-300x400.jpg 300w\" sizes=\"auto, (max-width: 640px) 100vw, 640px\" \/><\/p>\n<p><strong>La amistad es un eje central en tus libros. \u00bfQu\u00e9 te sigue interesando explorar de ese v\u00ednculo? <\/strong><\/p>\n<p>Creo que a veces las historias se enfocan mucho en los v\u00ednculos rom\u00e1nticos, pero al final los amigos y la familia son un sost\u00e9n enorme para nosotros. Siempre me gusta incluir amigos en los libros, porque de alguna forma sirven para entender a los personajes.<\/p>\n<p><strong>\u00bfPor qu\u00e9 cre\u00e9s que Amistades imperfectas sigue resonando tanto tiempo despu\u00e9s? <\/strong><\/p>\n<p>Creo que el hecho de que sean dos libros que cuentan una misma historia desde dos perspectivas diferentes demuestra que no hay un sentimiento absoluto y que a veces es importante analizar los dos lados de una historia.<\/p>\n<p><strong>\u00bfSent\u00eds que cambi\u00f3 la forma en que los adolescentes viven y entienden la amistad desde la primera publicaci\u00f3n? <\/strong><\/p>\n<p>Creo que no. Cambiaron muchas cosas, pero la amistad, sobretodo en la adolescencia, es crucial.<\/p>\n<p><strong>\u00bfQu\u00e9 lugar ocupa Amistades imperfectas dentro de tu obra hoy?<\/strong><\/p>\n<p>Es una de mis obras mas queridas. Yo la tengo anclada en mi coraz\u00f3n y fue de las mas vendidas junto a 14\/7 y Mi deseo es odiarte.<\/p>\n<p><strong> \u00bfTe gustar\u00eda reeditar otros libros de tus primeras etapas? <\/strong><\/p>\n<p>Me gustar\u00eda mucho que Las siete vidas de Mason Daft tuviera otra oportunidad. Es una historia que me enorgullece mucho y que por cuestiones editoriales no se promocion\u00f3 lo suficiente. En M\u00e9xico recibi\u00f3 muy buenos comentarios y es un libro que marco un antes y un despu\u00e9s en mi carrera.<\/p>\n<p><strong>\u00bfQu\u00e9 nuevos proyectos ten\u00e9s en camino despu\u00e9s de esta reedici\u00f3n? <\/strong><\/p>\n<p>Estoy empezando a escribir algo nuevo, que se publicar\u00e1 el a\u00f1o que viene. Tambi\u00e9n estoy trabajando en la reedici\u00f3n de Cuando te vas que se espera que este en librer\u00edas para la primavera de 2026.<\/p>\n","protected":false},"excerpt":{"rendered":"<p>La autora presenta nuevas ediciones de su saga m\u00e1s querida, con cap\u00edtulos in\u00e9ditos, ilustraciones y un redise\u00f1o pensado para el p\u00fablico juvenil. Con la reedici\u00f3n de Amistades imperfectas, Pamela Stupia vuelve a poner en circulaci\u00f3n una historia que marc\u00f3 a toda una generaci\u00f3n de lectores adolescentes. A\u00f1os despu\u00e9s de su primera publicaci\u00f3n, la autora decidi\u00f3 [&hellip;]<\/p>\n","protected":false},"author":24,"featured_media":103765,"comment_status":"closed","ping_status":"closed","sticky":false,"template":"","format":"standard","meta":{"_seopress_robots_primary_cat":"none","_seopress_titles_title":"","_seopress_titles_desc":"","_seopress_robots_index":"","footnotes":""},"categories":[12967,22956],"tags":[40135,39408,40134,39409],"class_list":{"0":"post-103762","1":"post","2":"type-post","3":"status-publish","4":"format-standard","5":"has-post-thumbnail","7":"category-destacada","8":"category-internet","9":"tag-libros-de-pamela-stupia","10":"tag-pamela-stupia","11":"tag-pamela-stupia-amistades-imperfectas","12":"tag-pamela-stupia-libros"},"_links":{"self":[{"href":"https:\/\/www.cordobatimes.com\/showup\/wp-json\/wp\/v2\/posts\/103762","targetHints":{"allow":["GET"]}}],"collection":[{"href":"https:\/\/www.cordobatimes.com\/showup\/wp-json\/wp\/v2\/posts"}],"about":[{"href":"https:\/\/www.cordobatimes.com\/showup\/wp-json\/wp\/v2\/types\/post"}],"author":[{"embeddable":true,"href":"https:\/\/www.cordobatimes.com\/showup\/wp-json\/wp\/v2\/users\/24"}],"replies":[{"embeddable":true,"href":"https:\/\/www.cordobatimes.com\/showup\/wp-json\/wp\/v2\/comments?post=103762"}],"version-history":[{"count":0,"href":"https:\/\/www.cordobatimes.com\/showup\/wp-json\/wp\/v2\/posts\/103762\/revisions"}],"wp:featuredmedia":[{"embeddable":true,"href":"https:\/\/www.cordobatimes.com\/showup\/wp-json\/wp\/v2\/media\/103765"}],"wp:attachment":[{"href":"https:\/\/www.cordobatimes.com\/showup\/wp-json\/wp\/v2\/media?parent=103762"}],"wp:term":[{"taxonomy":"category","embeddable":true,"href":"https:\/\/www.cordobatimes.com\/showup\/wp-json\/wp\/v2\/categories?post=103762"},{"taxonomy":"post_tag","embeddable":true,"href":"https:\/\/www.cordobatimes.com\/showup\/wp-json\/wp\/v2\/tags?post=103762"}],"curies":[{"name":"wp","href":"https:\/\/api.w.org\/{rel}","templated":true}]}}