{"id":103747,"date":"2025-11-08T10:33:19","date_gmt":"2025-11-08T13:33:19","guid":{"rendered":"https:\/\/www.cordobatimes.com\/showup\/?p=103747"},"modified":"2025-11-08T10:33:19","modified_gmt":"2025-11-08T13:33:19","slug":"emilia-mernes-brilla-en-los40-music-awards-dos-premios-y-una-consagracion-internacional","status":"publish","type":"post","link":"https:\/\/www.cordobatimes.com\/showup\/musica\/2025\/11\/08\/emilia-mernes-brilla-en-los40-music-awards-dos-premios-y-una-consagracion-internacional\/","title":{"rendered":"Emilia Mernes brilla en LOS40 Music Awards: dos premios y una consagraci\u00f3n internacional"},"content":{"rendered":"<h3 data-start=\"96\" data-end=\"482\"><strong>La artista argentina Emilia Mernes contin\u00faa consolidando su lugar como una de las figuras m\u00e1s destacadas del pop latino. En la reciente edici\u00f3n de los LOS40 Music Awards Santander 2025, celebrada en Espa\u00f1a, Mernes se llev\u00f3 dos galardones: Mejor Artista Latina y Mejor Canci\u00f3n Urbana por su hit \u201cBlackout\u201d, la colaboraci\u00f3n explosiva junto a Tini y Nicki Nicole.<\/strong><\/h3>\n<p data-start=\"484\" data-end=\"832\">El tema, lanzado a mediados de 2024, se convirti\u00f3 r\u00e1pidamente en un fen\u00f3meno viral, sumando millones de reproducciones y marcando un nuevo hito en la escena musical argentina. Con \u201cBlackout\u201d, Emilia no solo reafirma su capacidad para crear \u00e9xitos, sino tambi\u00e9n su habilidad para unir estilos y voces femeninas en una propuesta poderosa y moderna.<\/p>\n<p data-start=\"834\" data-end=\"1142\">Durante la gala, Mernes agradeci\u00f3 a sus fans y a sus colegas por acompa\u00f1arla en este proyecto que, seg\u00fan cont\u00f3, \u201crepresenta una nueva etapa\u201d en su carrera. El reconocimiento llega en un a\u00f1o de enorme crecimiento para la cantante, que se consolid\u00f3 como referente del pop urbano con proyecci\u00f3n internacional.<\/p>\n<p data-start=\"1144\" data-end=\"1336\">Con este doble triunfo, <strong data-start=\"1168\" data-end=\"1185\">Emilia Mernes<\/strong> se posiciona como una de las artistas argentinas m\u00e1s influyentes del momento, llevando su m\u00fasica, su estilo y su energ\u00eda a los escenarios del mundo.<\/p>\n<blockquote class=\"twitter-tweet\" data-media-max-width=\"560\">\n<p dir=\"ltr\" lang=\"es\">Emilia cuando la anunciaron como ganadora con blackout \ud83e\uddca \ud83e\udd0d <a href=\"https:\/\/t.co\/38b9xb7HTD\">pic.twitter.com\/38b9xb7HTD<\/a><\/p>\n<p>\u2014 Emilia Mernes Updates (@emupdate) <a href=\"https:\/\/twitter.com\/emupdate\/status\/1986924483865632982?ref_src=twsrc%5Etfw\">November 7, 2025<\/a><\/p><\/blockquote>\n<p><script async src=\"https:\/\/platform.twitter.com\/widgets.js\" charset=\"utf-8\"><\/script><\/p>\n<blockquote class=\"twitter-tweet\" data-media-max-width=\"560\">\n<p dir=\"ltr\" lang=\"es\">Emilia agradeciendo a Nicki y Tini despues de ganar el premio con Blackout \ud83e\uddca \ud83e\udd0d <a href=\"https:\/\/t.co\/rNMxk70q7T\">pic.twitter.com\/rNMxk70q7T<\/a><\/p>\n<p>\u2014 Emilia Mernes Updates (@emupdate) <a href=\"https:\/\/twitter.com\/emupdate\/status\/1986927919982387667?ref_src=twsrc%5Etfw\">November 7, 2025<\/a><\/p><\/blockquote>\n<p><script async src=\"https:\/\/platform.twitter.com\/widgets.js\" charset=\"utf-8\"><\/script><\/p>\n<blockquote class=\"twitter-tweet\" data-media-max-width=\"560\">\n<p dir=\"ltr\" lang=\"es\">\ud83c\udfa6 Emilia recibiendo su segundo premio de la noche \ud83c\udfc6 <a href=\"https:\/\/t.co\/5okrVlKRsH\">pic.twitter.com\/5okrVlKRsH<\/a><\/p>\n<p>\u2014 Emilia Mernes Updates (@emupdate) <a href=\"https:\/\/twitter.com\/emupdate\/status\/1986934888843362703?ref_src=twsrc%5Etfw\">November 7, 2025<\/a><\/p><\/blockquote>\n<p><script async src=\"https:\/\/platform.twitter.com\/widgets.js\" charset=\"utf-8\"><\/script><\/p>\n","protected":false},"excerpt":{"rendered":"<p>La artista argentina Emilia Mernes contin\u00faa consolidando su lugar como una de las figuras m\u00e1s destacadas del pop latino. En la reciente edici\u00f3n de los LOS40 Music Awards Santander 2025, celebrada en Espa\u00f1a, Mernes se llev\u00f3 dos galardones: Mejor Artista Latina y Mejor Canci\u00f3n Urbana por su hit \u201cBlackout\u201d, la colaboraci\u00f3n explosiva junto a Tini [&hellip;]<\/p>\n","protected":false},"author":24,"featured_media":103750,"comment_status":"closed","ping_status":"closed","sticky":false,"template":"","format":"standard","meta":{"_seopress_robots_primary_cat":"none","_seopress_titles_title":"","_seopress_titles_desc":"","_seopress_robots_index":"","footnotes":""},"categories":[5],"tags":[40125,40127,40126],"class_list":{"0":"post-103747","1":"post","2":"type-post","3":"status-publish","4":"format-standard","5":"has-post-thumbnail","7":"category-musica","8":"tag-emilia-mernes-los40-music-awards","9":"tag-emilia-mernes-mejor-artista-latina-y-mejor-cancion-urbana","10":"tag-mejor-artista-latina-y-mejor-cancion-urbana"},"_links":{"self":[{"href":"https:\/\/www.cordobatimes.com\/showup\/wp-json\/wp\/v2\/posts\/103747","targetHints":{"allow":["GET"]}}],"collection":[{"href":"https:\/\/www.cordobatimes.com\/showup\/wp-json\/wp\/v2\/posts"}],"about":[{"href":"https:\/\/www.cordobatimes.com\/showup\/wp-json\/wp\/v2\/types\/post"}],"author":[{"embeddable":true,"href":"https:\/\/www.cordobatimes.com\/showup\/wp-json\/wp\/v2\/users\/24"}],"replies":[{"embeddable":true,"href":"https:\/\/www.cordobatimes.com\/showup\/wp-json\/wp\/v2\/comments?post=103747"}],"version-history":[{"count":0,"href":"https:\/\/www.cordobatimes.com\/showup\/wp-json\/wp\/v2\/posts\/103747\/revisions"}],"wp:featuredmedia":[{"embeddable":true,"href":"https:\/\/www.cordobatimes.com\/showup\/wp-json\/wp\/v2\/media\/103750"}],"wp:attachment":[{"href":"https:\/\/www.cordobatimes.com\/showup\/wp-json\/wp\/v2\/media?parent=103747"}],"wp:term":[{"taxonomy":"category","embeddable":true,"href":"https:\/\/www.cordobatimes.com\/showup\/wp-json\/wp\/v2\/categories?post=103747"},{"taxonomy":"post_tag","embeddable":true,"href":"https:\/\/www.cordobatimes.com\/showup\/wp-json\/wp\/v2\/tags?post=103747"}],"curies":[{"name":"wp","href":"https:\/\/api.w.org\/{rel}","templated":true}]}}