{"id":103732,"date":"2025-11-07T18:57:26","date_gmt":"2025-11-07T21:57:26","guid":{"rendered":"https:\/\/www.cordobatimes.com\/showup\/?p=103732"},"modified":"2025-11-07T18:57:26","modified_gmt":"2025-11-07T21:57:26","slug":"influencia-digital-santiago-maratea-y-la-transicion-de-creador-solidario-a-figura-multifacetica","status":"publish","type":"post","link":"https:\/\/www.cordobatimes.com\/showup\/influencers\/2025\/11\/07\/influencia-digital-santiago-maratea-y-la-transicion-de-creador-solidario-a-figura-multifacetica\/","title":{"rendered":"Influencia digital: Santiago Maratea y la transici\u00f3n de creador solidario a figura multifac\u00e9tica"},"content":{"rendered":"<h3 data-start=\"104\" data-end=\"536\"><strong>Durante la \u00faltima d\u00e9cada, Santiago Maratea se convirti\u00f3 en uno de los nombres m\u00e1s resonantes del ecosistema digital argentino. Lo que comenz\u00f3 como una presencia carism\u00e1tica en redes sociales termin\u00f3 por transformarse en un fen\u00f3meno cultural que combina activismo, comunicaci\u00f3n y entretenimiento. Hoy, Maratea transita una nueva etapa: la de figura multifac\u00e9tica, entre la influencia, el liderazgo social y la exposici\u00f3n medi\u00e1tica.<\/strong><\/h3>\n<p data-start=\"538\" data-end=\"1010\">Maratea se hizo conocido por su estilo directo y su habilidad para conectar con la audiencia a trav\u00e9s de historias cotidianas. Sin embargo, fue su faceta solidaria la que lo catapult\u00f3 a otro nivel de visibilidad. Las colectas que lider\u00f3 \u2014para causas sociales, m\u00e9dicas y ambientales\u2014 demostraron el poder de las redes cuando se utilizan con prop\u00f3sito. En un contexto de desconfianza hacia las instituciones, \u00e9l logr\u00f3 canalizar la empat\u00eda digital hacia la acci\u00f3n concreta.<\/p>\n<p data-start=\"1012\" data-end=\"1358\">Con el tiempo, su figura tambi\u00e9n gener\u00f3 debate. Sus posturas, su manera de comunicar y el manejo de los fondos recaudados despertaron discusiones sobre los l\u00edmites del influencer-activista. Pero m\u00e1s all\u00e1 de las controversias, Maratea consolid\u00f3 un nuevo modelo de figura p\u00fablica: h\u00edbrida, independiente y capaz de moverse entre mundos distintos.<\/p>\n<p data-start=\"1360\" data-end=\"1759\">Hoy, mientras ampl\u00eda su presencia en medios tradicionales y proyectos culturales, su influencia sigue siendo un caso de estudio sobre c\u00f3mo las redes pueden moldear nuevas formas de liderazgo. De creador solidario a referente medi\u00e1tico, Santiago Maratea encarna una transici\u00f3n que refleja el pulso de una generaci\u00f3n: la que encontr\u00f3 en Internet una herramienta para hacer, cuestionar y transformar.<\/p>\n","protected":false},"excerpt":{"rendered":"<p>Durante la \u00faltima d\u00e9cada, Santiago Maratea se convirti\u00f3 en uno de los nombres m\u00e1s resonantes del ecosistema digital argentino. Lo que comenz\u00f3 como una presencia carism\u00e1tica en redes sociales termin\u00f3 por transformarse en un fen\u00f3meno cultural que combina activismo, comunicaci\u00f3n y entretenimiento. Hoy, Maratea transita una nueva etapa: la de figura multifac\u00e9tica, entre la influencia, [&hellip;]<\/p>\n","protected":false},"author":24,"featured_media":103736,"comment_status":"closed","ping_status":"closed","sticky":false,"template":"","format":"standard","meta":{"_seopress_robots_primary_cat":"none","_seopress_titles_title":"","_seopress_titles_desc":"","_seopress_robots_index":"","footnotes":""},"categories":[23136],"tags":[40118,40119],"class_list":{"0":"post-103732","1":"post","2":"type-post","3":"status-publish","4":"format-standard","5":"has-post-thumbnail","7":"category-influencers","8":"tag-santiago-maratea-creador-solidario","9":"tag-santiago-maratea-figura-multifacetica"},"_links":{"self":[{"href":"https:\/\/www.cordobatimes.com\/showup\/wp-json\/wp\/v2\/posts\/103732","targetHints":{"allow":["GET"]}}],"collection":[{"href":"https:\/\/www.cordobatimes.com\/showup\/wp-json\/wp\/v2\/posts"}],"about":[{"href":"https:\/\/www.cordobatimes.com\/showup\/wp-json\/wp\/v2\/types\/post"}],"author":[{"embeddable":true,"href":"https:\/\/www.cordobatimes.com\/showup\/wp-json\/wp\/v2\/users\/24"}],"replies":[{"embeddable":true,"href":"https:\/\/www.cordobatimes.com\/showup\/wp-json\/wp\/v2\/comments?post=103732"}],"version-history":[{"count":0,"href":"https:\/\/www.cordobatimes.com\/showup\/wp-json\/wp\/v2\/posts\/103732\/revisions"}],"wp:featuredmedia":[{"embeddable":true,"href":"https:\/\/www.cordobatimes.com\/showup\/wp-json\/wp\/v2\/media\/103736"}],"wp:attachment":[{"href":"https:\/\/www.cordobatimes.com\/showup\/wp-json\/wp\/v2\/media?parent=103732"}],"wp:term":[{"taxonomy":"category","embeddable":true,"href":"https:\/\/www.cordobatimes.com\/showup\/wp-json\/wp\/v2\/categories?post=103732"},{"taxonomy":"post_tag","embeddable":true,"href":"https:\/\/www.cordobatimes.com\/showup\/wp-json\/wp\/v2\/tags?post=103732"}],"curies":[{"name":"wp","href":"https:\/\/api.w.org\/{rel}","templated":true}]}}