{"id":103727,"date":"2025-11-07T17:32:12","date_gmt":"2025-11-07T20:32:12","guid":{"rendered":"https:\/\/www.cordobatimes.com\/showup\/?p=103727"},"modified":"2025-11-07T18:25:00","modified_gmt":"2025-11-07T21:25:00","slug":"conoce-a-los-nominados-de-los-latin-grammy-2025-la-premiacion-mas-importante-de-la-musica-latina","status":"publish","type":"post","link":"https:\/\/www.cordobatimes.com\/showup\/musica\/2025\/11\/07\/conoce-a-los-nominados-de-los-latin-grammy-2025-la-premiacion-mas-importante-de-la-musica-latina\/","title":{"rendered":"Conoc\u00e9 a los nominados de los Latin Grammy 2025, la premiaci\u00f3n m\u00e1s importante de la m\u00fasica latina"},"content":{"rendered":"<h3><strong>La ceremonia se llevar\u00e1 a cabo el pr\u00f3ximo 13 de noviembre<\/strong><\/h3>\n<p>El anuncio de los\u00a0<b>nominados a los Latin Grammy 2025<\/b>\u00a0destaca a\u00a0<b>Bad Bunny<\/b>\u00a0como el artista m\u00e1s nominado, encabezando la lista con\u00a0<b>12 postulaciones<\/b>\u00a0vinculadas a su \u00e1lbum de enero,\u00a0<b>Deb\u00ed Tirar M\u00e1s Fotos<\/b>. De acuerdo con la\u00a0<b>Latin Recording Academy<\/b>, el puertorrique\u00f1o competir\u00e1 en\u00a0<b>\u00c1lbum del A\u00f1o<\/b>\u00a0y, en una coincidencia poco frecuente, tambi\u00e9n se disputar\u00e1 a s\u00ed mismo tanto en\u00a0<b>Grabaci\u00f3n del A\u00f1o<\/b>\u00a0como en\u00a0<b>Canci\u00f3n del A\u00f1o<\/b>, donde figuran \u201cBaile Inolvidable\u201d y \u201cDTMF\u201d en ambas categor\u00edas. Adem\u00e1s, el int\u00e9rprete forma parte del grupo inaugural nominado a\u00a0<b>Mejor Canci\u00f3n de Ra\u00edces<\/b>\u00a0por \u201cLo Que Le Pas\u00f3 a Hawaii\u201d, enfrent\u00e1ndose en dicha terna a\u00a0<b>Natalia Lafourcade<\/b>\u00a0y otros referentes del g\u00e9nero.<\/p>\n<p class=\"paragraph\" data-mrf-recirculation=\"Links inline\">Desde 2017,\u00a0<b>Bad Bunny<\/b>\u00a0ha logrado al menos una nominaci\u00f3n por a\u00f1o en los Latin Grammy, seg\u00fan inform\u00f3 la Academia Latina. En 2019 conquist\u00f3 su primer gram\u00f3fono por\u00a0<b>Mejor \u00c1lbum de M\u00fasica Urbana<\/b>\u00a0con \u201cX 100Pre\u201d. Actualmente, su historial acumula\u00a0<b>12 premios obtenidos y 52 nominaciones<\/b>\u00a0en total.<\/p>\n<div class=\"inline ad-wrapper\">\n<div class=\"dfpAd ad-inline\">\n<div id=\"infobae\/entretenimiento\/nota\/inline\" class=\"infobae\/entretenimiento\/nota\/inline arcad\" data-google-query-id=\"CMihmf3v4JADFR5V3QIdqYoCfw\">\n<div id=\"google_ads_iframe_\/1058609\/infobae\/entretenimiento\/nota\/inline_0__container__\"><\/div>\n<\/div>\n<\/div>\n<\/div>\n<p class=\"paragraph\" data-mrf-recirculation=\"Links inline\">La lista de nominados con doble d\u00edgito se completa con el productor y compositor\u00a0<b>Edgar Barrera<\/b>\u00a0y el d\u00fao argentino\u00a0<b>Ca7riel &amp; Paco Amoroso<\/b>. El trabajo de Barrera, principalmente desde la producci\u00f3n y composici\u00f3n, se reconoce este a\u00f1o gracias a la colaboraci\u00f3n en temas como \u201cSi Antes Te Hubiera Conocido\u201d de\u00a0<b>Karol G<\/b>\u00a0y \u201cCosas Pendientes\u201d de\u00a0<b>Maluma<\/b>. Adem\u00e1s, Barrera compite por\u00a0<b>Compositor del A\u00f1o<\/b>\u00a0y\u00a0<b>Productor del A\u00f1o<\/b>. Por su parte,\u00a0<b>Ca7riel &amp; Paco Amoroso<\/b>\u00a0(Catriel Guerreiro y Ulises Guerriero) irrumpen con fuerza gracias a su disco \u201cPapota\u201d y los sencillos destacados \u201cEl D\u00eda del Amigo\u201d y \u201c#Tetas\u201d.<\/p>\n<div class=\"news-module\" data-mrf-recirculation=\"IL_m3kiGo-8SVS6m0U7OqrZLw\" data-testid=\"text-html\" data-mrf-experience=\"IL_m3kiGo-8SVS6m0U7OqrZLw\">\n<div class=\"recommended-card__info\"><\/div>\n<\/div>\n<div class=\"visual__image\"><picture><source srcset=\"https:\/\/www.infobae.com\/resizer\/v2\/LOY3XBI7KC3JUO3L6L56ALKLVE.jpg?auth=462c5630d6e35c0fa4bca35da23162e8b68e60c68e61bd8779bf66e904e9a549&amp;smart=true&amp;width=992&amp;height=677&amp;quality=85\" media=\"(min-width: 1000px)\" \/><source srcset=\"https:\/\/www.infobae.com\/resizer\/v2\/LOY3XBI7KC3JUO3L6L56ALKLVE.jpg?auth=462c5630d6e35c0fa4bca35da23162e8b68e60c68e61bd8779bf66e904e9a549&amp;smart=true&amp;width=768&amp;height=524&amp;quality=85\" media=\"(min-width: 768px)\" \/><source srcset=\"https:\/\/www.infobae.com\/resizer\/v2\/LOY3XBI7KC3JUO3L6L56ALKLVE.jpg?auth=462c5630d6e35c0fa4bca35da23162e8b68e60c68e61bd8779bf66e904e9a549&amp;smart=true&amp;width=577&amp;height=394&amp;quality=85\" media=\"(min-width: 580px)\" \/><source srcset=\"https:\/\/www.infobae.com\/resizer\/v2\/LOY3XBI7KC3JUO3L6L56ALKLVE.jpg?auth=462c5630d6e35c0fa4bca35da23162e8b68e60c68e61bd8779bf66e904e9a549&amp;smart=true&amp;width=420&amp;height=287&amp;quality=85\" media=\"(min-width: 350px)\" \/><source srcset=\"https:\/\/www.infobae.com\/resizer\/v2\/LOY3XBI7KC3JUO3L6L56ALKLVE.jpg?auth=462c5630d6e35c0fa4bca35da23162e8b68e60c68e61bd8779bf66e904e9a549&amp;smart=true&amp;width=350&amp;height=239&amp;quality=85\" media=\"(min-width: 80px)\" \/><\/picture>Otra de las figuras principales del evento es Edgar Barrera, quien compite como productor por su trabajo con la dupla de Ca7riel y Paco Amoroso REUTERS\/Marco Bello<\/div>\n<p class=\"paragraph\" data-mrf-recirculation=\"Links inline\">El grupo de\u00a0<b>figuras relevantes<\/b>\u00a0con nominaciones incluye a artistas tan variados como\u00a0<b>Milton Nascimento, Shakira, Rauw Alejandro, Gloria Estefan, Car\u00edn Le\u00f3n, Mon Laferte, Silvana Estrada, Ela Minus, Rub\u00e9n Blades, Nicki Nicole, Christian Nodal, Rusowsky, Gustavo Dudamel, Grupo Frontera<\/b>\u00a0y\u00a0<b>Tokischa<\/b>.<\/p>\n<div class=\"inline_2_DSK ad-wrapper ad-desktop\">\n<div class=\"dfpAd ad-inline\">\n<div id=\"infobae\/entretenimiento\/nota\/inline_2_DSK\" class=\"infobae\/entretenimiento\/nota\/inline_2_DSK arcad\" data-google-query-id=\"CLG1z_zv4JADFb1c3QIdw8cAMg\">\n<div id=\"google_ads_iframe_\/1058609\/infobae\/entretenimiento\/nota\/inline_2_DSK_0__container__\"><\/div>\n<\/div>\n<\/div>\n<\/div>\n<p class=\"paragraph\" data-mrf-recirculation=\"Links inline\">La gala de los\u00a0<b>Latin Grammy 2025<\/b>\u00a0se celebrar\u00e1 el\u00a0<b>jueves 13 de noviembre en el MGM Grand Garden Arena<\/b>, ubicado en\u00a0<b>Las Vegas, Nevada<\/b>. La producci\u00f3n de la retransmisi\u00f3n est\u00e1 a cargo de\u00a0<b>TelevisaUnivision<\/b>, siendo emitida en las plataformas estadounidenses de la cadena.<\/p>\n<div class=\"news-module\" data-mrf-recirculation=\"IL_wLyG9sjfRQKb8QO3fSLumw\" data-testid=\"text-html\" data-mrf-experience=\"IL_wLyG9sjfRQKb8QO3fSLumw\">\n<div class=\"recommended-card__info\"><\/div>\n<div class=\"recommended-card__info\"><b>A continuaci\u00f3n, la lista completa de nominados a los premios Latin Grammy 2025:<\/b><\/div>\n<\/div>\n<p class=\"paragraph\" data-mrf-recirculation=\"Links inline\">Grabaci\u00f3n del A\u00f1o<\/p>\n<ul class=\"list\" data-icon=\"\u2b24\">\n<li data-icon=\"\u2b24\"><b>Alejandro Sanz<\/b>\u00a0&#8211; Palmeras en el Jard\u00edn<\/li>\n<li data-icon=\"\u2b24\"><b>Bad Bunny<\/b>\u00a0&#8211; Baile Inolvidable<\/li>\n<li data-icon=\"\u2b24\"><b>Bad Bunny<\/b>\u00a0&#8211; DTMF<\/li>\n<li data-icon=\"\u2b24\"><b>Ca7riel &amp; Paco Amoroso<\/b>\u00a0&#8211; El D\u00eda del Amigo<\/li>\n<li data-icon=\"\u2b24\"><b>Ca7riel &amp; Paco Amoroso<\/b>\u00a0&#8211; #Tetas<\/li>\n<li data-icon=\"\u2b24\"><b>Jorge Drexler &amp; Conociendo Rusia<\/b>\u00a0&#8211; Desastres Fabulosos<\/li>\n<li data-icon=\"\u2b24\"><b>Karol G<\/b>\u00a0&#8211; Si Antes Te Hubiera Conocido<\/li>\n<li data-icon=\"\u2b24\"><b>Liniker<\/b>\u00a0con Amaro Freitas &amp; Anavit\u00f3ria &#8211; Ao Teu Lado<\/li>\n<li data-icon=\"\u2b24\"><b>Natalia Lafourcade<\/b>\u00a0&#8211; Cancionera<\/li>\n<li data-icon=\"\u2b24\"><b>Zoe Gotusso<\/b>\u00a0&#8211; Lara<\/li>\n<\/ul>\n<p class=\"paragraph\" data-mrf-recirculation=\"Links inline\">\u00c1lbum del A\u00f1o<\/p>\n<ul class=\"list\" data-icon=\"\u2b24\">\n<li data-icon=\"\u2b24\"><b>Alejandro Sanz<\/b>\u00a0&#8211; \u00bfY Ahora Qu\u00e9?<\/li>\n<li data-icon=\"\u2b24\"><b>Bad Bunny<\/b>\u00a0&#8211; Deb\u00ed Tirar M\u00e1s Fotos<\/li>\n<li data-icon=\"\u2b24\"><b>Car\u00edn Le\u00f3n<\/b>\u00a0&#8211; Palabra de To\u2019s (Seca)<\/li>\n<li data-icon=\"\u2b24\"><b>Ca7riel &amp; Paco Amoroso<\/b>\u00a0&#8211; Papota<\/li>\n<li data-icon=\"\u2b24\"><b>Elena Rose<\/b>\u00a0&#8211; En las Nubes &#8211; Con Mis Panas<\/li>\n<li data-icon=\"\u2b24\"><b>Gloria Estefan<\/b>\u00a0&#8211; Ra\u00edces<\/li>\n<li data-icon=\"\u2b24\"><b>Joaquina<\/b>\u00a0&#8211; Al Romper la Burbuja<\/li>\n<li data-icon=\"\u2b24\"><b>Liniker<\/b>\u00a0&#8211; Caju<\/li>\n<li data-icon=\"\u2b24\"><b>Natalia Lafourcade<\/b>\u00a0&#8211; Cancionera<\/li>\n<li data-icon=\"\u2b24\"><b>Rauw Alejandro<\/b>\u00a0&#8211; Cosa Nuestra<\/li>\n<li data-icon=\"\u2b24\"><b>Vicente Garc\u00eda<\/b>\u00a0&#8211; Pu\u00f1ito de Yocah\u00fa<\/li>\n<\/ul>\n<p class=\"paragraph\" data-mrf-recirculation=\"Links inline\">Canci\u00f3n del A\u00f1o<\/p>\n<ul class=\"list\" data-icon=\"\u2b24\">\n<li data-icon=\"\u2b24\"><b>Alejandro Sanz<\/b>\u00a0&#8211; Palmeras en el Jard\u00edn<\/li>\n<li data-icon=\"\u2b24\"><b>Andr\u00e9s Cepeda<\/b>\u00a0&#8211; Bogot\u00e1<\/li>\n<li data-icon=\"\u2b24\"><b>Bad Bunny<\/b>\u00a0&#8211; Baile Inolvidable<\/li>\n<li data-icon=\"\u2b24\"><b>Bad Bunny<\/b>\u00a0&#8211; DTMF<\/li>\n<li data-icon=\"\u2b24\"><b>Ca7riel &amp; Paco Amoroso<\/b>\u00a0&#8211; El D\u00eda del Amigo<\/li>\n<li data-icon=\"\u2b24\"><b>Ca7riel &amp; Paco Amoroso<\/b>\u00a0&#8211; #Tetas<\/li>\n<li data-icon=\"\u2b24\"><b>Karol G<\/b>\u00a0&#8211; Si Antes Te Hubiera Conocido<\/li>\n<li data-icon=\"\u2b24\"><b>Liniker<\/b>\u00a0&#8211; Veludo Marrom<\/li>\n<li data-icon=\"\u2b24\"><b>Mon Laferte<\/b>\u00a0&#8211; Otra Noche de Llorar<\/li>\n<li data-icon=\"\u2b24\"><b>Natalia Lafourcade<\/b>\u00a0&#8211; Cancionera<\/li>\n<\/ul>\n<p class=\"paragraph\" data-mrf-recirculation=\"Links inline\">Mejor Nuevo Artista<\/p>\n<ul class=\"list\" data-icon=\"\u2b24\">\n<li data-icon=\"\u2b24\"><b>Alex Luna<\/b><\/li>\n<li data-icon=\"\u2b24\"><b>Alleh<\/b><\/li>\n<li data-icon=\"\u2b24\"><b>Annasofia<\/b><\/li>\n<li data-icon=\"\u2b24\"><b>Camila Guevara<\/b><\/li>\n<li data-icon=\"\u2b24\"><b>Isadora<\/b><\/li>\n<li data-icon=\"\u2b24\"><b>Juliane Gamboa<\/b><\/li>\n<li data-icon=\"\u2b24\"><b>Paloma Morphy<\/b><\/li>\n<li data-icon=\"\u2b24\"><b>Ruzzi<\/b><\/li>\n<li data-icon=\"\u2b24\"><b>Sued Nunes<\/b><\/li>\n<li data-icon=\"\u2b24\"><b>Yerai Cort\u00e9s<\/b><\/li>\n<\/ul>\n<p class=\"paragraph\" data-mrf-recirculation=\"Links inline\">Mejor \u00c1lbum Pop Contempor\u00e1neo<\/p>\n<ul class=\"list\" data-icon=\"\u2b24\">\n<li data-icon=\"\u2b24\"><b>Aitana<\/b>\u00a0&#8211; Cuarto Azul<\/li>\n<li data-icon=\"\u2b24\"><b>Alejandro Sanz<\/b>\u00a0&#8211; \u00bfY Ahora Qu\u00e9?<\/li>\n<li data-icon=\"\u2b24\"><b>Elena Rose<\/b>\u00a0&#8211; En las Nubes &#8211; Con Mis Panas<\/li>\n<li data-icon=\"\u2b24\"><b>Elsa y Elmar<\/b>\u00a0&#8211; Palacio<\/li>\n<li data-icon=\"\u2b24\"><b>Joaquina<\/b>\u00a0&#8211; Al Romper la Burbuja<\/li>\n<\/ul>\n<p class=\"paragraph\" data-mrf-recirculation=\"Links inline\">Mejor \u00c1lbum Pop Tradicional<\/p>\n<ul class=\"list\" data-icon=\"\u2b24\">\n<li data-icon=\"\u2b24\"><b>Andr\u00e9s Cepeda<\/b>\u00a0&#8211; Bogot\u00e1<\/li>\n<li data-icon=\"\u2b24\"><b>Jesse &amp; Joy<\/b>\u00a0&#8211; Lo Que Nos Falt\u00f3 Decir<\/li>\n<li data-icon=\"\u2b24\"><b>Natalia Lafourcade<\/b>\u00a0&#8211; Natalia Lafourcade Live at Carnegie Hall<\/li>\n<li data-icon=\"\u2b24\"><b>Raquel Sof\u00eda<\/b>\u00a0&#8211; Despu\u00e9s de los 30<\/li>\n<li data-icon=\"\u2b24\"><b>Zoe Gotusso<\/b>\u00a0&#8211; Cursi<\/li>\n<\/ul>\n<p class=\"paragraph\" data-mrf-recirculation=\"Links inline\">Mejor Canci\u00f3n Pop<\/p>\n<ul class=\"list\" data-icon=\"\u2b24\">\n<li data-icon=\"\u2b24\"><b>Andr\u00e9s Cepeda<\/b>\u00a0&#8211; Bogot\u00e1<\/li>\n<li data-icon=\"\u2b24\"><b>Ca7riel &amp; Paco Amoroso<\/b>\u00a0&#8211; El D\u00eda del Amigo<\/li>\n<li data-icon=\"\u2b24\"><b>Nicole Zignago<\/b>\u00a0&#8211; Te Quiero<\/li>\n<li data-icon=\"\u2b24\"><b>Shakira<\/b>\u00a0&#8211; Soltera<\/li>\n<li data-icon=\"\u2b24\"><b>Yami Safdie &amp; Camilo<\/b>\u00a0&#8211; Querida Yo<\/li>\n<\/ul>\n<p class=\"paragraph\" data-mrf-recirculation=\"Links inline\">Mejor Interpretaci\u00f3n de M\u00fasica Electr\u00f3nica Latina<\/p>\n<ul class=\"list\" data-icon=\"\u2b24\">\n<li data-icon=\"\u2b24\"><b>Boza &amp; Elena Rose<\/b>\u00a0&#8211; Orion (Sistek Remix)<\/li>\n<li data-icon=\"\u2b24\"><b>Ela Minus<\/b>\u00a0&#8211; QQQQ<\/li>\n<li data-icon=\"\u2b24\"><b>Imanbek &amp; Taichu<\/b>\u00a0&#8211; Ella Quiere Techno<\/li>\n<li data-icon=\"\u2b24\"><b>Mr. Pauer, Villa Electronika &amp; DJ Polin<\/b>\u00a0&#8211; Rulay en Dubai (Extended)<\/li>\n<li data-icon=\"\u2b24\"><b>Rawayana &amp; Akapellah<\/b>\u00a0&#8211; Veneka<\/li>\n<\/ul>\n<div class=\"undefined ad-wrapper\">\n<div class=\"dfpAd \">\n<div id=\"infobae\/entretenimiento\/nota\/undefined\" class=\"infobae\/entretenimiento\/nota\/undefined arcad\"><\/div>\n<\/div>\n<\/div>\n<p class=\"paragraph\" data-mrf-recirculation=\"Links inline\">Mejor Interpretaci\u00f3n Urbana\/Fusi\u00f3n Urbana<\/p>\n<ul class=\"list\" data-icon=\"\u2b24\">\n<li data-icon=\"\u2b24\"><b>Alleh &amp; Yorghaki<\/b>\u00a0&#8211; Capaz (Merengueton)<\/li>\n<li data-icon=\"\u2b24\"><b>Bad Bunny<\/b>\u00a0&#8211; DTMF<\/li>\n<li data-icon=\"\u2b24\"><b>Jay Wheeler<\/b>\u00a0&#8211; Roma<\/li>\n<li data-icon=\"\u2b24\"><b>Tokischa &amp; Nathy Peluso<\/b>\u00a0&#8211; De Maravisha<\/li>\n<li data-icon=\"\u2b24\"><b>W Sound, Be\u00e9le &amp; Ovy On the Drums<\/b>\u00a0&#8211; La Plena (W Sound 05)<\/li>\n<\/ul>\n<p class=\"paragraph\" data-mrf-recirculation=\"Links inline\">Mejor Interpretaci\u00f3n de Reggaet\u00f3n<\/p>\n<ul class=\"list\" data-icon=\"\u2b24\">\n<li data-icon=\"\u2b24\"><b>Bad Bunny<\/b>\u00a0&#8211; Voy a Llevarte Pa\u2019 PR<\/li>\n<li data-icon=\"\u2b24\"><b>Lenny Tav\u00e1rez<\/b>\u00a0&#8211; Brillar<\/li>\n<li data-icon=\"\u2b24\"><b>Nicky Jam<\/b>\u00a0&#8211; Dile a \u00c9l<\/li>\n<li data-icon=\"\u2b24\"><b>Rauw Alejandro &amp; Alexis y Fido<\/b>\u00a0&#8211; Baja Pa\u2019 Ac\u00e1<\/li>\n<li data-icon=\"\u2b24\"><b>Yandel &amp; Tego Calder\u00f3n<\/b>\u00a0&#8211; Reggaeton Malandro<\/li>\n<\/ul>\n<div class=\"undefined ad-wrapper\">\n<div class=\"dfpAd \">\n<div id=\"infobae\/entretenimiento\/nota\/undefined\" class=\"infobae\/entretenimiento\/nota\/undefined arcad\"><\/div>\n<\/div>\n<\/div>\n<p class=\"paragraph\" data-mrf-recirculation=\"Links inline\">Mejor \u00c1lbum de M\u00fasica Urbana<\/p>\n<ul class=\"list\" data-icon=\"\u2b24\">\n<li data-icon=\"\u2b24\"><b>Bad Bunny<\/b>\u00a0&#8211; Deb\u00ed Tirar M\u00e1s Fotos<\/li>\n<li data-icon=\"\u2b24\"><b>Fariana<\/b>\u00a0&#8211; Underwater<\/li>\n<li data-icon=\"\u2b24\"><b>Nicki Nicole<\/b>\u00a0&#8211; Naiki<\/li>\n<li data-icon=\"\u2b24\"><b>Papatinho<\/b>\u00a0&#8211; MPC (M\u00fasica Popular Carioca)<\/li>\n<li data-icon=\"\u2b24\"><b>Yandel<\/b>\u00a0&#8211; Elyte<\/li>\n<\/ul>\n<p class=\"paragraph\" data-mrf-recirculation=\"Links inline\">Mejor Canci\u00f3n de Rap\/Hip Hop<\/p>\n<ul class=\"list\" data-icon=\"\u2b24\">\n<li data-icon=\"\u2b24\"><b>Akapellah con Trueno<\/b>\u00a0&#8211; Parriba<\/li>\n<li data-icon=\"\u2b24\"><b>Arc\u00e1ngel<\/b>\u00a0&#8211; THC<\/li>\n<li data-icon=\"\u2b24\"><b>Big Soto &amp; Eladio Carri\u00f3n<\/b>\u00a0&#8211; El Favorite de Mami<\/li>\n<li data-icon=\"\u2b24\"><b>J Noa &amp; Vakero<\/b>\u00a0&#8211; Sudor y Tinta<\/li>\n<li data-icon=\"\u2b24\"><b>Trueno<\/b>\u00a0&#8211; Fresh<\/li>\n<\/ul>\n<div class=\"undefined ad-wrapper\">\n<div class=\"dfpAd \">\n<div id=\"infobae\/entretenimiento\/nota\/undefined\" class=\"infobae\/entretenimiento\/nota\/undefined arcad\"><\/div>\n<\/div>\n<\/div>\n<p class=\"paragraph\" data-mrf-recirculation=\"Links inline\">Mejor Canci\u00f3n Urbana<\/p>\n<ul class=\"list\" data-icon=\"\u2b24\">\n<li data-icon=\"\u2b24\"><b>\u00c1lvaro D\u00edaz &amp; Nathy Peluso<\/b>\u00a0&#8211; XQ Eres As\u00ed<\/li>\n<li data-icon=\"\u2b24\"><b>Bad Bunny<\/b>\u00a0&#8211; DTMF<\/li>\n<li data-icon=\"\u2b24\"><b>Bad Bunny<\/b>\u00a0&#8211; La Mudanza<\/li>\n<li data-icon=\"\u2b24\"><b>Maluma<\/b>\u00a0&#8211; Cosas Pendientes<\/li>\n<li data-icon=\"\u2b24\"><b>Trueno &amp; Young Miko<\/b>\u00a0&#8211; En la City<\/li>\n<\/ul>\n<p class=\"paragraph\" data-mrf-recirculation=\"Links inline\">Mejor \u00c1lbum de Rock<\/p>\n<ul class=\"list\" data-icon=\"\u2b24\">\n<li data-icon=\"\u2b24\"><b>A.N.I.M.A.L.<\/b>\u00a0&#8211; Legado<\/li>\n<li data-icon=\"\u2b24\"><b>Eruca Sativa<\/b>\u00a0&#8211; A Tres D\u00edas de la Tierra<\/li>\n<li data-icon=\"\u2b24\"><b>Fito P\u00e1ez<\/b>\u00a0&#8211; Novela<\/li>\n<li data-icon=\"\u2b24\"><b>Leiva<\/b>\u00a0&#8211; Gigante<\/li>\n<li data-icon=\"\u2b24\"><b>Marilina Bertoldi<\/b>\u00a0&#8211; Luna en Obras (En Vivo)<\/li>\n<\/ul>\n<p class=\"paragraph\" data-mrf-recirculation=\"Links inline\">Mejor Canci\u00f3n de Rock<\/p>\n<ul class=\"list\" data-icon=\"\u2b24\">\n<li data-icon=\"\u2b24\"><b>A.N.I.M.A.L.<\/b>\u00a0&#8211; Legado<\/li>\n<li data-icon=\"\u2b24\"><b>Ali Stone<\/b>\u00a0&#8211; TRNA<\/li>\n<li data-icon=\"\u2b24\"><b>Eruca Sativa<\/b>\u00a0&#8211; Volarte<\/li>\n<li data-icon=\"\u2b24\"><b>Fito P\u00e1ez<\/b>\u00a0&#8211; Sale el Sol<\/li>\n<li data-icon=\"\u2b24\"><b>Renee<\/b>\u00a0&#8211; La Torre<\/li>\n<\/ul>\n<p class=\"paragraph\" data-mrf-recirculation=\"Links inline\">Mejor \u00c1lbum Pop\/Rock<\/p>\n<ul class=\"list\" data-icon=\"\u2b24\">\n<li data-icon=\"\u2b24\"><b>Bandalos Chinos<\/b>\u00a0&#8211; V\u00e1ndalos<\/li>\n<li data-icon=\"\u2b24\"><b>Dani Mart\u00edn<\/b>\u00a0&#8211; El \u00daltimo D\u00eda de Nuestras Vidas<\/li>\n<li data-icon=\"\u2b24\"><b>Diamante El\u00e9ctrico<\/b>\u00a0&#8211; Malhablado<\/li>\n<li data-icon=\"\u2b24\"><b>Lasso<\/b>\u00a0&#8211; Malcriado<\/li>\n<li data-icon=\"\u2b24\"><b>Morat<\/b>\u00a0&#8211; Ya Es Ma\u00f1ana<\/li>\n<li data-icon=\"\u2b24\"><b>Renee<\/b>\u00a0&#8211; R<\/li>\n<\/ul>\n<p class=\"paragraph\" data-mrf-recirculation=\"Links inline\">Mejor Canci\u00f3n Pop\/Rock<\/p>\n<ul class=\"list\" data-icon=\"\u2b24\">\n<li data-icon=\"\u2b24\"><b>Debi Nova<\/b>\u00a0&#8211; Tu Manera de Amar<\/li>\n<li data-icon=\"\u2b24\"><b>Joaqu\u00edn Sabina<\/b>\u00a0&#8211; Un \u00daltimo Vals<\/li>\n<li data-icon=\"\u2b24\"><b>Joaquina<\/b>\u00a0&#8211; No Llames Lo M\u00edo Nuestro<\/li>\n<li data-icon=\"\u2b24\"><b>Jorge Drexler &amp; Conociendo Rusia<\/b>\u00a0&#8211; Desastres Fabulosos<\/li>\n<li data-icon=\"\u2b24\"><b>Lasso<\/b>\u00a0&#8211; Lucifer<\/li>\n<li data-icon=\"\u2b24\"><b>Leiva<\/b>\u00a0&#8211; \u00c1ngulo Muerto<\/li>\n<\/ul>\n<p class=\"paragraph\" data-mrf-recirculation=\"Links inline\">Mejor \u00c1lbum de M\u00fasica Alternativa<\/p>\n<ul class=\"list\" data-icon=\"\u2b24\">\n<li data-icon=\"\u2b24\"><b>Ca7riel &amp; Paco Amoroso<\/b>\u00a0&#8211; Papota<\/li>\n<li data-icon=\"\u2b24\"><b>Judeline<\/b>\u00a0&#8211; Bodhiria<\/li>\n<li data-icon=\"\u2b24\"><b>Latin Mafia<\/b>\u00a0&#8211; Todos los D\u00edas Todo el D\u00eda<\/li>\n<li data-icon=\"\u2b24\"><b>Marilina Bertoldi<\/b>\u00a0&#8211; Para Quien Trabajas Vol. I<\/li>\n<li data-icon=\"\u2b24\"><b>Rusowsky<\/b>\u00a0&#8211; Daisy<\/li>\n<\/ul>\n<p class=\"paragraph\" data-mrf-recirculation=\"Links inline\">Mejor Canci\u00f3n Alternativa<\/p>\n<ul class=\"list\" data-icon=\"\u2b24\">\n<li data-icon=\"\u2b24\"><b>Bandalos Chinos<\/b>\u00a0&#8211; El Ritmo<\/li>\n<li data-icon=\"\u2b24\"><b>Ca7riel &amp; Paco Amoroso<\/b>\u00a0&#8211; #Tetas<\/li>\n<li data-icon=\"\u2b24\"><b>Judeline<\/b>\u00a0&#8211; Joropo<\/li>\n<li data-icon=\"\u2b24\"><b>Latin Mafia<\/b>\u00a0&#8211; Siento Que Merezco M\u00e1s<\/li>\n<li data-icon=\"\u2b24\"><b>Paloma Morphy<\/b>\u00a0&#8211; (Sola)<\/li>\n<\/ul>\n<p class=\"paragraph\" data-mrf-recirculation=\"Links inline\">Mejor \u00c1lbum de Salsa<\/p>\n<ul class=\"list\" data-icon=\"\u2b24\">\n<li data-icon=\"\u2b24\"><b>Gilberto Santa Rosa<\/b>\u00a0&#8211; Debut y Segunda Tanda, Vol. 2<\/li>\n<li data-icon=\"\u2b24\"><b>Issac Delgado<\/b>\u00a0&#8211; Mira Como Vengo<\/li>\n<li data-icon=\"\u2b24\"><b>Jos\u00e9 Alberto \u201cEl Canario\u201d<\/b>\u00a0&#8211; Big Swing<\/li>\n<li data-icon=\"\u2b24\"><b>Los Hermanos Rosario<\/b>\u00a0&#8211; Infinito Positivo<\/li>\n<li data-icon=\"\u2b24\"><b>Rub\u00e9n Blades con Roberto Delgado &amp; Orquesta<\/b>\u00a0&#8211; Fotograf\u00edas<\/li>\n<\/ul>\n<p class=\"paragraph\" data-mrf-recirculation=\"Links inline\">Mejor \u00c1lbum de Cumbia\/Vallenato<\/p>\n<ul class=\"list\" data-icon=\"\u2b24\">\n<li data-icon=\"\u2b24\"><b>Checo Acosta<\/b>\u00a0&#8211; Son 30<\/li>\n<li data-icon=\"\u2b24\"><b>Karen Lizarazo<\/b>\u00a0&#8211; De Amor Nadie Se Muere<\/li>\n<li data-icon=\"\u2b24\"><b>Los Cumbia Stars<\/b>\u00a0&#8211; Baila Kolombia<\/li>\n<li data-icon=\"\u2b24\"><b>Peter Manjarr\u00e9s &amp; Luis Jos\u00e9 Villa<\/b>\u00a0&#8211; La Jerarqu\u00eda<\/li>\n<li data-icon=\"\u2b24\"><b>Silvestre Dangond &amp; Juancho de la Espriella<\/b>\u00a0&#8211; El \u00daltimo Baile<\/li>\n<\/ul>\n<p class=\"paragraph\" data-mrf-recirculation=\"Links inline\">Mejor \u00c1lbum de Merengue\/Bachata<\/p>\n<ul class=\"list\" data-icon=\"\u2b24\">\n<li data-icon=\"\u2b24\"><b>Alex Bueno<\/b>\u00a0&#8211; El M\u00e1s Completo<\/li>\n<li data-icon=\"\u2b24\"><b>Eddy Herrera<\/b>\u00a0&#8211; Novato Apostador<\/li>\n<li data-icon=\"\u2b24\"><b>Milly Quezada<\/b>\u00a0&#8211; Live, Vol. 1 (Desde el Teatro Nacional de Rep\u00fablica Dominicana)<\/li>\n<\/ul>\n<p class=\"paragraph\" data-mrf-recirculation=\"Links inline\">Mejor \u00c1lbum Tropical Tradicional<\/p>\n<ul class=\"list\" data-icon=\"\u2b24\">\n<li data-icon=\"\u2b24\"><b>Gloria Estefan<\/b>\u00a0&#8211; Ra\u00edces<\/li>\n<li data-icon=\"\u2b24\"><b>Malena Burke &amp; Meme Solis<\/b>\u00a0&#8211; Malena Burke Canta a Meme Solis, Vol. 1<\/li>\n<li data-icon=\"\u2b24\"><b>Orquesta Failde<\/b>\u00a0&#8211; Caminando Piango Piango<\/li>\n<\/ul>\n<p class=\"paragraph\" data-mrf-recirculation=\"Links inline\">Mejor \u00c1lbum Tropical Contempor\u00e1neo<\/p>\n<ul class=\"list\" data-icon=\"\u2b24\">\n<li data-icon=\"\u2b24\"><b>Alain P\u00e9rez<\/b>\u00a0&#8211; Bingo<\/li>\n<li data-icon=\"\u2b24\"><b>Mike Bah\u00eda<\/b>\u00a0&#8211; Calidosa<\/li>\n<li data-icon=\"\u2b24\"><b>Pedrito Mart\u00ednez<\/b>\u00a0&#8211; Ilusi\u00f3n \u00d3ptica<\/li>\n<li data-icon=\"\u2b24\"><b>Puerto Candelaria<\/b>\u00a0&#8211; Fiesta Candelaria<\/li>\n<li data-icon=\"\u2b24\"><b>Vicente Garc\u00eda<\/b>\u00a0&#8211; Pu\u00f1ito de Yocah\u00fa<\/li>\n<\/ul>\n<p class=\"paragraph\" data-mrf-recirculation=\"Links inline\">Mejor Canci\u00f3n Tropical<\/p>\n<ul class=\"list\" data-icon=\"\u2b24\">\n<li data-icon=\"\u2b24\"><b>Fonseca &amp; Rawayana<\/b>\u00a0&#8211; Venga Lo Que Venga<\/li>\n<li data-icon=\"\u2b24\"><b>Fonseca &amp; Rub\u00e9n Blades<\/b>\u00a0&#8211; Nunca Me Fui<\/li>\n<li data-icon=\"\u2b24\"><b>Gilberto Santa Rosa<\/b>\u00a0&#8211; Ahora o Nunca<\/li>\n<li data-icon=\"\u2b24\"><b>Karol G<\/b>\u00a0&#8211; Si Antes Te Hubiera Conocido<\/li>\n<li data-icon=\"\u2b24\"><b>Luis Enrique<\/b>\u00a0&#8211; La Foto<\/li>\n<li data-icon=\"\u2b24\"><b>Techy Fatule<\/b>\u00a0&#8211; Cari\u00f1ito<\/li>\n<li data-icon=\"\u2b24\"><b>V\u00edctor Manuelle<\/b>\u00a0&#8211; Si Volviera Jes\u00fas<\/li>\n<\/ul>\n<p class=\"paragraph\" data-mrf-recirculation=\"Links inline\">Mejor \u00c1lbum Cantautor<\/p>\n<ul class=\"list\" data-icon=\"\u2b24\">\n<li data-icon=\"\u2b24\"><b>Ale Z\u00e9guer<\/b>\u00a0&#8211; Relatos<\/li>\n<li data-icon=\"\u2b24\"><b>Alejandro y Maria Laura<\/b>\u00a0&#8211; Dos Hemisferios<\/li>\n<li data-icon=\"\u2b24\"><b>Natalia Lafourcade<\/b>\u00a0&#8211; Cancionera<\/li>\n<li data-icon=\"\u2b24\"><b>Valeria Castro<\/b>\u00a0&#8211; El Cuerpo Despu\u00e9s de Todo<\/li>\n<li data-icon=\"\u2b24\"><b>Vivir Quintana<\/b>\u00a0&#8211; Cosas Que Sorprenden a la Audiencia<\/li>\n<\/ul>\n<p class=\"paragraph\" data-mrf-recirculation=\"Links inline\">Mejor Canci\u00f3n Cantautor<\/p>\n<ul class=\"list\" data-icon=\"\u2b24\">\n<li data-icon=\"\u2b24\"><b>Camil\u00fa<\/b>\u00a0&#8211; Amarte Sin Que Quieras Irte<\/li>\n<li data-icon=\"\u2b24\"><b>Joaquina<\/b>\u00a0&#8211; Aeropuerto<\/li>\n<li data-icon=\"\u2b24\"><b>Natalia Lafourcade<\/b>\u00a0&#8211; Cancionera<\/li>\n<li data-icon=\"\u2b24\"><b>Silvana Estrada<\/b>\u00a0&#8211; Como un P\u00e1jaro<\/li>\n<li data-icon=\"\u2b24\"><b>Vicente Garc\u00eda<\/b>\u00a0&#8211; Quisqueya<\/li>\n<\/ul>\n<p class=\"paragraph\" data-mrf-recirculation=\"Links inline\">Mejor \u00c1lbum Ranchero\/Mariachi<\/p>\n<ul class=\"list\" data-icon=\"\u2b24\">\n<li data-icon=\"\u2b24\"><b>Christian Nodal<\/b>\u00a0&#8211; \u00bfQui\u00e9n + Como Yo?<\/li>\n<li data-icon=\"\u2b24\"><b>Mariachi Reyna de Los \u00c1ngeles<\/b>\u00a0&#8211; Alma de Reyna 30 Aniversario<\/li>\n<li data-icon=\"\u2b24\"><b>Pepe Aguilar<\/b>\u00a0&#8211; Mi Suerte Es Ser Mexicano<\/li>\n<\/ul>\n<p class=\"paragraph\" data-mrf-recirculation=\"Links inline\">Mejor \u00c1lbum de Banda<\/p>\n<ul class=\"list\" data-icon=\"\u2b24\">\n<li data-icon=\"\u2b24\"><b>Banda MS de Sergio Liz\u00e1rraga<\/b>\u00a0&#8211; Edici\u00f3n Limitada<\/li>\n<li data-icon=\"\u2b24\"><b>Juli\u00f3n \u00c1lvarez y su Norte\u00f1o Banda<\/b>\u00a0&#8211; 42 18<\/li>\n<li data-icon=\"\u2b24\"><b>Luis Angel \u201cEl Flaco\u201d<\/b>\u00a0&#8211; 25 Aniversario (Deluxe)<\/li>\n<\/ul>\n<p class=\"paragraph\" data-mrf-recirculation=\"Links inline\">Mejor \u00c1lbum Tejano<\/p>\n<ul class=\"list\" data-icon=\"\u2b24\">\n<li data-icon=\"\u2b24\"><b>Bobby Pulido<\/b>\u00a0&#8211; Bobby Pulido &amp; Friends Una Tuya y una M\u00eda (Vol. 1 \/ En Vivo)<\/li>\n<li data-icon=\"\u2b24\"><b>El Plan<\/b>\u00a0&#8211; Imperfecto, Vol. 2<\/li>\n<li data-icon=\"\u2b24\"><b>Gabriella<\/b>\u00a0&#8211; Yo No Te Perd\u00ed<\/li>\n<li data-icon=\"\u2b24\"><b>Grupo Cultura<\/b>\u00a0&#8211; Reflexiones<\/li>\n<li data-icon=\"\u2b24\"><b>Juan Trevi\u00f1o<\/b><\/li>\n<li data-icon=\"\u2b24\"><b>Marian y Mariel<\/b>\u00a0&#8211; El Siguiente Paso (Live Session)<\/li>\n<\/ul>\n<p class=\"paragraph\" data-mrf-recirculation=\"Links inline\">Mejor \u00c1lbum Norte\u00f1o<\/p>\n<ul class=\"list\" data-icon=\"\u2b24\">\n<li data-icon=\"\u2b24\"><b>Alfredo Olivas<\/b>\u00a0&#8211; \u201cV1V0\u201d<\/li>\n<li data-icon=\"\u2b24\"><b>El Plan &amp; Manuel Alejandro<\/b>\u00a0&#8211; El Plan &amp; Manuel Alejandro<\/li>\n<li data-icon=\"\u2b24\"><b>La Energ\u00eda Norte\u00f1a<\/b>\u00a0&#8211; Pasado, Presente, Futuro<\/li>\n<li data-icon=\"\u2b24\"><b>Los Tigres del Norte<\/b>\u00a0&#8211; La Loter\u00eda<\/li>\n<li data-icon=\"\u2b24\"><b>Pesado<\/b>\u00a0&#8211; Frente a Frente<\/li>\n<\/ul>\n<p class=\"paragraph\" data-mrf-recirculation=\"Links inline\">Mejor \u00c1lbum de M\u00fasica Mexicana Contempor\u00e1nea<\/p>\n<ul class=\"list\" data-icon=\"\u2b24\">\n<li data-icon=\"\u2b24\"><b>Car\u00edn Le\u00f3n<\/b>\u00a0&#8211; Palabra de To\u2019s (Seca)<\/li>\n<li data-icon=\"\u2b24\"><b>DannyLux<\/b>\u00a0&#8211; Leyenda<\/li>\n<li data-icon=\"\u2b24\"><b>Grupo Firme<\/b>\u00a0&#8211; Evoluci\u00f3n<\/li>\n<li data-icon=\"\u2b24\"><b>Ivan Cornejo<\/b>\u00a0&#8211; Mirada<\/li>\n<li data-icon=\"\u2b24\"><b>Tito Double P<\/b>\u00a0&#8211; Inc\u00f3modo<\/li>\n<\/ul>\n<p class=\"paragraph\" data-mrf-recirculation=\"Links inline\">Mejor Canci\u00f3n Regional<\/p>\n<ul class=\"list\" data-icon=\"\u2b24\">\n<li data-icon=\"\u2b24\"><b>Car\u00edn Le\u00f3n &amp; Maluma<\/b>\u00a0&#8211; Si T\u00fa Me Vieras<\/li>\n<li data-icon=\"\u2b24\"><b>Fuerza Regida &amp; Grupo Frontera<\/b>\u00a0&#8211; Me Jalo<\/li>\n<li data-icon=\"\u2b24\"><b>Grupo Frontera<\/b>\u00a0&#8211; Hecha Pa\u2019 M\u00ed<\/li>\n<li data-icon=\"\u2b24\"><b>Kakalo &amp; Car\u00edn Le\u00f3n<\/b>\u00a0&#8211; Tierra Tr\u00e1game<\/li>\n<li data-icon=\"\u2b24\"><b>Los Tigres del Norte<\/b>\u00a0&#8211; La Loter\u00eda<\/li>\n<li data-icon=\"\u2b24\"><b>Lupita Infante<\/b>\u00a0&#8211; \u00bfSeguimos o No?<\/li>\n<\/ul>\n<p class=\"paragraph\" data-mrf-recirculation=\"Links inline\">Mejor \u00c1lbum Instrumental<\/p>\n<ul class=\"list\" data-icon=\"\u2b24\">\n<li data-icon=\"\u2b24\"><b>Ariel Br\u00ednguez &amp; Iv\u00e1n \u201cMelon\u201d Lewis<\/b>\u00a0&#8211; Alma en Cuba<\/li>\n<li data-icon=\"\u2b24\"><b>Harlem Quartet con Aldo L\u00f3pez Gavil\u00e1n<\/b>\u00a0&#8211; Havana Meets Harlem<\/li>\n<li data-icon=\"\u2b24\"><b>Rafael Serrallet &amp; Lviv National Philharmonic Symphony Orchestra<\/b>\u00a0&#8211; Y el Canto de Todas<\/li>\n<li data-icon=\"\u2b24\"><b>Yamandu Costa<\/b>\u00a0&#8211; Ida e Volta<\/li>\n<li data-icon=\"\u2b24\"><b>Yamandu Costa, Mart\u00edn Sued &amp; Orquestra Assintom\u00e1tica<\/b>\u00a0&#8211; Saga<\/li>\n<\/ul>\n<p class=\"paragraph\" data-mrf-recirculation=\"Links inline\">Mejor \u00c1lbum Folkl\u00f3rico<\/p>\n<ul class=\"list\" data-icon=\"\u2b24\">\n<li data-icon=\"\u2b24\"><b>Julieta Rada<\/b>\u00a0&#8211; Candombe<\/li>\n<li data-icon=\"\u2b24\"><b>Kerreke &amp; Daniela Padr\u00f3n<\/b>\u00a0&#8211; Joropango<\/li>\n<li data-icon=\"\u2b24\"><b>S\u00edlvia P\u00e9rez Cruz &amp; Juan Fal\u00fa<\/b>\u00a0&#8211; Lentamente<\/li>\n<li data-icon=\"\u2b24\"><b>Susana Baca<\/b>\u00a0&#8211; Conjuros<\/li>\n<li data-icon=\"\u2b24\"><b>Voces del Bullerengue<\/b>\u00a0&#8211; #Anonimas&amp;Resilientes<\/li>\n<\/ul>\n<p class=\"paragraph\" data-mrf-recirculation=\"Links inline\">Mejor \u00c1lbum de Tango<\/p>\n<ul class=\"list\" data-icon=\"\u2b24\">\n<li data-icon=\"\u2b24\"><b>Daniel Ruggiero<\/b>\u00a0&#8211; Piazzolla Para Orquesta T\u00edpica<\/li>\n<li data-icon=\"\u2b24\"><b>Giovanni Parra Quinteto<\/b>\u00a0&#8211; Milongu\u00edn<\/li>\n<li data-icon=\"\u2b24\"><b>Jos\u00e9 Col\u00e1ngelo<\/b>\u00a0&#8211; Col\u00e1ngelo&#8230; Tango<\/li>\n<li data-icon=\"\u2b24\"><b>Richard Scofano &amp; Alfredo Minetti<\/b>\u00a0&#8211; Shin-Urayasu<\/li>\n<li data-icon=\"\u2b24\"><b>Sexteto Fantasma<\/b>\u00a0&#8211; La Inevitable Tentaci\u00f3n de Ir a Contramano<\/li>\n<li data-icon=\"\u2b24\"><b>Tanghetto<\/b>\u00a0&#8211; En Vivo 20 A\u00f1os<\/li>\n<\/ul>\n<p class=\"paragraph\" data-mrf-recirculation=\"Links inline\">Mejor \u00c1lbum de Flamenco<\/p>\n<ul class=\"list\" data-icon=\"\u2b24\">\n<li data-icon=\"\u2b24\"><b>Andr\u00e9s Barrios<\/b>\u00a0&#8211; KM.0<\/li>\n<li data-icon=\"\u2b24\"><b>\u00c1ngeles Toledano<\/b>\u00a0&#8211; Sangre Sucia<\/li>\n<li data-icon=\"\u2b24\"><b>Kiki Morente<\/b>\u00a0&#8211; Azabache<\/li>\n<li data-icon=\"\u2b24\"><b>Las Migas<\/b>\u00a0&#8211; Flamencas<\/li>\n<\/ul>\n<p class=\"paragraph\" data-mrf-recirculation=\"Links inline\">Mejor Canci\u00f3n de Ra\u00edces<\/p>\n<ul class=\"list\" data-icon=\"\u2b24\">\n<li data-icon=\"\u2b24\"><b>Anita Vergara &amp; Tato Marenco<\/b>\u00a0&#8211; Ella<\/li>\n<li data-icon=\"\u2b24\"><b>Bad Bunny<\/b>\u00a0&#8211; Lo Que Le Pas\u00f3 a Hawaii<\/li>\n<li data-icon=\"\u2b24\"><b>Luis Enrique &amp; C4 Tr\u00edo<\/b>\u00a0&#8211; Aguacero<\/li>\n<li data-icon=\"\u2b24\"><b>Monsieur Perin\u00e9 con Bejuco<\/b>\u00a0&#8211; Jard\u00edn del Para\u00edso<\/li>\n<li data-icon=\"\u2b24\"><b>Natalia Lafourcade<\/b>\u00a0&#8211; El Palomo y la Negra<\/li>\n<li data-icon=\"\u2b24\"><b>Natalia Lafourcade &amp; El David Aguilar<\/b>\u00a0&#8211; Como Quisiera Quererte<\/li>\n<\/ul>\n<p class=\"paragraph\" data-mrf-recirculation=\"Links inline\">Mejor \u00c1lbum de Jazz Latino\/Jazz<\/p>\n<ul class=\"list\" data-icon=\"\u2b24\">\n<li data-icon=\"\u2b24\"><b>Chucho Vald\u00e9s &amp; Royal Quartet<\/b>\u00a0&#8211; Cuba &amp; Beyond<\/li>\n<li data-icon=\"\u2b24\"><b>Hamilton de Holanda<\/b>\u00a0&#8211; Hamilton de Holanda Trio &#8211; Live in NYC<\/li>\n<li data-icon=\"\u2b24\"><b>Iv\u00e1n Melon Lewis Trio<\/b>\u00a0&#8211; Luces y Sombras<\/li>\n<li data-icon=\"\u2b24\"><b>Miguel Zen\u00f3n<\/b>\u00a0&#8211; Golden City<\/li>\n<li data-icon=\"\u2b24\"><b>Paquito D\u2019Rivera<\/b>\u00a0&#8211; Madrid-New York Connection Band &#8211; La Fleur de Cayenne<\/li>\n<\/ul>\n<p class=\"paragraph\" data-mrf-recirculation=\"Links inline\">Mejor \u00c1lbum Cristiano (en Espa\u00f1ol)<\/p>\n<ul class=\"list\" data-icon=\"\u2b24\">\n<li data-icon=\"\u2b24\"><b>Christine D\u2019Clario<\/b>\u00a0&#8211; La Novia<\/li>\n<li data-icon=\"\u2b24\"><b>Israel &amp; New Breed<\/b>\u00a0&#8211; Coritos, Vol. 1<\/li>\n<li data-icon=\"\u2b24\"><b>Marco Barrientos<\/b>\u00a0&#8211; Exaltado<\/li>\n<li data-icon=\"\u2b24\"><b>Marcos Vidal<\/b>\u00a0&#8211; Aqu\u00ed Estamos<\/li>\n<li data-icon=\"\u2b24\"><b>Marcos Witt<\/b>\u00a0&#8211; Legado<\/li>\n<\/ul>\n<p class=\"paragraph\" data-mrf-recirculation=\"Links inline\">Mejor \u00c1lbum Cristiano en Portugu\u00e9s<\/p>\n<ul class=\"list\" data-icon=\"\u2b24\">\n<li data-icon=\"\u2b24\"><b>Eli Soares<\/b>\u00a0&#8211; Mem\u00f3ri4s (Ao Vivo)<\/li>\n<li data-icon=\"\u2b24\"><b>Julliany Souza<\/b>\u00a0&#8211; A Maior Honra<\/li>\n<li data-icon=\"\u2b24\"><b>Paloma Possi<\/b>\u00a0&#8211; Raz\u00e3o da Esperan\u00e7a<\/li>\n<li data-icon=\"\u2b24\"><b>Resgate<\/b>\u00a0&#8211; Onde Guardamos as Flores?<\/li>\n<li data-icon=\"\u2b24\"><b>Ton Carfi<\/b>\u00a0&#8211; Ton Carfi 20 Anos (Ao Vivo)<\/li>\n<\/ul>\n<p class=\"paragraph\" data-mrf-recirculation=\"Links inline\">Mejor \u00c1lbum Pop Contempor\u00e1neo en Portugu\u00e9s<\/p>\n<ul class=\"list\" data-icon=\"\u2b24\">\n<li data-icon=\"\u2b24\"><b>Carol Biazin<\/b>\u00a0&#8211; No Escuro, Quem \u00c9 Voc\u00ea?<\/li>\n<li data-icon=\"\u2b24\"><b>Janeiro<\/b>\u00a0&#8211; Fugacidade<\/li>\n<li data-icon=\"\u2b24\"><b>Julia Mestre<\/b>\u00a0&#8211; Maravilhosamente Bem<\/li>\n<li data-icon=\"\u2b24\"><b>Liniker<\/b>\u00a0&#8211; Caju<\/li>\n<li data-icon=\"\u2b24\"><b>Marina Sena<\/b>\u00a0&#8211; Coisas Naturais<\/li>\n<\/ul>\n<p class=\"paragraph\" data-mrf-recirculation=\"Links inline\">Mejor \u00c1lbum de Rock o Alternativo en Portugu\u00e9s<\/p>\n<ul class=\"list\" data-icon=\"\u2b24\">\n<li data-icon=\"\u2b24\"><b>Baianasystem<\/b>\u00a0&#8211; O Mundo D\u00e1 Voltas<\/li>\n<li data-icon=\"\u2b24\"><b>Djonga<\/b>\u00a0&#8211; Quanto Mais Eu Como, Mais Fome Eu Sinto !<\/li>\n<li data-icon=\"\u2b24\"><b>Jadsa<\/b>\u00a0&#8211; Big Buraco<\/li>\n<li data-icon=\"\u2b24\"><b>Maria Beraldo<\/b>\u00a0&#8211; Colinho<\/li>\n<li data-icon=\"\u2b24\"><b>T\u00f3 Brandileone<\/b>\u00a0&#8211; Rea\u00e7\u00f5es Adversas \/ Ao Persistirem os Sintomas<\/li>\n<\/ul>\n<p class=\"paragraph\" data-mrf-recirculation=\"Links inline\">Mejor Interpretaci\u00f3n Urbana en Portugu\u00e9s<\/p>\n<ul class=\"list\" data-icon=\"\u2b24\">\n<li data-icon=\"\u2b24\"><b>BK\u2019 con Evinha<\/b>\u00a0&#8211; S\u00f3 Quero Ver<\/li>\n<li data-icon=\"\u2b24\"><b>Djonga con Milton Nascimento<\/b>\u00a0&#8211; Demoro a Dormir<\/li>\n<li data-icon=\"\u2b24\"><b>Liniker<\/b>\u00a0&#8211; Caju<\/li>\n<li data-icon=\"\u2b24\"><b>MC Hariel &amp; Gilberto Gil<\/b>\u00a0&#8211; A Dan\u00e7a (Ao Vivo)<\/li>\n<li data-icon=\"\u2b24\"><b>MC Tuto &amp; DJ Glenner<\/b>\u00a0&#8211; Barbie<\/li>\n<\/ul>\n<p class=\"paragraph\" data-mrf-recirculation=\"Links inline\">Mejor \u00c1lbum Samba\/Pagode<\/p>\n<ul class=\"list\" data-icon=\"\u2b24\">\n<li data-icon=\"\u2b24\"><b>Alcione<\/b>\u00a0&#8211; Alcione<\/li>\n<li data-icon=\"\u2b24\"><b>Marcelo D2<\/b>\u00a0&#8211; Manual Pr\u00e1tico Do Novo Samba Tradicional, Vol. 2: Tia Darci<\/li>\n<li data-icon=\"\u2b24\"><b>Mart\u2019n\u00e1lia<\/b>\u00a0&#8211; Pagode da Mart\u2019n\u00e1lia<\/li>\n<li data-icon=\"\u2b24\"><b>Sorriso Maroto<\/b>\u00a0&#8211; Sorriso Eu Gosto no Pagode Vol. 3 &#8211; Homenaje ao Fundo de Quintal (Gravado em Londres) (Ao Vivo)<\/li>\n<li data-icon=\"\u2b24\"><b>Zeca Pagodinho<\/b>\u00a0&#8211; Zeca Pagodinho &#8211; 40 Anos (Ao Vivo)<\/li>\n<\/ul>\n<p class=\"paragraph\" data-mrf-recirculation=\"Links inline\">Mejor \u00c1lbum MPB (M\u00fasica Popular Brasileira) \/ MAPB (M\u00fasica Afro Portuguesa Brasileira)<\/p>\n<ul class=\"list\" data-icon=\"\u2b24\">\n<li data-icon=\"\u2b24\"><b>Dora Morelenbaum<\/b>\u00a0&#8211; Pique<\/li>\n<li data-icon=\"\u2b24\"><b>Luedji Luna<\/b>\u00a0&#8211; Um Mar Pra Cada Um<\/li>\n<li data-icon=\"\u2b24\"><b>Rachel Reis<\/b>\u00a0&#8211; Divina Casca<\/li>\n<li data-icon=\"\u2b24\"><b>Rubel<\/b>\u00a0&#8211; Beleza. Mas Agora a Gente Faz o Que Com Isso?<\/li>\n<li data-icon=\"\u2b24\"><b>5 a Seco<\/b>\u00a0&#8211; Sentido<\/li>\n<\/ul>\n<p class=\"paragraph\" data-mrf-recirculation=\"Links inline\">Mejor \u00c1lbum de M\u00fasica Sertaneja<\/p>\n<ul class=\"list\" data-icon=\"\u2b24\">\n<li data-icon=\"\u2b24\"><b>Ana Castela<\/b>\u00a0&#8211; Let\u2019s Go Rodeo<\/li>\n<li data-icon=\"\u2b24\"><b>Chit\u00e3ozinho &amp; Xoror\u00f3<\/b>\u00a0&#8211; Jos\u00e9 &amp; Durval<\/li>\n<li data-icon=\"\u2b24\"><b>Lauana Prado<\/b>\u00a0&#8211; Transcende (Ao Vivo) (Deluxe)<\/li>\n<li data-icon=\"\u2b24\"><b>L\u00e9o Foguete<\/b>\u00a0&#8211; Obrigado Deus<\/li>\n<li data-icon=\"\u2b24\"><b>Tierry<\/b>\u00a0&#8211; Do Velho Testamento<\/li>\n<\/ul>\n<p class=\"paragraph\" data-mrf-recirculation=\"Links inline\">Mejor \u00c1lbum de Ra\u00edces en Portugu\u00e9s<\/p>\n<ul class=\"list\" data-icon=\"\u2b24\">\n<li data-icon=\"\u2b24\"><b>Caman\u00e9<\/b>\u00a0&#8211; Caman\u00e9 Ao Vivo No CCB &#8211; Homenaje a Jos\u00e9 M\u00e1rio Branco<\/li>\n<li data-icon=\"\u2b24\"><b>Fitti<\/b>\u00a0&#8211; Transespacial<\/li>\n<li data-icon=\"\u2b24\"><b>Jo\u00e3o Gomes, Mestrinho &amp; Jota.p\u00ea<\/b>\u00a0&#8211; Dominguinho<\/li>\n<li data-icon=\"\u2b24\"><b>Joyce Alane<\/b>\u00a0&#8211; Casa Cora\u00e7\u00e3o<\/li>\n<li data-icon=\"\u2b24\"><b>Natascha Falc\u00e3o<\/b>\u00a0&#8211; Universo de Paix\u00e3o<\/li>\n<\/ul>\n<p class=\"paragraph\" data-mrf-recirculation=\"Links inline\">Mejor Canci\u00f3n en Portugu\u00e9s<\/p>\n<ul class=\"list\" data-icon=\"\u2b24\">\n<li data-icon=\"\u2b24\"><b>Julia Mestre<\/b>\u00a0&#8211; Maravilhosamente Bem<\/li>\n<li data-icon=\"\u2b24\"><b>Liniker<\/b>\u00a0&#8211; Veludo Marrom<\/li>\n<li data-icon=\"\u2b24\"><b>Marina Sena<\/b>\u00a0&#8211; Ouro de Tolo<\/li>\n<li data-icon=\"\u2b24\"><b>Milton Nascimento &amp; Esperanza Spalding con Paul Simon<\/b>\u00a0&#8211; Um Vento Passou (Para Paul Simon)<\/li>\n<li data-icon=\"\u2b24\"><b>Z\u00e9 Ibarra<\/b>\u00a0&#8211; Transe<\/li>\n<\/ul>\n<p class=\"paragraph\" data-mrf-recirculation=\"Links inline\">Mejor \u00c1lbum Infantil<\/p>\n<ul class=\"list\" data-icon=\"\u2b24\">\n<li data-icon=\"\u2b24\"><b>Antonio Caramelo<\/b>\u00a0&#8211; Aventuras de Caramelo<\/li>\n<li data-icon=\"\u2b24\"><b>Canticuentos &amp; Coro de R\u00edogrande<\/b>\u00a0&#8211; Los Nuevos Canticuentos<\/li>\n<li data-icon=\"\u2b24\"><b>Luis Pescetti &amp; Juan Quintero<\/b>\u00a0&#8211; Buscapi\u00e9<\/li>\n<li data-icon=\"\u2b24\"><b>Palavra Cantada<\/b>\u00a0&#8211; Cenas Infantis<\/li>\n<li data-icon=\"\u2b24\"><b>Rita Rosa<\/b>\u00a0&#8211; Jirafas<\/li>\n<\/ul>\n<p class=\"paragraph\" data-mrf-recirculation=\"Links inline\">Mejor \u00c1lbum Cl\u00e1sico<\/p>\n<ul class=\"list\" data-icon=\"\u2b24\">\n<li data-icon=\"\u2b24\"><b>Ausi\u00e0s Parejo<\/b>\u00a0&#8211; Brouwer, Erena &amp; Otros: Guitar Works<\/li>\n<li data-icon=\"\u2b24\"><b>Isabel Dobarro<\/b>\u00a0&#8211; Kaleidoscope<\/li>\n<li data-icon=\"\u2b24\"><b>Los Angeles Philharmonic, Gustavo Dudamel &amp; Mar\u00eda Due\u00f1as<\/b>\u00a0&#8211; Gabriela Ortiz: Revoluci\u00f3n Diamantina<\/li>\n<li data-icon=\"\u2b24\"><b>S\u00e3o Paulo Chamber Soloists<\/b>\u00a0&#8211; Radam\u00e9s<\/li>\n<li data-icon=\"\u2b24\"><b>Susana G\u00f3mez V\u00e1zquez<\/b>\u00a0&#8211; Sisters of the Moon<\/li>\n<\/ul>\n<p class=\"paragraph\" data-mrf-recirculation=\"Links inline\">Mejor Composici\u00f3n Cl\u00e1sica Contempor\u00e1nea<\/p>\n<ul class=\"list\" data-icon=\"\u2b24\">\n<li data-icon=\"\u2b24\"><b>Los Angeles Philharmonic, Gustavo Dudamel &amp; Los Angeles Master Chorale<\/b>\u00a0&#8211; Revoluci\u00f3n Diamantina &#8211; Actos I-IV<\/li>\n<li data-icon=\"\u2b24\"><b>Marvin Camacho &amp; Orquesta Sinf\u00f3nica de la Universidad de Costa Rica<\/b>\u00a0&#8211; Suite de la Verde Vida Para Viola y Orquesta Sinf\u00f3nica Una Visita Imaginada de Federico Garc\u00eda Lorca a Costa Rica<\/li>\n<li data-icon=\"\u2b24\"><b>Orquesta Escuela Carlos Ch\u00e1vez, Eduardo Garc\u00eda Barrios &amp; Eliot Fisk<\/b>\u00a0&#8211; Guitar Concerto<\/li>\n<\/ul>\n<p class=\"paragraph\" data-mrf-recirculation=\"Links inline\">Mejor M\u00fasica para Medios Visuales<\/p>\n<ul class=\"list\" data-icon=\"\u2b24\">\n<li data-icon=\"\u2b24\"><b>Cabra<\/b>\u00a0&#8211; Banda Sonora Original &#8211; In the Summers<\/li>\n<li data-icon=\"\u2b24\"><b>Camilo Sanabria<\/b>\u00a0&#8211; Cien A\u00f1os de Soledad (Banda Sonora de la Serie de Netflix)<\/li>\n<li data-icon=\"\u2b24\"><b>Federico Jusid<\/b>\u00a0&#8211; El Eternauta (Banda Sonora de la Serie de Netflix)<\/li>\n<li data-icon=\"\u2b24\"><b>Gustavo Santaolalla<\/b>\u00a0&#8211; Pedro P\u00e1ramo (Banda Sonora de la Serie de Netflix)<\/li>\n<li data-icon=\"\u2b24\"><b>Pedro Osuna<\/b>\u00a0&#8211; Cada Minuto Cuenta (Banda Sonora de la Serie Original de Prime Video)<\/li>\n<\/ul>\n<p class=\"paragraph\" data-mrf-recirculation=\"Links inline\">Mejor Arreglo<\/p>\n<ul class=\"list\" data-icon=\"\u2b24\">\n<li data-icon=\"\u2b24\"><b>Brava con Yaneth Sandoval<\/b>\u00a0&#8211; Procuro Olvidarte (Versi\u00f3n Sinf\u00f3nica)<\/li>\n<li data-icon=\"\u2b24\"><b>Cassio Vianna Jazz Orchestra<\/b>\u00a0&#8211; Flight 962<\/li>\n<li data-icon=\"\u2b24\"><b>Cesar Orozco &amp; Son Ahead<\/b>\u00a0&#8211; Camale\u00f3n<\/li>\n<li data-icon=\"\u2b24\"><b>David Bisbal<\/b>\u00a0&#8211; Te Deseo Muy Felices Fiestas (Have Yourself a Merry Little Christmas)<\/li>\n<li data-icon=\"\u2b24\"><b>Joachim Horsley con Olivia Soler &amp; Boston Public Quartet and Friends<\/b>\u00a0&#8211; Bach\u2019s Cuban Concerto for Piano and Tres<\/li>\n<li data-icon=\"\u2b24\"><b>Rafael Beck &amp; Felipe Montanaro<\/b>\u00a0&#8211; Sapato Velho<\/li>\n<\/ul>\n<p class=\"paragraph\" data-mrf-recirculation=\"Links inline\">Mejor Dise\u00f1o de Empaque<\/p>\n<ul class=\"list\" data-icon=\"\u2b24\">\n<li data-icon=\"\u2b24\"><b>Abita &amp; Chucho Vald\u00e9s<\/b>\u00a0&#8211; Masters of Our Roots<\/li>\n<li data-icon=\"\u2b24\"><b>Aitana<\/b>\u00a0&#8211; Cuarto Azul<\/li>\n<li data-icon=\"\u2b24\"><b>Chucho Vald\u00e9s &amp; Royal Quartet<\/b>\u00a0&#8211; Cuba and Beyond<\/li>\n<li data-icon=\"\u2b24\"><b>Leiva<\/b>\u00a0&#8211; Gigante<\/li>\n<li data-icon=\"\u2b24\"><b>Lourdes Carhuas<\/b>\u00a0&#8211; Por Esas Trenzas<\/li>\n<\/ul>\n<p class=\"paragraph\" data-mrf-recirculation=\"Links inline\">Compositor del A\u00f1o<\/p>\n<ul class=\"list\" data-icon=\"\u2b24\">\n<li data-icon=\"\u2b24\"><b>Ale Z\u00e9guer<\/b><\/li>\n<li data-icon=\"\u2b24\"><b>Edgar Barrera<\/b><\/li>\n<li data-icon=\"\u2b24\"><b>Jo\u00e3o Ferreira<\/b><\/li>\n<li data-icon=\"\u2b24\"><b>M\u00f3nica V\u00e9lez<\/b><\/li>\n<li data-icon=\"\u2b24\"><b>Pablo Preciado<\/b><\/li>\n<\/ul>\n<p class=\"paragraph\" data-mrf-recirculation=\"Links inline\">Mejor \u00c1lbum de Ingenier\u00eda de Grabaci\u00f3n<\/p>\n<ul class=\"list\" data-icon=\"\u2b24\">\n<li data-icon=\"\u2b24\"><b>Antonio Adolfo<\/b>\u00a0&#8211; Love Cole Porter<\/li>\n<li data-icon=\"\u2b24\"><b>Judeline<\/b>\u00a0&#8211; Bodhiria<\/li>\n<li data-icon=\"\u2b24\"><b>Liniker<\/b>\u00a0&#8211; Caju<\/li>\n<li data-icon=\"\u2b24\"><b>Natalia Lafourcade<\/b>\u00a0&#8211; Cancionera<\/li>\n<li data-icon=\"\u2b24\"><b>Pedro Em\u00edlio<\/b>\u00a0&#8211; Enquanto os Distra\u00eddos Amam<\/li>\n<\/ul>\n<p class=\"paragraph\" data-mrf-recirculation=\"Links inline\">Productor del A\u00f1o<\/p>\n<ul class=\"list\" data-icon=\"\u2b24\">\n<li data-icon=\"\u2b24\"><b>Edgar Barrera<\/b><\/li>\n<li data-icon=\"\u2b24\"><b>Matheus Stiirmer<\/b><\/li>\n<li data-icon=\"\u2b24\"><b>Mauricio Rengifo &amp; Andres Torres<\/b><\/li>\n<li data-icon=\"\u2b24\"><b>Rafa Arcaute &amp; Federico Vindver<\/b><\/li>\n<li data-icon=\"\u2b24\"><b>Vino Tinto<\/b><\/li>\n<\/ul>\n<p class=\"paragraph\" data-mrf-recirculation=\"Links inline\">Mejor Video Musical Versi\u00f3n Corta<\/p>\n<ul class=\"list\" data-icon=\"\u2b24\">\n<li data-icon=\"\u2b24\"><b>Bad Bunny<\/b>\u00a0&#8211; El Club<\/li>\n<li data-icon=\"\u2b24\"><b>BK\u2019<\/b>\u00a0&#8211; Diamantes, L\u00e1grimas e Rostos Para Esquecer<\/li>\n<li data-icon=\"\u2b24\"><b>Guitarricadelafuente<\/b>\u00a0&#8211; Full Time Papi<\/li>\n<li data-icon=\"\u2b24\"><b>Ca7riel &amp; Paco Amoroso<\/b>\u00a0&#8211; #Tetas<\/li>\n<li data-icon=\"\u2b24\"><b>Vera GRV<\/b>\u00a0&#8211; Cura Pa Mi Alma<\/li>\n<\/ul>\n<p class=\"paragraph\" data-mrf-recirculation=\"Links inline\">Mejor Video Musical Versi\u00f3n Larga<\/p>\n<ul class=\"list\" data-icon=\"\u2b24\">\n<li data-icon=\"\u2b24\"><b>Ca7riel &amp; Paco Amoroso<\/b>\u00a0&#8211; Papota (Short Film)<\/li>\n<li data-icon=\"\u2b24\"><b>Gaby Moreno<\/b>\u00a0&#8211; Lamento (Extended Cut)<\/li>\n<li data-icon=\"\u2b24\"><b>Hodari<\/b>\u00a0&#8211; Iradoh &#8211; 3 Atos de Irmandade: A M\u00fasica, o Crime e a Justi\u00e7a<\/li>\n<li data-icon=\"\u2b24\"><b>Mon Laferte<\/b>\u00a0&#8211; Mon Laferte, Te Amo<\/li>\n<li data-icon=\"\u2b24\"><b>Varios Artistas<\/b>\u00a0&#8211; Milton Bituca Nascimento<\/li>\n<\/ul>\n","protected":false},"excerpt":{"rendered":"<p>La ceremonia se llevar\u00e1 a cabo el pr\u00f3ximo 13 de noviembre El anuncio de los\u00a0nominados a los Latin Grammy 2025\u00a0destaca a\u00a0Bad Bunny\u00a0como el artista m\u00e1s nominado, encabezando la lista con\u00a012 postulaciones\u00a0vinculadas a su \u00e1lbum de enero,\u00a0Deb\u00ed Tirar M\u00e1s Fotos. De acuerdo con la\u00a0Latin Recording Academy, el puertorrique\u00f1o competir\u00e1 en\u00a0\u00c1lbum del A\u00f1o\u00a0y, en una coincidencia poco [&hellip;]<\/p>\n","protected":false},"author":24,"featured_media":103730,"comment_status":"closed","ping_status":"closed","sticky":false,"template":"","format":"standard","meta":{"_seopress_robots_primary_cat":"none","_seopress_titles_title":"","_seopress_titles_desc":"","_seopress_robots_index":"","footnotes":""},"categories":[12967,5],"tags":[40117,40116],"class_list":{"0":"post-103727","1":"post","2":"type-post","3":"status-publish","4":"format-standard","5":"has-post-thumbnail","7":"category-destacada","8":"category-musica","9":"tag-latin-grammy-2025","10":"tag-nominados-de-los-latin-grammy-2025"},"_links":{"self":[{"href":"https:\/\/www.cordobatimes.com\/showup\/wp-json\/wp\/v2\/posts\/103727","targetHints":{"allow":["GET"]}}],"collection":[{"href":"https:\/\/www.cordobatimes.com\/showup\/wp-json\/wp\/v2\/posts"}],"about":[{"href":"https:\/\/www.cordobatimes.com\/showup\/wp-json\/wp\/v2\/types\/post"}],"author":[{"embeddable":true,"href":"https:\/\/www.cordobatimes.com\/showup\/wp-json\/wp\/v2\/users\/24"}],"replies":[{"embeddable":true,"href":"https:\/\/www.cordobatimes.com\/showup\/wp-json\/wp\/v2\/comments?post=103727"}],"version-history":[{"count":0,"href":"https:\/\/www.cordobatimes.com\/showup\/wp-json\/wp\/v2\/posts\/103727\/revisions"}],"wp:featuredmedia":[{"embeddable":true,"href":"https:\/\/www.cordobatimes.com\/showup\/wp-json\/wp\/v2\/media\/103730"}],"wp:attachment":[{"href":"https:\/\/www.cordobatimes.com\/showup\/wp-json\/wp\/v2\/media?parent=103727"}],"wp:term":[{"taxonomy":"category","embeddable":true,"href":"https:\/\/www.cordobatimes.com\/showup\/wp-json\/wp\/v2\/categories?post=103727"},{"taxonomy":"post_tag","embeddable":true,"href":"https:\/\/www.cordobatimes.com\/showup\/wp-json\/wp\/v2\/tags?post=103727"}],"curies":[{"name":"wp","href":"https:\/\/api.w.org\/{rel}","templated":true}]}}