{"id":103699,"date":"2025-11-07T10:58:28","date_gmt":"2025-11-07T13:58:28","guid":{"rendered":"https:\/\/www.cordobatimes.com\/showup\/?p=103699"},"modified":"2025-11-07T10:58:29","modified_gmt":"2025-11-07T13:58:29","slug":"series-cortas-impacto-largo-por-que-preferimos-las-miniseries","status":"publish","type":"post","link":"https:\/\/www.cordobatimes.com\/showup\/cine-y-series\/2025\/11\/07\/series-cortas-impacto-largo-por-que-preferimos-las-miniseries\/","title":{"rendered":"Series cortas, impacto largo: por qu\u00e9 preferimos las miniseries"},"content":{"rendered":"<h3 data-start=\"159\" data-end=\"380\"><strong>En la era del consumo r\u00e1pido y las plataformas infinitas, las miniseries se convirtieron en el formato perfecto: breves, intensas y con una historia cerrada que no necesita segundas partes para dejar huella.<\/strong><\/h3>\n<p data-start=\"382\" data-end=\"710\"><br data-start=\"393\" data-end=\"396\" \/>Atr\u00e1s quedaron los tiempos en que las series duraban diez temporadas y acompa\u00f1aban a los espectadores durante a\u00f1os. Hoy, el p\u00fablico parece inclinarse por otro tipo de v\u00ednculo: el de las <strong data-start=\"582\" data-end=\"596\">miniseries<\/strong>, historias que en seis u ocho episodios logran el mismo (o mayor) impacto emocional que una producci\u00f3n extensa.<\/p>\n<p data-start=\"712\" data-end=\"992\">Parte del fen\u00f3meno tiene que ver con <strong data-start=\"749\" data-end=\"778\">c\u00f3mo consumimos contenido<\/strong>: vivimos en la era del \u201ctodo ya\u201d, donde el tiempo es escaso y la atenci\u00f3n, un recurso limitado. Las miniseries se adaptan a ese ritmo: ofrecen una narrativa compacta, sin relleno ni tramas que se estiran de m\u00e1s.<\/p>\n<p data-start=\"994\" data-end=\"1339\">Pero no es solo una cuesti\u00f3n de duraci\u00f3n. Tambi\u00e9n hay una <strong data-start=\"1052\" data-end=\"1078\">b\u00fasqueda de intensidad<\/strong>. T\u00edtulos como <em data-start=\"1093\" data-end=\"1104\">Chernobyl<\/em>, <em data-start=\"1106\" data-end=\"1124\">Mare of Easttown<\/em>, <em data-start=\"1126\" data-end=\"1146\">The Queen\u2019s Gambit<\/em> o <em data-start=\"1149\" data-end=\"1164\">Baby Reindeer<\/em> demostraron que una historia bien contada no necesita una segunda temporada para volverse inolvidable. Al contrario: su fuerza est\u00e1 justamente en <strong data-start=\"1311\" data-end=\"1336\">saber cu\u00e1ndo terminar<\/strong>.<\/p>\n<p data-start=\"1341\" data-end=\"1662\">Adem\u00e1s, las miniseries permiten a actores y directores participar de proyectos de alta calidad sin comprometer a\u00f1os de trabajo. Esto abri\u00f3 la puerta a producciones m\u00e1s ambiciosas, con <strong data-start=\"1525\" data-end=\"1571\">elencos de cine y est\u00e9tica cinematogr\u00e1fica<\/strong>, que hoy son parte esencial del cat\u00e1logo de plataformas como Netflix, HBO o Prime Video.<\/p>\n<p data-start=\"1664\" data-end=\"1869\">En un panorama saturado de estrenos semanales, las miniseries ofrecen algo cada vez m\u00e1s valioso: <strong data-start=\"1761\" data-end=\"1807\">una historia completa, intensa y memorable<\/strong>, que se puede ver en pocos d\u00edas pero deja una marca duradera.<\/p>\n","protected":false},"excerpt":{"rendered":"<p>En la era del consumo r\u00e1pido y las plataformas infinitas, las miniseries se convirtieron en el formato perfecto: breves, intensas y con una historia cerrada que no necesita segundas partes para dejar huella. Atr\u00e1s quedaron los tiempos en que las series duraban diez temporadas y acompa\u00f1aban a los espectadores durante a\u00f1os. Hoy, el p\u00fablico parece [&hellip;]<\/p>\n","protected":false},"author":24,"featured_media":103702,"comment_status":"closed","ping_status":"closed","sticky":false,"template":"","format":"standard","meta":{"_seopress_robots_primary_cat":"none","_seopress_titles_title":"","_seopress_titles_desc":"","_seopress_robots_index":"","footnotes":""},"categories":[3],"tags":[40103,40102,40104,40101,40100],"class_list":{"0":"post-103699","1":"post","2":"type-post","3":"status-publish","4":"format-standard","5":"has-post-thumbnail","7":"category-cine-y-series","8":"tag-busqueda-de-intensidad","9":"tag-como-consumimos-contenido","10":"tag-estetica-cinematografica","11":"tag-miniseries","12":"tag-series-cortas"},"_links":{"self":[{"href":"https:\/\/www.cordobatimes.com\/showup\/wp-json\/wp\/v2\/posts\/103699","targetHints":{"allow":["GET"]}}],"collection":[{"href":"https:\/\/www.cordobatimes.com\/showup\/wp-json\/wp\/v2\/posts"}],"about":[{"href":"https:\/\/www.cordobatimes.com\/showup\/wp-json\/wp\/v2\/types\/post"}],"author":[{"embeddable":true,"href":"https:\/\/www.cordobatimes.com\/showup\/wp-json\/wp\/v2\/users\/24"}],"replies":[{"embeddable":true,"href":"https:\/\/www.cordobatimes.com\/showup\/wp-json\/wp\/v2\/comments?post=103699"}],"version-history":[{"count":0,"href":"https:\/\/www.cordobatimes.com\/showup\/wp-json\/wp\/v2\/posts\/103699\/revisions"}],"wp:featuredmedia":[{"embeddable":true,"href":"https:\/\/www.cordobatimes.com\/showup\/wp-json\/wp\/v2\/media\/103702"}],"wp:attachment":[{"href":"https:\/\/www.cordobatimes.com\/showup\/wp-json\/wp\/v2\/media?parent=103699"}],"wp:term":[{"taxonomy":"category","embeddable":true,"href":"https:\/\/www.cordobatimes.com\/showup\/wp-json\/wp\/v2\/categories?post=103699"},{"taxonomy":"post_tag","embeddable":true,"href":"https:\/\/www.cordobatimes.com\/showup\/wp-json\/wp\/v2\/tags?post=103699"}],"curies":[{"name":"wp","href":"https:\/\/api.w.org\/{rel}","templated":true}]}}