{"id":103660,"date":"2025-11-06T12:04:04","date_gmt":"2025-11-06T15:04:04","guid":{"rendered":"https:\/\/www.cordobatimes.com\/showup\/?p=103660"},"modified":"2025-11-06T12:04:04","modified_gmt":"2025-11-06T15:04:04","slug":"primer-trailer-de-michael-la-esperada-biopic-sobre-la-vida-de-michael-jackson-ya-tiene-fecha-de-estreno","status":"publish","type":"post","link":"https:\/\/www.cordobatimes.com\/showup\/cine-y-series\/2025\/11\/06\/primer-trailer-de-michael-la-esperada-biopic-sobre-la-vida-de-michael-jackson-ya-tiene-fecha-de-estreno\/","title":{"rendered":"Primer tr\u00e1iler de \u201cMICHAEL\u201d: la esperada biopic sobre la vida de Michael Jackson ya tiene fecha de estreno"},"content":{"rendered":"<h3><strong>El Rey del Pop vuelve a la pantalla grande. \u201cMICHAEL\u201d, la pel\u00edcula que retrata la vida, los \u00e9xitos y las controversias de Michael Jackson, llegar\u00e1 a los cines en abril de 2026. El primer tr\u00e1iler ya promete una interpretaci\u00f3n impactante y una mirada profunda al mito detr\u00e1s del artista.<\/strong><\/h3>\n<p data-start=\"428\" data-end=\"718\">La historia de uno de los \u00edconos m\u00e1s grandes de la m\u00fasica llega al cine. <em data-start=\"515\" data-end=\"526\">\u201cMICHAEL\u201d<\/em>, la biopic oficial sobre Michael Jackson, estrenar\u00e1 en <strong data-start=\"582\" data-end=\"599\">abril de 2026<\/strong> y ya present\u00f3 su primer tr\u00e1iler, generando gran expectativa entre los fan\u00e1ticos del artista y el p\u00fablico en general.<\/p>\n<p data-start=\"720\" data-end=\"1057\">Dirigida por <strong data-start=\"733\" data-end=\"750\">Antoine Fuqua<\/strong> (<em data-start=\"752\" data-end=\"766\">Training Day<\/em>, <em data-start=\"768\" data-end=\"783\">The Equalizer<\/em>) y producida por <strong data-start=\"801\" data-end=\"816\">Graham King<\/strong> (<em data-start=\"818\" data-end=\"837\">Bohemian Rhapsody<\/em>), la pel\u00edcula promete un retrato completo de la vida de Jackson: desde sus inicios en los <strong data-start=\"928\" data-end=\"941\">Jackson 5<\/strong>, pasando por su consagraci\u00f3n como solista, hasta los aspectos m\u00e1s controvertidos de su vida personal y medi\u00e1tica.<\/p>\n<p data-start=\"1059\" data-end=\"1333\">El papel protag\u00f3nico est\u00e1 interpretado por <strong data-start=\"1102\" data-end=\"1120\">Jaafar Jackson<\/strong>, sobrino de Michael, quien sorprende por su parecido f\u00edsico y su capacidad vocal. En el tr\u00e1iler se lo ve recreando algunas de las performances m\u00e1s emblem\u00e1ticas del cantante, como <em data-start=\"1300\" data-end=\"1315\">\u201cBillie Jean\u201d<\/em> y <em data-start=\"1318\" data-end=\"1330\">\u201cThriller\u201d<\/em>.<\/p>\n<p data-start=\"1335\" data-end=\"1511\">La producci\u00f3n cuenta con la autorizaci\u00f3n del <strong data-start=\"1380\" data-end=\"1406\">Michael Jackson Estate<\/strong>, lo que garantiza el uso de su cat\u00e1logo musical original y acceso a material in\u00e9dito sobre su carrera.<\/p>\n<p data-start=\"1513\" data-end=\"1741\">Con una puesta en escena ambiciosa y un enfoque emocional, <em data-start=\"1572\" data-end=\"1583\">\u201cMICHAEL\u201d<\/em> busca ir m\u00e1s all\u00e1 del mito para mostrar al hombre detr\u00e1s de la leyenda. La cinta promete convertirse en uno de los estrenos m\u00e1s comentados del pr\u00f3ximo a\u00f1o.<\/p>\n<p data-start=\"1743\" data-end=\"1797\"><strong data-start=\"1743\" data-end=\"1755\">Estreno:<\/strong> Abril de 2026, exclusivamente en cines.<\/p>\n<blockquote class=\"twitter-tweet\" data-media-max-width=\"560\">\n<p lang=\"en\" dir=\"ltr\">MICHAEL &#8211; in theaters April 24, 2026. <a href=\"https:\/\/t.co\/xd5Mj0c8yr\">pic.twitter.com\/xd5Mj0c8yr<\/a><\/p>\n<p>&mdash; Michael (@michaelmovie) <a href=\"https:\/\/twitter.com\/michaelmovie\/status\/1986433465722843492?ref_src=twsrc%5Etfw\">November 6, 2025<\/a><\/p><\/blockquote>\n<p> <script async src=\"https:\/\/platform.twitter.com\/widgets.js\" charset=\"utf-8\"><\/script><\/p>\n","protected":false},"excerpt":{"rendered":"<p>El Rey del Pop vuelve a la pantalla grande. \u201cMICHAEL\u201d, la pel\u00edcula que retrata la vida, los \u00e9xitos y las controversias de Michael Jackson, llegar\u00e1 a los cines en abril de 2026. El primer tr\u00e1iler ya promete una interpretaci\u00f3n impactante y una mirada profunda al mito detr\u00e1s del artista. La historia de uno de los [&hellip;]<\/p>\n","protected":false},"author":24,"featured_media":103663,"comment_status":"closed","ping_status":"closed","sticky":false,"template":"","format":"standard","meta":{"_seopress_robots_primary_cat":"none","_seopress_titles_title":"","_seopress_titles_desc":"","_seopress_robots_index":"","footnotes":""},"categories":[3],"tags":[38880,40065,40066],"class_list":{"0":"post-103660","1":"post","2":"type-post","3":"status-publish","4":"format-standard","5":"has-post-thumbnail","7":"category-cine-y-series","8":"tag-michael","9":"tag-biopic-sobre-la-vida-de-michael-jackson","10":"tag-biopic-sobre-la-vida-de-michael-jackson-fecha-de-estreno"},"_links":{"self":[{"href":"https:\/\/www.cordobatimes.com\/showup\/wp-json\/wp\/v2\/posts\/103660","targetHints":{"allow":["GET"]}}],"collection":[{"href":"https:\/\/www.cordobatimes.com\/showup\/wp-json\/wp\/v2\/posts"}],"about":[{"href":"https:\/\/www.cordobatimes.com\/showup\/wp-json\/wp\/v2\/types\/post"}],"author":[{"embeddable":true,"href":"https:\/\/www.cordobatimes.com\/showup\/wp-json\/wp\/v2\/users\/24"}],"replies":[{"embeddable":true,"href":"https:\/\/www.cordobatimes.com\/showup\/wp-json\/wp\/v2\/comments?post=103660"}],"version-history":[{"count":0,"href":"https:\/\/www.cordobatimes.com\/showup\/wp-json\/wp\/v2\/posts\/103660\/revisions"}],"wp:featuredmedia":[{"embeddable":true,"href":"https:\/\/www.cordobatimes.com\/showup\/wp-json\/wp\/v2\/media\/103663"}],"wp:attachment":[{"href":"https:\/\/www.cordobatimes.com\/showup\/wp-json\/wp\/v2\/media?parent=103660"}],"wp:term":[{"taxonomy":"category","embeddable":true,"href":"https:\/\/www.cordobatimes.com\/showup\/wp-json\/wp\/v2\/categories?post=103660"},{"taxonomy":"post_tag","embeddable":true,"href":"https:\/\/www.cordobatimes.com\/showup\/wp-json\/wp\/v2\/tags?post=103660"}],"curies":[{"name":"wp","href":"https:\/\/api.w.org\/{rel}","templated":true}]}}