{"id":103650,"date":"2025-11-06T11:11:22","date_gmt":"2025-11-06T14:11:22","guid":{"rendered":"https:\/\/www.cordobatimes.com\/showup\/?p=103650"},"modified":"2025-11-06T11:11:23","modified_gmt":"2025-11-06T14:11:23","slug":"cancelados-pero-no-olvidados-la-cultura-de-la-cancelacion-en-la-era-del-algoritmo","status":"publish","type":"post","link":"https:\/\/www.cordobatimes.com\/showup\/internet\/2025\/11\/06\/cancelados-pero-no-olvidados-la-cultura-de-la-cancelacion-en-la-era-del-algoritmo\/","title":{"rendered":"Cancelados pero no olvidados: la cultura de la cancelaci\u00f3n en la era del algoritmo"},"content":{"rendered":"<h3 data-start=\"102\" data-end=\"317\"><strong>Las redes sociales se convirtieron en tribunales digitales donde la opini\u00f3n p\u00fablica dicta sentencia. Pero \u00bfqu\u00e9 pasa cuando la cultura de la cancelaci\u00f3n deja de ser castigo y se transforma en contenido?<\/strong><\/h3>\n<p data-start=\"319\" data-end=\"679\"><br data-start=\"330\" data-end=\"333\" \/>En la era del algoritmo, nadie est\u00e1 a salvo. Lo que antes se discut\u00eda en c\u00edrculos privados ahora se amplifica en segundos. La cultura de la cancelaci\u00f3n naci\u00f3 como una forma de justicia social, una manera de exigir responsabilidad a figuras p\u00fablicas. Sin embargo, con el tiempo, el fen\u00f3meno se volvi\u00f3 m\u00e1s complejo: mezcla morbo, poder y viralidad.<\/p>\n<p data-start=\"681\" data-end=\"1133\">Hoy, ser \u201ccancelado\u201d no siempre significa desaparecer. Al contrario: en muchos casos, los algoritmos impulsan a\u00fan m\u00e1s el alcance de la pol\u00e9mica. Las marcas calculan riesgos, los influencers se reinventan y los fans se dividen entre la defensa y el repudio. Internet ya no olvida, pero s\u00ed recicla: los mismos nombres que fueron tendencia por un esc\u00e1ndalo pueden volver al centro de la conversaci\u00f3n con una simple disculpa o una estrategia de rebranding.<\/p>\n<p data-start=\"1135\" data-end=\"1377\">La pregunta de fondo sigue abierta: \u00bfla cancelaci\u00f3n es una herramienta de cambio o solo otro espect\u00e1culo del scroll infinito? En una \u00e9poca donde la exposici\u00f3n es moneda corriente, la l\u00ednea entre castigo y promoci\u00f3n parece cada vez m\u00e1s difusa.<\/p>\n","protected":false},"excerpt":{"rendered":"<p>Las redes sociales se convirtieron en tribunales digitales donde la opini\u00f3n p\u00fablica dicta sentencia. Pero \u00bfqu\u00e9 pasa cuando la cultura de la cancelaci\u00f3n deja de ser castigo y se transforma en contenido? En la era del algoritmo, nadie est\u00e1 a salvo. Lo que antes se discut\u00eda en c\u00edrculos privados ahora se amplifica en segundos. La [&hellip;]<\/p>\n","protected":false},"author":24,"featured_media":103653,"comment_status":"closed","ping_status":"closed","sticky":false,"template":"","format":"standard","meta":{"_seopress_robots_primary_cat":"none","_seopress_titles_title":"","_seopress_titles_desc":"","_seopress_robots_index":"","footnotes":""},"categories":[22956],"tags":[40061,40060],"class_list":{"0":"post-103650","1":"post","2":"type-post","3":"status-publish","4":"format-standard","5":"has-post-thumbnail","7":"category-internet","8":"tag-cultura-de-la-cancelacion","9":"tag-culturadigital"},"_links":{"self":[{"href":"https:\/\/www.cordobatimes.com\/showup\/wp-json\/wp\/v2\/posts\/103650","targetHints":{"allow":["GET"]}}],"collection":[{"href":"https:\/\/www.cordobatimes.com\/showup\/wp-json\/wp\/v2\/posts"}],"about":[{"href":"https:\/\/www.cordobatimes.com\/showup\/wp-json\/wp\/v2\/types\/post"}],"author":[{"embeddable":true,"href":"https:\/\/www.cordobatimes.com\/showup\/wp-json\/wp\/v2\/users\/24"}],"replies":[{"embeddable":true,"href":"https:\/\/www.cordobatimes.com\/showup\/wp-json\/wp\/v2\/comments?post=103650"}],"version-history":[{"count":0,"href":"https:\/\/www.cordobatimes.com\/showup\/wp-json\/wp\/v2\/posts\/103650\/revisions"}],"wp:featuredmedia":[{"embeddable":true,"href":"https:\/\/www.cordobatimes.com\/showup\/wp-json\/wp\/v2\/media\/103653"}],"wp:attachment":[{"href":"https:\/\/www.cordobatimes.com\/showup\/wp-json\/wp\/v2\/media?parent=103650"}],"wp:term":[{"taxonomy":"category","embeddable":true,"href":"https:\/\/www.cordobatimes.com\/showup\/wp-json\/wp\/v2\/categories?post=103650"},{"taxonomy":"post_tag","embeddable":true,"href":"https:\/\/www.cordobatimes.com\/showup\/wp-json\/wp\/v2\/tags?post=103650"}],"curies":[{"name":"wp","href":"https:\/\/api.w.org\/{rel}","templated":true}]}}