{"id":103614,"date":"2025-11-05T18:21:34","date_gmt":"2025-11-05T21:21:34","guid":{"rendered":"https:\/\/www.cordobatimes.com\/showup\/?p=103614"},"modified":"2025-11-05T18:21:35","modified_gmt":"2025-11-05T21:21:35","slug":"johnny-depp-en-argentina-el-divan-revela-al-hombre-detras-del-mito","status":"publish","type":"post","link":"https:\/\/www.cordobatimes.com\/showup\/tv\/2025\/11\/05\/johnny-depp-en-argentina-el-divan-revela-al-hombre-detras-del-mito\/","title":{"rendered":"\u201cJohnny Depp en Argentina: el div\u00e1n revela al hombre detr\u00e1s del mito\u201d"},"content":{"rendered":"<p><strong>El pr\u00f3ximo martes a las 14:30 hora argentina, el actor y director Johnny Depp se sentar\u00e1 en el famoso div\u00e1n del programa Cort\u00e1 por Lozano, conducido por Ver\u00f3nica Lozano. La cita promete ser una de las entrevistas m\u00e1s esperadas del a\u00f1o para la televisi\u00f3n argentina, ya que Depp llega al pa\u00eds para presentar su nuevo film y compartir, de forma cercana y exclusiva, detalles de su vida personal y profesional.<\/strong><\/p>\n<p>Durante su visita, Depp aprovechar\u00e1 para presentar su pel\u00edcula como director, Modigliani, tres d\u00edas en Montparnasse, que aborda tres d\u00edas cruciales en la vida del artista italiano Amedeo Modigliani.<\/p>\n<p>Asimismo, la entrevista cubrir\u00e1 aspectos poco explorados: su v\u00ednculo con el arte, su rol como padre, el impacto del juicio medi\u00e1tico que vivi\u00f3, y su visi\u00f3n como creador m\u00e1s all\u00e1 de la pantalla.<\/p>\n<div style=\"width: 696px;\" class=\"wp-video\"><video class=\"wp-video-shortcode\" id=\"video-103614-1\" width=\"696\" height=\"392\" preload=\"metadata\" controls=\"controls\"><source type=\"video\/mp4\" src=\"http:\/\/www.cordobatimes.com\/showup\/wp-content\/uploads\/2025\/11\/F55q01hEhBPxDi5Y.mp4?_=1\" \/><a href=\"http:\/\/www.cordobatimes.com\/showup\/wp-content\/uploads\/2025\/11\/F55q01hEhBPxDi5Y.mp4\">http:\/\/www.cordobatimes.com\/showup\/wp-content\/uploads\/2025\/11\/F55q01hEhBPxDi5Y.mp4<\/a><\/video><\/div>\n","protected":false},"excerpt":{"rendered":"<p>El pr\u00f3ximo martes a las 14:30 hora argentina, el actor y director Johnny Depp se sentar\u00e1 en el famoso div\u00e1n del programa Cort\u00e1 por Lozano, conducido por Ver\u00f3nica Lozano. La cita promete ser una de las entrevistas m\u00e1s esperadas del a\u00f1o para la televisi\u00f3n argentina, ya que Depp llega al pa\u00eds para presentar su nuevo [&hellip;]<\/p>\n","protected":false},"author":24,"featured_media":103617,"comment_status":"closed","ping_status":"closed","sticky":false,"template":"","format":"standard","meta":{"_seopress_robots_primary_cat":"none","_seopress_titles_title":"","_seopress_titles_desc":"","_seopress_robots_index":"","footnotes":""},"categories":[2],"tags":[40046,40045,40047],"class_list":{"0":"post-103614","1":"post","2":"type-post","3":"status-publish","4":"format-standard","5":"has-post-thumbnail","7":"category-tv","8":"tag-johnny-depp-corta-por-lozano","9":"tag-johnny-depp-en-argentina","10":"tag-johnny-depp-veronica-lozano"},"_links":{"self":[{"href":"https:\/\/www.cordobatimes.com\/showup\/wp-json\/wp\/v2\/posts\/103614","targetHints":{"allow":["GET"]}}],"collection":[{"href":"https:\/\/www.cordobatimes.com\/showup\/wp-json\/wp\/v2\/posts"}],"about":[{"href":"https:\/\/www.cordobatimes.com\/showup\/wp-json\/wp\/v2\/types\/post"}],"author":[{"embeddable":true,"href":"https:\/\/www.cordobatimes.com\/showup\/wp-json\/wp\/v2\/users\/24"}],"replies":[{"embeddable":true,"href":"https:\/\/www.cordobatimes.com\/showup\/wp-json\/wp\/v2\/comments?post=103614"}],"version-history":[{"count":0,"href":"https:\/\/www.cordobatimes.com\/showup\/wp-json\/wp\/v2\/posts\/103614\/revisions"}],"wp:featuredmedia":[{"embeddable":true,"href":"https:\/\/www.cordobatimes.com\/showup\/wp-json\/wp\/v2\/media\/103617"}],"wp:attachment":[{"href":"https:\/\/www.cordobatimes.com\/showup\/wp-json\/wp\/v2\/media?parent=103614"}],"wp:term":[{"taxonomy":"category","embeddable":true,"href":"https:\/\/www.cordobatimes.com\/showup\/wp-json\/wp\/v2\/categories?post=103614"},{"taxonomy":"post_tag","embeddable":true,"href":"https:\/\/www.cordobatimes.com\/showup\/wp-json\/wp\/v2\/tags?post=103614"}],"curies":[{"name":"wp","href":"https:\/\/api.w.org\/{rel}","templated":true}]}}