{"id":103579,"date":"2025-11-05T09:51:00","date_gmt":"2025-11-05T12:51:00","guid":{"rendered":"https:\/\/www.cordobatimes.com\/showup\/?p=103579"},"modified":"2025-11-05T09:51:01","modified_gmt":"2025-11-05T12:51:01","slug":"tiago-pzk-y-tini-hicieron-vibrar-el-movistar-arena-con-me-entere","status":"publish","type":"post","link":"https:\/\/www.cordobatimes.com\/showup\/musica\/2025\/11\/05\/tiago-pzk-y-tini-hicieron-vibrar-el-movistar-arena-con-me-entere\/","title":{"rendered":"Tiago PZK y TINI hicieron vibrar el Movistar Arena con \u201cMe Enter\u00e9\u201d"},"content":{"rendered":"<h3><strong>Sorpresa y emoci\u00f3n en Buenos Aires: los artistas se unieron en el escenario para interpretar su hit por primera vez en vivo, ante un p\u00fablico que no dej\u00f3 de cantar.<\/strong><\/h3>\n<p data-start=\"261\" data-end=\"584\">El Movistar Arena se vino abajo cuando Tiago PZK invit\u00f3 a TINI al escenario para cantar juntos <em data-start=\"370\" data-end=\"383\">\u201cMe Enter\u00e9\u201d<\/em>, su colaboraci\u00f3n lanzada en 2023. En medio de su show 2025, el artista de Monte Grande sorprendi\u00f3 al p\u00fablico al presentar a la estrella pop, generando uno de los momentos m\u00e1s comentados de la noche.<\/p>\n<p data-start=\"586\" data-end=\"951\">Ambos artistas demostraron una qu\u00edmica impecable y una conexi\u00f3n que trascendi\u00f3 la canci\u00f3n: entre sonrisas, miradas y un estadio coreando cada verso, <em data-start=\"735\" data-end=\"748\">\u201cMe Enter\u00e9\u201d<\/em> son\u00f3 m\u00e1s intensa que nunca. Las redes se llenaron r\u00e1pidamente de videos y reacciones, con miles de fans destacando el reencuentro musical entre dos de las figuras m\u00e1s fuertes del pop urbano argentino.<\/p>\n<p data-start=\"953\" data-end=\"1301\">TINI, que se prepara para su gira <em data-start=\"987\" data-end=\"998\">#FUTTTURA<\/em>, y Tiago PZK, quien atraviesa un gran momento internacional, compartieron un abrazo al final del tema que sell\u00f3 la noche con<\/p>\n<p data-start=\"953\" data-end=\"1301\">pura emoci\u00f3n. Sin dudas, fue uno de esos instantes que quedan marcados en la memoria del p\u00fablico: dos generaciones, una misma energ\u00eda, y un estadio entero cantando al un\u00edsono.<\/p>\n<div style=\"width: 696px;\" class=\"wp-video\"><video class=\"wp-video-shortcode\" id=\"video-103579-1\" width=\"696\" height=\"937\" preload=\"metadata\" controls=\"controls\"><source type=\"video\/mp4\" src=\"http:\/\/www.cordobatimes.com\/showup\/wp-content\/uploads\/2025\/11\/QsPhGJicJjK0sRtW.mp4?_=1\" \/><a href=\"http:\/\/www.cordobatimes.com\/showup\/wp-content\/uploads\/2025\/11\/QsPhGJicJjK0sRtW.mp4\">http:\/\/www.cordobatimes.com\/showup\/wp-content\/uploads\/2025\/11\/QsPhGJicJjK0sRtW.mp4<\/a><\/video><\/div>\n<p data-start=\"953\" data-end=\"1301\">\n","protected":false},"excerpt":{"rendered":"<p>Sorpresa y emoci\u00f3n en Buenos Aires: los artistas se unieron en el escenario para interpretar su hit por primera vez en vivo, ante un p\u00fablico que no dej\u00f3 de cantar. El Movistar Arena se vino abajo cuando Tiago PZK invit\u00f3 a TINI al escenario para cantar juntos \u201cMe Enter\u00e9\u201d, su colaboraci\u00f3n lanzada en 2023. En [&hellip;]<\/p>\n","protected":false},"author":24,"featured_media":103582,"comment_status":"closed","ping_status":"closed","sticky":false,"template":"","format":"standard","meta":{"_seopress_robots_primary_cat":"none","_seopress_titles_title":"","_seopress_titles_desc":"","_seopress_robots_index":"","footnotes":""},"categories":[5],"tags":[40018,40019],"class_list":{"0":"post-103579","1":"post","2":"type-post","3":"status-publish","4":"format-standard","5":"has-post-thumbnail","7":"category-musica","8":"tag-tiago-pzk-y-tini","9":"tag-tiago-pzk-y-tini-movistar-arena-me-entere"},"_links":{"self":[{"href":"https:\/\/www.cordobatimes.com\/showup\/wp-json\/wp\/v2\/posts\/103579","targetHints":{"allow":["GET"]}}],"collection":[{"href":"https:\/\/www.cordobatimes.com\/showup\/wp-json\/wp\/v2\/posts"}],"about":[{"href":"https:\/\/www.cordobatimes.com\/showup\/wp-json\/wp\/v2\/types\/post"}],"author":[{"embeddable":true,"href":"https:\/\/www.cordobatimes.com\/showup\/wp-json\/wp\/v2\/users\/24"}],"replies":[{"embeddable":true,"href":"https:\/\/www.cordobatimes.com\/showup\/wp-json\/wp\/v2\/comments?post=103579"}],"version-history":[{"count":0,"href":"https:\/\/www.cordobatimes.com\/showup\/wp-json\/wp\/v2\/posts\/103579\/revisions"}],"wp:featuredmedia":[{"embeddable":true,"href":"https:\/\/www.cordobatimes.com\/showup\/wp-json\/wp\/v2\/media\/103582"}],"wp:attachment":[{"href":"https:\/\/www.cordobatimes.com\/showup\/wp-json\/wp\/v2\/media?parent=103579"}],"wp:term":[{"taxonomy":"category","embeddable":true,"href":"https:\/\/www.cordobatimes.com\/showup\/wp-json\/wp\/v2\/categories?post=103579"},{"taxonomy":"post_tag","embeddable":true,"href":"https:\/\/www.cordobatimes.com\/showup\/wp-json\/wp\/v2\/tags?post=103579"}],"curies":[{"name":"wp","href":"https:\/\/api.w.org\/{rel}","templated":true}]}}