{"id":10357,"date":"2014-01-28T09:36:35","date_gmt":"2014-01-28T12:36:35","guid":{"rendered":"http:\/\/cordobatimes.com\/showup\/?p=10357"},"modified":"2019-12-05T11:29:55","modified_gmt":"2019-12-05T14:29:55","slug":"pachano-iniciara-acciones-legales-contra-escudero-y-waldo-navia","status":"publish","type":"post","link":"https:\/\/www.cordobatimes.com\/showup\/tv\/2014\/01\/28\/pachano-iniciara-acciones-legales-contra-escudero-y-waldo-navia\/","title":{"rendered":"Pachano iniciar\u00e1 acciones legales contra Escudero y Waldo Navia"},"content":{"rendered":"<header>\n<h3 style=\"text-align: justify;\"><strong>Asegurando que la modelo y el humorista son \u00a0\u00abhomof\u00f3bicos y discriminadores\u00bb, el productor y actor de \u00abDivain\u00bb hizo su descargo en \u00abViviendo con las Estrellas\u00bb luego de la viralizaci\u00f3n de un video d\u00f3nde se hablaba &#8211; y humorizaba- de \u00e9l.\u00a0<\/strong><\/h3>\n<\/header>\n<div>\n<div style=\"text-align: justify;\">En pleno m\u00f3vil con el estudio del reality de Marcelo Polino, Pachano anunci\u00f3 que\u00a0le iniciar\u00e1 acciones legales a Silvina Escudero\u00a0y a \u00a0Waldo Navia\u00a0por unos dichos que realizaron\u00a0sobre su sexualidad\u00a0en un programa que tiene el humorista en la televisi\u00f3n uruguaya.<\/div>\n<p style=\"text-align: justify;\">\u00abLas acciones legales son en Argentina y en Uruguay. Tuve un matrimonio maravillo con Ana Sanz por amor y una hija con amor. Del Internet y de las pavadas que dicen se van a retractar en la Justicia\u00bb,\u00a0asegur\u00f3 el artista.<\/p>\n<p style=\"text-align: justify;\">\u00abEsta nota para una mujer es baj\u00edsimo. Porque lo mejor que yo tengo es mi mam\u00e1, mi hija y mi ex mujer. El don de ser madre y mujer es so\u00f1ado, deja mucho que desear. Y en cuanto a un se\u00f1or que va a ser padre en breve que trate de ser menos homof\u00f3bico y menos discriminador. Va a tener que aclarar en la Justicia d\u00f3nde me vio tomar alcohol y drogas\u00bb, explic\u00f3 Pachano.<\/p>\n<p style=\"text-align: justify;\">An\u00edbal dej\u00f3 que su abogado, el Dr. Dante Morini, cuente sobre las denuncias que llevar\u00e1n en contra de Escudero y Navia: \u00abEs una injuria, es un juicio de da\u00f1os y perjuicios. Est\u00e1n atacando la personalidad de Pachano. Lo est\u00e1n injuriando y menoscabando como persona, como artista, padre de familia. Se pone en tela de juicio su supuesta sexualidad. Su rol de padre. No s\u00f3lo lo afectan a \u00e9l, sino a su familia\u00bb.<\/p>\n<p style=\"text-align: justify;\">El bailar\u00edn y productor aseguro que \u00a0har\u00e1 la denuncia al INADI y que el dinero que reciba como compensaci\u00f3n del da\u00f1o provocado, ser\u00e1 \u00a0 donado \u00abpara comprar medicamentos a personas que tienen HIV\u00bb.<\/p>\n<p><iframe loading=\"lazy\" src=\"https:\/\/www.youtube.com\/embed\/UGygqzIqkK8\" width=\"560\" height=\"315\" frameborder=\"0\" allowfullscreen=\"allowfullscreen\"><\/iframe><\/p>\n<\/div>\n","protected":false},"excerpt":{"rendered":"<p>Asegurando que la modelo y el humorista son \u00a0\u00abhomof\u00f3bicos y discriminadores\u00bb, el productor y actor de \u00abDivain\u00bb hizo su descargo en \u00abViviendo con las Estrellas\u00bb luego de la viralizaci\u00f3n de un video d\u00f3nde se hablaba &#8211; y humorizaba- de \u00e9l.\u00a0 En pleno m\u00f3vil con el estudio del reality de Marcelo Polino, Pachano anunci\u00f3 que\u00a0le iniciar\u00e1 [&hellip;]<\/p>\n","protected":false},"author":9,"featured_media":10360,"comment_status":"closed","ping_status":"closed","sticky":false,"template":"","format":"standard","meta":{"_seopress_robots_primary_cat":"","_seopress_titles_title":"","_seopress_titles_desc":"","_seopress_robots_index":"","footnotes":""},"categories":[2],"tags":[26682,26684,25215,26683],"class_list":{"0":"post-10357","1":"post","2":"type-post","3":"status-publish","4":"format-standard","5":"has-post-thumbnail","7":"category-tv","8":"tag-acciones-legales-contra-silvina-escudero-y-waldo-navia","9":"tag-anibal-pachano-silvina-escudero-waldo-navia","10":"tag-pachano-acciones-legales-silvina-escudero","11":"tag-silvina-escudero-waldo-navia"},"_links":{"self":[{"href":"https:\/\/www.cordobatimes.com\/showup\/wp-json\/wp\/v2\/posts\/10357","targetHints":{"allow":["GET"]}}],"collection":[{"href":"https:\/\/www.cordobatimes.com\/showup\/wp-json\/wp\/v2\/posts"}],"about":[{"href":"https:\/\/www.cordobatimes.com\/showup\/wp-json\/wp\/v2\/types\/post"}],"author":[{"embeddable":true,"href":"https:\/\/www.cordobatimes.com\/showup\/wp-json\/wp\/v2\/users\/9"}],"replies":[{"embeddable":true,"href":"https:\/\/www.cordobatimes.com\/showup\/wp-json\/wp\/v2\/comments?post=10357"}],"version-history":[{"count":0,"href":"https:\/\/www.cordobatimes.com\/showup\/wp-json\/wp\/v2\/posts\/10357\/revisions"}],"wp:featuredmedia":[{"embeddable":true,"href":"https:\/\/www.cordobatimes.com\/showup\/wp-json\/wp\/v2\/media\/10360"}],"wp:attachment":[{"href":"https:\/\/www.cordobatimes.com\/showup\/wp-json\/wp\/v2\/media?parent=10357"}],"wp:term":[{"taxonomy":"category","embeddable":true,"href":"https:\/\/www.cordobatimes.com\/showup\/wp-json\/wp\/v2\/categories?post=10357"},{"taxonomy":"post_tag","embeddable":true,"href":"https:\/\/www.cordobatimes.com\/showup\/wp-json\/wp\/v2\/tags?post=10357"}],"curies":[{"name":"wp","href":"https:\/\/api.w.org\/{rel}","templated":true}]}}