{"id":103552,"date":"2025-11-04T16:59:34","date_gmt":"2025-11-04T19:59:34","guid":{"rendered":"https:\/\/www.cordobatimes.com\/showup\/?p=103552"},"modified":"2025-11-04T16:59:35","modified_gmt":"2025-11-04T19:59:35","slug":"musica-inmersiva-conciertos-para-vivir-con-los-ojos-cerrados","status":"publish","type":"post","link":"https:\/\/www.cordobatimes.com\/showup\/musica\/2025\/11\/04\/musica-inmersiva-conciertos-para-vivir-con-los-ojos-cerrados\/","title":{"rendered":"M\u00fasica inmersiva: conciertos para vivir con los ojos cerrados"},"content":{"rendered":"<h3 data-start=\"69\" data-end=\"195\"><strong>Nuevas experiencias sensoriales mezclan sonido 3D, aromas y luces sincronizadas para revolucionar los recitales.<\/strong><\/h3>\n<p data-start=\"197\" data-end=\"557\">El futuro de los conciertos ya lleg\u00f3, y no se trata de pantallas gigantes ni de efectos pirot\u00e9cnicos, sino de sensaciones. La llamada <em data-start=\"345\" data-end=\"363\">m\u00fasica inmersiva<\/em> promete transformar la forma en que vivimos los recitales: experiencias 360\u00ba donde el sonido rodea al p\u00fablico, las luces responden al ritmo y hasta los aromas acompa\u00f1an la atm\u00f3sfera del show.<\/p>\n<p data-start=\"559\" data-end=\"796\">Empresas tecnol\u00f3gicas y estudios de sonido est\u00e1n dise\u00f1ando salas equipadas con audio 3D, vibraciones sincronizadas y proyecciones envolventes. La idea es que el espectador no solo escuche, sino que <em data-start=\"757\" data-end=\"765\">sienta<\/em> la m\u00fasica en todo su cuerpo.<\/p>\n<p data-start=\"798\" data-end=\"1117\">Artistas como <strong data-start=\"812\" data-end=\"823\">Rosal\u00eda<\/strong> y <strong data-start=\"826\" data-end=\"840\">The Weeknd<\/strong> ya est\u00e1n explorando este tipo de tecnolog\u00eda para sus pr\u00f3ximos tours, combinando arte visual, dise\u00f1o olfativo y paisajes sonoros din\u00e1micos. Algunos festivales europeos incluso ofrecen auriculares h\u00e1pticos que permiten percibir las frecuencias graves como pulsaciones f\u00edsicas.<\/p>\n<p data-start=\"1119\" data-end=\"1422\">\u201cQueremos que la gente cierre los ojos y viva la m\u00fasica desde adentro\u201d, explic\u00f3 un productor involucrado en uno de estos proyectos. Si el concierto tradicional era un espect\u00e1culo para la vista, la nueva era promete ser un viaje multisensorial, donde cada nota se convierte en una experiencia completa.<\/p>\n","protected":false},"excerpt":{"rendered":"<p>Nuevas experiencias sensoriales mezclan sonido 3D, aromas y luces sincronizadas para revolucionar los recitales. El futuro de los conciertos ya lleg\u00f3, y no se trata de pantallas gigantes ni de efectos pirot\u00e9cnicos, sino de sensaciones. La llamada m\u00fasica inmersiva promete transformar la forma en que vivimos los recitales: experiencias 360\u00ba donde el sonido rodea al [&hellip;]<\/p>\n","protected":false},"author":24,"featured_media":103566,"comment_status":"closed","ping_status":"closed","sticky":false,"template":"","format":"standard","meta":{"_seopress_robots_primary_cat":"none","_seopress_titles_title":"","_seopress_titles_desc":"","_seopress_robots_index":"","footnotes":""},"categories":[5],"tags":[40008,40009,40007],"class_list":{"0":"post-103552","1":"post","2":"type-post","3":"status-publish","4":"format-standard","5":"has-post-thumbnail","7":"category-musica","8":"tag-experiencias-sensoriales","9":"tag-luces-sincronizadas","10":"tag-musica-inmersiva"},"_links":{"self":[{"href":"https:\/\/www.cordobatimes.com\/showup\/wp-json\/wp\/v2\/posts\/103552","targetHints":{"allow":["GET"]}}],"collection":[{"href":"https:\/\/www.cordobatimes.com\/showup\/wp-json\/wp\/v2\/posts"}],"about":[{"href":"https:\/\/www.cordobatimes.com\/showup\/wp-json\/wp\/v2\/types\/post"}],"author":[{"embeddable":true,"href":"https:\/\/www.cordobatimes.com\/showup\/wp-json\/wp\/v2\/users\/24"}],"replies":[{"embeddable":true,"href":"https:\/\/www.cordobatimes.com\/showup\/wp-json\/wp\/v2\/comments?post=103552"}],"version-history":[{"count":0,"href":"https:\/\/www.cordobatimes.com\/showup\/wp-json\/wp\/v2\/posts\/103552\/revisions"}],"wp:featuredmedia":[{"embeddable":true,"href":"https:\/\/www.cordobatimes.com\/showup\/wp-json\/wp\/v2\/media\/103566"}],"wp:attachment":[{"href":"https:\/\/www.cordobatimes.com\/showup\/wp-json\/wp\/v2\/media?parent=103552"}],"wp:term":[{"taxonomy":"category","embeddable":true,"href":"https:\/\/www.cordobatimes.com\/showup\/wp-json\/wp\/v2\/categories?post=103552"},{"taxonomy":"post_tag","embeddable":true,"href":"https:\/\/www.cordobatimes.com\/showup\/wp-json\/wp\/v2\/tags?post=103552"}],"curies":[{"name":"wp","href":"https:\/\/api.w.org\/{rel}","templated":true}]}}