{"id":103450,"date":"2025-11-02T11:32:07","date_gmt":"2025-11-02T14:32:07","guid":{"rendered":"https:\/\/www.cordobatimes.com\/showup\/?p=103450"},"modified":"2025-11-03T20:50:39","modified_gmt":"2025-11-03T23:50:39","slug":"tini-dedica-un-emotivo-mensaje-sobre-el-orgullo-en-su-show-futttura","status":"publish","type":"post","link":"https:\/\/www.cordobatimes.com\/showup\/famosos\/2025\/11\/02\/tini-dedica-un-emotivo-mensaje-sobre-el-orgullo-en-su-show-futttura\/","title":{"rendered":"Tini dedica un emotivo mensaje sobre el orgullo en su show FUTTTURA"},"content":{"rendered":"<h3 data-start=\"135\" data-end=\"327\"><strong>Durante su presentaci\u00f3n, la artista expres\u00f3 palabras de libertad e inclusi\u00f3n ante su p\u00fablico.<\/strong><\/h3>\n<p data-start=\"329\" data-end=\"640\">En la noche del reciente show de su proyecto FUTTTURA, Tini Stoessel detuvo la m\u00fasica por un momento para compartir un texto que hab\u00eda escrito dedicado al orgullo. Ante miles de fans, la cantante habl\u00f3 desde el coraz\u00f3n, invitando a cada persona presente a sentirse libre para ser quien es y amar sin barreras.<\/p>\n<p data-start=\"642\" data-end=\"1064\">Con el escenario vibrando a su alrededor, Tini evoc\u00f3 la importancia de reconocerse, respetarse y celebrarse, m\u00e1s all\u00e1 de la identidad, el g\u00e9nero o la orientaci\u00f3n. Record\u00f3 que el orgullo no es solo una bandera, sino un acto continuo de valent\u00eda, de persistencia y de cari\u00f1o hacia uno mismo.<\/p>\n<p data-start=\"642\" data-end=\"1064\">\u201cMe genera mucho enojo y tristeza que en 2025 exista el odio, la violencia y que todav\u00eda existan las muertes. Me encantar\u00eda que cada persona que venga a mi show sea libre para vestirse, para venir de la mano con quien quiera, porque en mis shows y en mi vida ni yo ni nadie tiene que pedir permiso para existir\u201d<\/p>\n<div style=\"width: 576px;\" class=\"wp-video\"><video class=\"wp-video-shortcode\" id=\"video-103450-1\" width=\"576\" height=\"1024\" preload=\"metadata\" controls=\"controls\"><source type=\"video\/mp4\" src=\"http:\/\/www.cordobatimes.com\/showup\/wp-content\/uploads\/2025\/11\/showuprevista.mp4?_=1\" \/><a href=\"http:\/\/www.cordobatimes.com\/showup\/wp-content\/uploads\/2025\/11\/showuprevista.mp4\">http:\/\/www.cordobatimes.com\/showup\/wp-content\/uploads\/2025\/11\/showuprevista.mp4<\/a><\/video><\/div>\n<p>&nbsp;<\/p>\n","protected":false},"excerpt":{"rendered":"<p>Durante su presentaci\u00f3n, la artista expres\u00f3 palabras de libertad e inclusi\u00f3n ante su p\u00fablico. En la noche del reciente show de su proyecto FUTTTURA, Tini Stoessel detuvo la m\u00fasica por un momento para compartir un texto que hab\u00eda escrito dedicado al orgullo. Ante miles de fans, la cantante habl\u00f3 desde el coraz\u00f3n, invitando a cada [&hellip;]<\/p>\n","protected":false},"author":24,"featured_media":103453,"comment_status":"closed","ping_status":"closed","sticky":false,"template":"","format":"standard","meta":{"_seopress_robots_primary_cat":"none","_seopress_titles_title":"","_seopress_titles_desc":"","_seopress_robots_index":"","footnotes":""},"categories":[12967,4],"tags":[39958,39959],"class_list":{"0":"post-103450","1":"post","2":"type-post","3":"status-publish","4":"format-standard","5":"has-post-thumbnail","7":"category-destacada","8":"category-famosos","9":"tag-tini-dedica-un-emotivo-mensaje-sobre-el-orgullo","10":"tag-tini-mensaje-sobre-el-orgullo-futttura"},"_links":{"self":[{"href":"https:\/\/www.cordobatimes.com\/showup\/wp-json\/wp\/v2\/posts\/103450","targetHints":{"allow":["GET"]}}],"collection":[{"href":"https:\/\/www.cordobatimes.com\/showup\/wp-json\/wp\/v2\/posts"}],"about":[{"href":"https:\/\/www.cordobatimes.com\/showup\/wp-json\/wp\/v2\/types\/post"}],"author":[{"embeddable":true,"href":"https:\/\/www.cordobatimes.com\/showup\/wp-json\/wp\/v2\/users\/24"}],"replies":[{"embeddable":true,"href":"https:\/\/www.cordobatimes.com\/showup\/wp-json\/wp\/v2\/comments?post=103450"}],"version-history":[{"count":0,"href":"https:\/\/www.cordobatimes.com\/showup\/wp-json\/wp\/v2\/posts\/103450\/revisions"}],"wp:featuredmedia":[{"embeddable":true,"href":"https:\/\/www.cordobatimes.com\/showup\/wp-json\/wp\/v2\/media\/103453"}],"wp:attachment":[{"href":"https:\/\/www.cordobatimes.com\/showup\/wp-json\/wp\/v2\/media?parent=103450"}],"wp:term":[{"taxonomy":"category","embeddable":true,"href":"https:\/\/www.cordobatimes.com\/showup\/wp-json\/wp\/v2\/categories?post=103450"},{"taxonomy":"post_tag","embeddable":true,"href":"https:\/\/www.cordobatimes.com\/showup\/wp-json\/wp\/v2\/tags?post=103450"}],"curies":[{"name":"wp","href":"https:\/\/api.w.org\/{rel}","templated":true}]}}