{"id":103400,"date":"2025-11-01T18:15:56","date_gmt":"2025-11-01T21:15:56","guid":{"rendered":"https:\/\/www.cordobatimes.com\/showup\/?p=103400"},"modified":"2025-11-01T18:15:56","modified_gmt":"2025-11-01T21:15:56","slug":"el-revival-de-los-anos-2000-moda-musica-y-cultura-pop-en-clave-nostalgica","status":"publish","type":"post","link":"https:\/\/www.cordobatimes.com\/showup\/curiosidades\/2025\/11\/01\/el-revival-de-los-anos-2000-moda-musica-y-cultura-pop-en-clave-nostalgica\/","title":{"rendered":"El revival de los a\u00f1os 2000: moda, m\u00fasica y cultura pop en clave nost\u00e1lgica"},"content":{"rendered":"<h3><strong>En los \u00faltimos a\u00f1os, los 2000 volvieron con fuerza. Desde la moda hasta la m\u00fasica, pasando por el cine y las redes sociales, la generaci\u00f3n que creci\u00f3 viendo MTV y usando MSN Messenger est\u00e1 rescatando con orgullo una est\u00e9tica que alguna vez fue considerada \u201cdemasiado\u201d.<\/strong><\/h3>\n<h4 data-start=\"355\" data-end=\"409\"><strong>Moda Y2K: el regreso del brillo y la actitud<\/strong><\/h4>\n<p data-start=\"410\" data-end=\"865\">El estilo <strong data-start=\"420\" data-end=\"427\">Y2K<\/strong> (Year 2000) se impone entre las nuevas generaciones y revive el esp\u00edritu de Paris Hilton, Britney Spears y Lindsay Lohan. Pantalones tiro bajo, tops brillantes, lentes color pastel, minifaldas y accesorios plateados marcan la pauta en TikTok y en las pasarelas.<\/p>\n<p data-start=\"410\" data-end=\"865\">Marcas como Blumarine, Diesel o Miu Miu reinterpretan esta est\u00e9tica desde una mirada moderna, donde el exceso y el glamour kitsch conviven con la comodidad del streetwear.<\/p>\n<p data-start=\"410\" data-end=\"865\"><img alt=\"\" loading=\"lazy\" decoding=\"async\" class=\"alignnone wp-image-103404 size-full\" src=\"http:\/\/www.cordobatimes.com\/showup\/wp-content\/uploads\/2025\/11\/descarga-8.jpeg\" alt=\"\" width=\"675\" height=\"1200\" srcset=\"https:\/\/www.cordobatimes.com\/showup\/wp-content\/uploads\/2025\/11\/descarga-8.jpeg 675w, https:\/\/www.cordobatimes.com\/showup\/wp-content\/uploads\/2025\/11\/descarga-8-236x420.jpeg 236w, https:\/\/www.cordobatimes.com\/showup\/wp-content\/uploads\/2025\/11\/descarga-8-576x1024.jpeg 576w, https:\/\/www.cordobatimes.com\/showup\/wp-content\/uploads\/2025\/11\/descarga-8-150x267.jpeg 150w, https:\/\/www.cordobatimes.com\/showup\/wp-content\/uploads\/2025\/11\/descarga-8-300x533.jpeg 300w\" sizes=\"auto, (max-width: 675px) 100vw, 675px\" \/> <img alt=\"\" loading=\"lazy\" decoding=\"async\" class=\"alignnone wp-image-103405 size-full\" src=\"http:\/\/www.cordobatimes.com\/showup\/wp-content\/uploads\/2025\/11\/descarga-7.jpeg\" alt=\"\" width=\"736\" height=\"735\" srcset=\"https:\/\/www.cordobatimes.com\/showup\/wp-content\/uploads\/2025\/11\/descarga-7.jpeg 736w, https:\/\/www.cordobatimes.com\/showup\/wp-content\/uploads\/2025\/11\/descarga-7-421x420.jpeg 421w, https:\/\/www.cordobatimes.com\/showup\/wp-content\/uploads\/2025\/11\/descarga-7-150x150.jpeg 150w, https:\/\/www.cordobatimes.com\/showup\/wp-content\/uploads\/2025\/11\/descarga-7-300x300.jpeg 300w, https:\/\/www.cordobatimes.com\/showup\/wp-content\/uploads\/2025\/11\/descarga-7-696x695.jpeg 696w\" sizes=\"auto, (max-width: 736px) 100vw, 736px\" \/> <img alt=\"\" loading=\"lazy\" decoding=\"async\" class=\"alignnone wp-image-103406 size-full\" src=\"http:\/\/www.cordobatimes.com\/showup\/wp-content\/uploads\/2025\/11\/descarga-6.jpeg\" alt=\"\" width=\"564\" height=\"845\" srcset=\"https:\/\/www.cordobatimes.com\/showup\/wp-content\/uploads\/2025\/11\/descarga-6.jpeg 564w, https:\/\/www.cordobatimes.com\/showup\/wp-content\/uploads\/2025\/11\/descarga-6-280x420.jpeg 280w, https:\/\/www.cordobatimes.com\/showup\/wp-content\/uploads\/2025\/11\/descarga-6-150x225.jpeg 150w, https:\/\/www.cordobatimes.com\/showup\/wp-content\/uploads\/2025\/11\/descarga-6-300x449.jpeg 300w\" sizes=\"auto, (max-width: 564px) 100vw, 564px\" \/> <img alt=\"\" loading=\"lazy\" decoding=\"async\" class=\"alignnone wp-image-103407 size-full\" src=\"http:\/\/www.cordobatimes.com\/showup\/wp-content\/uploads\/2025\/11\/\ud83c\udf08Jorocha-Pastel\ud83d\udd25-on-Instagram_-Nada-mejor-que-ver-la-vida-color-de-rosa\ud83d\udc95-Lentes-de-Sol-ovalados-10990-Envios-via-Starken-lentesdesol-pinkpinkpink-aesthetic\u2026.jpeg\" alt=\"\" width=\"736\" height=\"920\" srcset=\"https:\/\/www.cordobatimes.com\/showup\/wp-content\/uploads\/2025\/11\/\ud83c\udf08Jorocha-Pastel\ud83d\udd25-on-Instagram_-Nada-mejor-que-ver-la-vida-color-de-rosa\ud83d\udc95-Lentes-de-Sol-ovalados-10990-Envios-via-Starken-lentesdesol-pinkpinkpink-aesthetic\u2026.jpeg 736w, https:\/\/www.cordobatimes.com\/showup\/wp-content\/uploads\/2025\/11\/\ud83c\udf08Jorocha-Pastel\ud83d\udd25-on-Instagram_-Nada-mejor-que-ver-la-vida-color-de-rosa\ud83d\udc95-Lentes-de-Sol-ovalados-10990-Envios-via-Starken-lentesdesol-pinkpinkpink-aesthetic\u2026-336x420.jpeg 336w, https:\/\/www.cordobatimes.com\/showup\/wp-content\/uploads\/2025\/11\/\ud83c\udf08Jorocha-Pastel\ud83d\udd25-on-Instagram_-Nada-mejor-que-ver-la-vida-color-de-rosa\ud83d\udc95-Lentes-de-Sol-ovalados-10990-Envios-via-Starken-lentesdesol-pinkpinkpink-aesthetic\u2026-150x188.jpeg 150w, https:\/\/www.cordobatimes.com\/showup\/wp-content\/uploads\/2025\/11\/\ud83c\udf08Jorocha-Pastel\ud83d\udd25-on-Instagram_-Nada-mejor-que-ver-la-vida-color-de-rosa\ud83d\udc95-Lentes-de-Sol-ovalados-10990-Envios-via-Starken-lentesdesol-pinkpinkpink-aesthetic\u2026-300x375.jpeg 300w, https:\/\/www.cordobatimes.com\/showup\/wp-content\/uploads\/2025\/11\/\ud83c\udf08Jorocha-Pastel\ud83d\udd25-on-Instagram_-Nada-mejor-que-ver-la-vida-color-de-rosa\ud83d\udc95-Lentes-de-Sol-ovalados-10990-Envios-via-Starken-lentesdesol-pinkpinkpink-aesthetic\u2026-696x870.jpeg 696w\" sizes=\"auto, (max-width: 736px) 100vw, 736px\" \/> <img alt=\"\" loading=\"lazy\" decoding=\"async\" class=\"alignnone wp-image-103408 size-full\" src=\"http:\/\/www.cordobatimes.com\/showup\/wp-content\/uploads\/2025\/11\/descarga-5.jpeg\" alt=\"\" width=\"736\" height=\"1012\" srcset=\"https:\/\/www.cordobatimes.com\/showup\/wp-content\/uploads\/2025\/11\/descarga-5.jpeg 736w, https:\/\/www.cordobatimes.com\/showup\/wp-content\/uploads\/2025\/11\/descarga-5-305x420.jpeg 305w, https:\/\/www.cordobatimes.com\/showup\/wp-content\/uploads\/2025\/11\/descarga-5-150x206.jpeg 150w, https:\/\/www.cordobatimes.com\/showup\/wp-content\/uploads\/2025\/11\/descarga-5-300x413.jpeg 300w, https:\/\/www.cordobatimes.com\/showup\/wp-content\/uploads\/2025\/11\/descarga-5-696x957.jpeg 696w\" sizes=\"auto, (max-width: 736px) 100vw, 736px\" \/> <img alt=\"\" loading=\"lazy\" decoding=\"async\" class=\"alignnone wp-image-103409 size-full\" src=\"http:\/\/www.cordobatimes.com\/showup\/wp-content\/uploads\/2025\/11\/descarga-4.jpeg\" alt=\"\" width=\"433\" height=\"640\" srcset=\"https:\/\/www.cordobatimes.com\/showup\/wp-content\/uploads\/2025\/11\/descarga-4.jpeg 433w, https:\/\/www.cordobatimes.com\/showup\/wp-content\/uploads\/2025\/11\/descarga-4-284x420.jpeg 284w, https:\/\/www.cordobatimes.com\/showup\/wp-content\/uploads\/2025\/11\/descarga-4-150x222.jpeg 150w, https:\/\/www.cordobatimes.com\/showup\/wp-content\/uploads\/2025\/11\/descarga-4-300x443.jpeg 300w\" sizes=\"auto, (max-width: 433px) 100vw, 433px\" \/> <img alt=\"\" loading=\"lazy\" decoding=\"async\" class=\"alignnone wp-image-103410 size-full\" src=\"http:\/\/www.cordobatimes.com\/showup\/wp-content\/uploads\/2025\/11\/descarga-3.jpeg\" alt=\"\" width=\"287\" height=\"582\" srcset=\"https:\/\/www.cordobatimes.com\/showup\/wp-content\/uploads\/2025\/11\/descarga-3.jpeg 287w, https:\/\/www.cordobatimes.com\/showup\/wp-content\/uploads\/2025\/11\/descarga-3-207x420.jpeg 207w, https:\/\/www.cordobatimes.com\/showup\/wp-content\/uploads\/2025\/11\/descarga-3-150x304.jpeg 150w\" sizes=\"auto, (max-width: 287px) 100vw, 287px\" \/><\/p>\n<h3 data-start=\"867\" data-end=\"922\"><strong>M\u00fasica: entre el pop nost\u00e1lgico y los remakes<\/strong><\/h3>\n<p data-start=\"923\" data-end=\"1386\">La m\u00fasica tambi\u00e9n se contagi\u00f3 del revival. El sonido <strong data-start=\"976\" data-end=\"995\">pop electr\u00f3nico<\/strong> de principios de los 2000 vuelve a escucharse en artistas como Charli XCX, Dua Lipa o Olivia Rodrigo, que mezclan sintetizadores, autotune y letras que podr\u00edan haber salido de un CD de 2005.<br data-start=\"1186\" data-end=\"1189\" \/>Incluso \u00edconos de la \u00e9poca \u2014como *NSYNC, Britney o Christina Aguilera\u2014 est\u00e1n regrabando o reinterpretando sus cl\u00e1sicos, conectando con una generaci\u00f3n que vive la nostalgia a trav\u00e9s del streaming.<\/p>\n<h4 data-start=\"1388\" data-end=\"1440\">\u00a0<strong>Cultura pop y redes: del fotolog al TikTok<\/strong><\/h4>\n<p data-start=\"1441\" data-end=\"1928\">Las redes sociales son el escenario perfecto para este viaje al pasado. Los filtros con est\u00e9tica digital antigua, los challenges de baile y los memes con referencias a pel\u00edculas como <em data-start=\"1624\" data-end=\"1636\">Mean Girls<\/em> o <em data-start=\"1639\" data-end=\"1657\">Legalmente Rubia<\/em> muestran que el esp\u00edritu dosmilero sigue m\u00e1s vivo que nunca.<br data-start=\"1718\" data-end=\"1721\" \/>Adem\u00e1s, el auge de las plataformas visuales reaviv\u00f3 el gusto por lo <strong data-start=\"1789\" data-end=\"1806\">retro digital<\/strong>: los GIF brillantes, los wallpapers pixelados y los tonos rosados o plateados vuelven como gui\u00f1os ir\u00f3nicos y afectivos.<\/p>\n<h3 data-start=\"1930\" data-end=\"1974\"><strong>Nostalgia, pero con mirada cr\u00edtica<\/strong><\/h3>\n<p data-start=\"1975\" data-end=\"2211\">El revival Y2K no es solo imitaci\u00f3n: tambi\u00e9n hay reflexi\u00f3n. Muchas tendencias de los 2000 fueron criticadas por promover estereotipos de belleza o consumismo extremo, y hoy se reinterpretan desde una mirada m\u00e1s inclusiva y consciente.<\/p>\n<p data-start=\"2213\" data-end=\"2425\">Los 2000 regresaron, pero no son los mismos: son una versi\u00f3n remixada, m\u00e1s libre, diversa y digital. Una c\u00e1psula del tiempo reabierta por la generaci\u00f3n que creci\u00f3 con ella y por la que la descubri\u00f3 en Internet.<\/p>\n","protected":false},"excerpt":{"rendered":"<p>En los \u00faltimos a\u00f1os, los 2000 volvieron con fuerza. Desde la moda hasta la m\u00fasica, pasando por el cine y las redes sociales, la generaci\u00f3n que creci\u00f3 viendo MTV y usando MSN Messenger est\u00e1 rescatando con orgullo una est\u00e9tica que alguna vez fue considerada \u201cdemasiado\u201d. Moda Y2K: el regreso del brillo y la actitud El [&hellip;]<\/p>\n","protected":false},"author":24,"featured_media":103403,"comment_status":"closed","ping_status":"closed","sticky":false,"template":"","format":"standard","meta":{"_seopress_robots_primary_cat":"none","_seopress_titles_title":"","_seopress_titles_desc":"","_seopress_robots_index":"","footnotes":""},"categories":[8],"tags":[39936,39937,39938,39935],"class_list":{"0":"post-103400","1":"post","2":"type-post","3":"status-publish","4":"format-standard","5":"has-post-thumbnail","7":"category-curiosidades","8":"tag-cultura-pop-en-clave-nostalgica","9":"tag-los-2000","10":"tag-moda-y2k","11":"tag-revival-de-los-anos-2000"},"_links":{"self":[{"href":"https:\/\/www.cordobatimes.com\/showup\/wp-json\/wp\/v2\/posts\/103400","targetHints":{"allow":["GET"]}}],"collection":[{"href":"https:\/\/www.cordobatimes.com\/showup\/wp-json\/wp\/v2\/posts"}],"about":[{"href":"https:\/\/www.cordobatimes.com\/showup\/wp-json\/wp\/v2\/types\/post"}],"author":[{"embeddable":true,"href":"https:\/\/www.cordobatimes.com\/showup\/wp-json\/wp\/v2\/users\/24"}],"replies":[{"embeddable":true,"href":"https:\/\/www.cordobatimes.com\/showup\/wp-json\/wp\/v2\/comments?post=103400"}],"version-history":[{"count":0,"href":"https:\/\/www.cordobatimes.com\/showup\/wp-json\/wp\/v2\/posts\/103400\/revisions"}],"wp:featuredmedia":[{"embeddable":true,"href":"https:\/\/www.cordobatimes.com\/showup\/wp-json\/wp\/v2\/media\/103403"}],"wp:attachment":[{"href":"https:\/\/www.cordobatimes.com\/showup\/wp-json\/wp\/v2\/media?parent=103400"}],"wp:term":[{"taxonomy":"category","embeddable":true,"href":"https:\/\/www.cordobatimes.com\/showup\/wp-json\/wp\/v2\/categories?post=103400"},{"taxonomy":"post_tag","embeddable":true,"href":"https:\/\/www.cordobatimes.com\/showup\/wp-json\/wp\/v2\/tags?post=103400"}],"curies":[{"name":"wp","href":"https:\/\/api.w.org\/{rel}","templated":true}]}}