{"id":103385,"date":"2025-11-01T10:58:33","date_gmt":"2025-11-01T13:58:33","guid":{"rendered":"https:\/\/www.cordobatimes.com\/showup\/?p=103385"},"modified":"2025-11-01T11:03:58","modified_gmt":"2025-11-01T14:03:58","slug":"el-fenomeno-de-los-podcasts-visuales-la-nueva-forma-de-conectar-con-la-audiencia","status":"publish","type":"post","link":"https:\/\/www.cordobatimes.com\/showup\/destacada\/2025\/11\/01\/el-fenomeno-de-los-podcasts-visuales-la-nueva-forma-de-conectar-con-la-audiencia\/","title":{"rendered":"El fen\u00f3meno de los podcasts visuales: la nueva forma de conectar con la audiencia"},"content":{"rendered":"<article class=\"text-token-text-primary w-full focus:outline-none [--shadow-height:45px] has-data-writing-block:pointer-events-none has-data-writing-block:-mt-(--shadow-height) has-data-writing-block:pt-(--shadow-height) [&amp;:has([data-writing-block])&gt;*]:pointer-events-auto [content-visibility:auto] supports-[content-visibility:auto]:[contain-intrinsic-size:auto_100lvh] scroll-mt-[calc(var(--header-height)+min(200px,max(70px,20svh)))]\" dir=\"auto\" tabindex=\"-1\" data-turn-id=\"request-WEB:d6c944d5-7940-443b-9e8e-5affae13b464-5\" data-testid=\"conversation-turn-4\" data-scroll-anchor=\"true\" data-turn=\"assistant\">\n<div class=\"text-base my-auto mx-auto pb-10 [--thread-content-margin:--spacing(4)] thread-sm:[--thread-content-margin:--spacing(6)] thread-lg:[--thread-content-margin:--spacing(16)] px-(--thread-content-margin)\">\n<div class=\"[--thread-content-max-width:40rem] thread-lg:[--thread-content-max-width:48rem] mx-auto max-w-(--thread-content-max-width) flex-1 group\/turn-messages focus-visible:outline-hidden relative flex w-full min-w-0 flex-col agent-turn\" tabindex=\"-1\">\n<div class=\"flex max-w-full flex-col grow\">\n<div class=\"min-h-8 text-message relative flex w-full flex-col items-end gap-2 text-start break-words whitespace-normal [.text-message+&amp;]:mt-1\" dir=\"auto\" data-message-author-role=\"assistant\" data-message-id=\"6b7371f4-7745-4995-99c9-4b5fa5590140\" data-message-model-slug=\"gpt-5\">\n<div class=\"flex w-full flex-col gap-1 empty:hidden first:pt-[1px]\">\n<div class=\"markdown prose dark:prose-invert w-full break-words light markdown-new-styling\">\n<h3 data-start=\"3400\" data-end=\"3676\"><strong>En los \u00faltimos a\u00f1os, los podcasts visuales se han consolidado como una de las tendencias m\u00e1s fuertes en el mundo del contenido digital. Lo que comenz\u00f3 como un formato puramente auditivo, hoy evoluciona hacia una experiencia audiovisual completa, donde la imagen y la interacci\u00f3n visual potencian la conexi\u00f3n con la audiencia.<\/strong><\/h3>\n<p data-start=\"422\" data-end=\"872\">\u00a0A diferencia de los podcasts tradicionales, los visuales incorporan <strong data-start=\"490\" data-end=\"542\">videos, clips, subt\u00edtulos, gr\u00e1ficos y escenarios<\/strong> que enriquecen la experiencia. Esta mezcla permite que los espectadores no solo escuchen una conversaci\u00f3n, sino que tambi\u00e9n vean las expresiones, gestos y din\u00e1micas entre los invitados. En un entorno donde la atenci\u00f3n es un recurso cada vez m\u00e1s escaso, el componente visual se vuelve clave para mantener el inter\u00e9s del p\u00fablico.<\/p>\n<p data-start=\"874\" data-end=\"1247\">Uno de los grandes atractivos del formato es su <strong data-start=\"922\" data-end=\"938\">autenticidad<\/strong>: los podcasts visuales suelen mantener una est\u00e9tica cercana, natural y sin grandes producciones, lo que genera una sensaci\u00f3n de intimidad entre el creador y su comunidad. Este estilo \u201csin filtro\u201d conecta especialmente con las nuevas generaciones, que valoran m\u00e1s la espontaneidad que el contenido guionado.<\/p>\n<p data-start=\"1249\" data-end=\"1534\">Adem\u00e1s, los <strong data-start=\"1261\" data-end=\"1283\">fragmentos virales<\/strong> en redes sociales han potenciado el alcance de los podcasts visuales. Breves clips con momentos destacados se comparten masivamente en plataformas como Instagram o TikTok, generando millones de vistas y atrayendo nuevos oyentes al formato completo.<\/p>\n<p data-start=\"1536\" data-end=\"1917\">Productores, artistas, influencers y medios de comunicaci\u00f3n ya est\u00e1n apostando por este formato h\u00edbrido, que combina lo mejor del video y del audio. Seg\u00fan especialistas en marketing digital, los podcasts visuales ofrecen <strong data-start=\"1757\" data-end=\"1808\">mayor retenci\u00f3n de audiencia y mejor engagement<\/strong>, lo que los convierte en una herramienta estrat\u00e9gica tanto para creadores independientes como para marcas.<\/p>\n<p data-start=\"1919\" data-end=\"2183\">El futuro del podcasting parece claro: el contenido ya no se \u201csolo escucha\u201d, sino que tambi\u00e9n se <strong data-start=\"2016\" data-end=\"2049\">mira, se comparte y se siente<\/strong>. Los podcasts visuales no son solo una tendencia, sino una nueva forma de contar historias y construir comunidad en la era digital.<\/p>\n<h4 data-start=\"2235\" data-end=\"2265\"><strong>Algunas cifras clave<\/strong><\/h4>\n<ul data-start=\"2266\" data-end=\"3167\">\n<li data-start=\"2266\" data-end=\"2481\">\n<p data-start=\"2268\" data-end=\"2481\">Seg\u00fan un informe de IAB Spain \u2013 RMC, el <strong data-start=\"2308\" data-end=\"2315\">32%<\/strong> de la audiencia prefiere el formato de video dentro del podcast, y de ese porcentaje cerca del 60% tienen entre 25 y 34 a\u00f1os.<\/p>\n<\/li>\n<li data-start=\"2482\" data-end=\"2692\">\n<p data-start=\"2484\" data-end=\"2692\">En una encuesta realizada por Coleman Insights y Amplifi Media se encontr\u00f3 que solo el <strong data-start=\"2571\" data-end=\"2578\">22%<\/strong> de los consumidores de podcasts considera que un podcast es \u201csolo audio\u201d.<\/p>\n<\/li>\n<li data-start=\"2693\" data-end=\"2918\">\n<p data-start=\"2695\" data-end=\"2918\">Seg\u00fan datos de YouTube, m\u00e1s de <strong data-start=\"2726\" data-end=\"2744\">1.000 millones<\/strong> de usuarios mensuales consumen contenido de podcast en su plataforma, lo que refuerza que el video ya es clave dentro del podcasting.<\/p>\n<\/li>\n<li data-start=\"2919\" data-end=\"3167\">\n<p data-start=\"2921\" data-end=\"3167\">En Argentina se inform\u00f3 que los videopodcasts crecieron m\u00e1s de un <strong data-start=\"2987\" data-end=\"2994\">60%<\/strong> en el \u00faltimo a\u00f1o, con un aumento de <strong data-start=\"3031\" data-end=\"3050\">100% interanual<\/strong> en usuarios activos mensuales que consumen estas producciones audiovisuales.<\/p>\n<\/li>\n<\/ul>\n<h4 data-start=\"3169\" data-end=\"3197\"><strong>Ejemplos concretos<\/strong><\/h4>\n<ul data-start=\"3198\" data-end=\"3676\">\n<li data-start=\"3198\" data-end=\"3397\">\n<p data-start=\"3200\" data-end=\"3397\">El programa Aislados es un videopodcast conversacional hecho en Argentina que gan\u00f3 reconocimiento al combinar comedia, improvisaci\u00f3n y grabaci\u00f3n con p\u00fablico.<\/p>\n<\/li>\n<li data-start=\"3398\" data-end=\"3676\">\n<p data-start=\"3400\" data-end=\"3676\">El art\u00edculo de Adobe sobre c\u00f3mo producir videopodcasts explica que ahora muchos creadores convierten un solo episodio largo en varios clips breves que se comparten estrat\u00e9gicamente en redes, para atraer audiencia al episodio completo.<\/p>\n<\/li>\n<\/ul>\n<\/div>\n<\/div>\n<\/div>\n<\/div>\n<\/div>\n<\/div>\n<\/article>\n","protected":false},"excerpt":{"rendered":"<p>En los \u00faltimos a\u00f1os, los podcasts visuales se han consolidado como una de las tendencias m\u00e1s fuertes en el mundo del contenido digital. Lo que comenz\u00f3 como un formato puramente auditivo, hoy evoluciona hacia una experiencia audiovisual completa, donde la imagen y la interacci\u00f3n visual potencian la conexi\u00f3n con la audiencia. \u00a0A diferencia de los [&hellip;]<\/p>\n","protected":false},"author":24,"featured_media":103388,"comment_status":"closed","ping_status":"closed","sticky":false,"template":"","format":"standard","meta":{"_seopress_robots_primary_cat":"none","_seopress_titles_title":"","_seopress_titles_desc":"","_seopress_robots_index":"","footnotes":""},"categories":[12967,22956],"tags":[39927,39928,4699,1301],"class_list":{"0":"post-103385","1":"post","2":"type-post","3":"status-publish","4":"format-standard","5":"has-post-thumbnail","7":"category-destacada","8":"category-internet","9":"tag-fragmentos-virales","10":"tag-podcasts-visuales","11":"tag-spotify","12":"tag-youtube"},"_links":{"self":[{"href":"https:\/\/www.cordobatimes.com\/showup\/wp-json\/wp\/v2\/posts\/103385","targetHints":{"allow":["GET"]}}],"collection":[{"href":"https:\/\/www.cordobatimes.com\/showup\/wp-json\/wp\/v2\/posts"}],"about":[{"href":"https:\/\/www.cordobatimes.com\/showup\/wp-json\/wp\/v2\/types\/post"}],"author":[{"embeddable":true,"href":"https:\/\/www.cordobatimes.com\/showup\/wp-json\/wp\/v2\/users\/24"}],"replies":[{"embeddable":true,"href":"https:\/\/www.cordobatimes.com\/showup\/wp-json\/wp\/v2\/comments?post=103385"}],"version-history":[{"count":0,"href":"https:\/\/www.cordobatimes.com\/showup\/wp-json\/wp\/v2\/posts\/103385\/revisions"}],"wp:featuredmedia":[{"embeddable":true,"href":"https:\/\/www.cordobatimes.com\/showup\/wp-json\/wp\/v2\/media\/103388"}],"wp:attachment":[{"href":"https:\/\/www.cordobatimes.com\/showup\/wp-json\/wp\/v2\/media?parent=103385"}],"wp:term":[{"taxonomy":"category","embeddable":true,"href":"https:\/\/www.cordobatimes.com\/showup\/wp-json\/wp\/v2\/categories?post=103385"},{"taxonomy":"post_tag","embeddable":true,"href":"https:\/\/www.cordobatimes.com\/showup\/wp-json\/wp\/v2\/tags?post=103385"}],"curies":[{"name":"wp","href":"https:\/\/api.w.org\/{rel}","templated":true}]}}