{"id":103263,"date":"2025-10-29T16:55:09","date_gmt":"2025-10-29T19:55:09","guid":{"rendered":"https:\/\/www.cordobatimes.com\/showup\/?p=103263"},"modified":"2025-10-29T16:55:51","modified_gmt":"2025-10-29T19:55:51","slug":"netflix-lanza-el-documental-sobre-el-caso-fernando-baez-sosa","status":"publish","type":"post","link":"https:\/\/www.cordobatimes.com\/showup\/cine-y-series\/2025\/10\/29\/netflix-lanza-el-documental-sobre-el-caso-fernando-baez-sosa\/","title":{"rendered":"Netflix lanza el documental sobre el caso Fernando B\u00e1ez Sosa"},"content":{"rendered":"<h3><strong>La plataforma lanzar\u00e1 una producci\u00f3n que repasa uno de los cr\u00edmenes m\u00e1s conmocionantes de la Argentina, con testimonios exclusivos y material in\u00e9dito.<\/strong><\/h3>\n<p data-start=\"364\" data-end=\"790\">Netflix anunci\u00f3 el pr\u00f3ximo estreno de un documental centrado en el caso de <strong data-start=\"439\" data-end=\"461\">Fernando B\u00e1ez Sosa<\/strong>, el joven asesinado en enero de 2020 a la salida de un boliche en Villa Gesell, un hecho que marc\u00f3 a todo el pa\u00eds. La producci\u00f3n busca reconstruir el crimen, el juicio y las repercusiones sociales que gener\u00f3, a trav\u00e9s de testimonios in\u00e9ditos, archivos audiovisuales y la mirada de especialistas en justicia y violencia social.<\/p>\n<p data-start=\"792\" data-end=\"1120\">El documental promete un abordaje profundo sobre c\u00f3mo se desarroll\u00f3 la investigaci\u00f3n, la cobertura medi\u00e1tica y el impacto emocional en la sociedad argentina. Tambi\u00e9n incluir\u00e1 entrevistas con allegados a Fernando, abogados, periodistas y personas que siguieron de cerca el juicio que culmin\u00f3 con la condena de los responsables.<\/p>\n<p data-start=\"1122\" data-end=\"1462\">La serie documental, <b>\u201c50 segundos: el caso Fernando B\u00e1ez Sosa\u201d<\/b>que estar\u00e1 disponible el 13 de noviembre en la plataforma, una miniserie de 3 cap\u00edtulos que reconstruye los hechos que rodearon el asesinato ocurrido en Villa Gesell en 2020.<\/p>\n<p data-start=\"1122\" data-end=\"1462\">Se suma a una tendencia de producciones que abordan casos reales de alto impacto, combinando investigaci\u00f3n period\u00edstica y sensibilidad social. Con este estreno, Netflix busca ofrecer una mirada reflexiva y humana sobre un caso que sigue conmoviendo a todo un pa\u00eds.<\/p>\n<div style=\"width: 696px;\" class=\"wp-video\"><video class=\"wp-video-shortcode\" id=\"video-103263-1\" width=\"696\" height=\"392\" preload=\"metadata\" controls=\"controls\"><source type=\"video\/mp4\" src=\"http:\/\/www.cordobatimes.com\/showup\/wp-content\/uploads\/2025\/10\/50-segundos_-el-caso-Fernando-Baez-Sosa-_-Trailer-oficial-_-Netflix.mp4?_=1\" \/><a href=\"http:\/\/www.cordobatimes.com\/showup\/wp-content\/uploads\/2025\/10\/50-segundos_-el-caso-Fernando-Baez-Sosa-_-Trailer-oficial-_-Netflix.mp4\">http:\/\/www.cordobatimes.com\/showup\/wp-content\/uploads\/2025\/10\/50-segundos_-el-caso-Fernando-Baez-Sosa-_-Trailer-oficial-_-Netflix.mp4<\/a><\/video><\/div>\n","protected":false},"excerpt":{"rendered":"<p>La plataforma lanzar\u00e1 una producci\u00f3n que repasa uno de los cr\u00edmenes m\u00e1s conmocionantes de la Argentina, con testimonios exclusivos y material in\u00e9dito. Netflix anunci\u00f3 el pr\u00f3ximo estreno de un documental centrado en el caso de Fernando B\u00e1ez Sosa, el joven asesinado en enero de 2020 a la salida de un boliche en Villa Gesell, un [&hellip;]<\/p>\n","protected":false},"author":24,"featured_media":103266,"comment_status":"closed","ping_status":"closed","sticky":false,"template":"","format":"standard","meta":{"_seopress_robots_primary_cat":"none","_seopress_titles_title":"","_seopress_titles_desc":"","_seopress_robots_index":"","footnotes":""},"categories":[3,12967],"tags":[39405,39403,39402,39404],"class_list":{"0":"post-103263","1":"post","2":"type-post","3":"status-publish","4":"format-standard","5":"has-post-thumbnail","7":"category-cine-y-series","8":"category-destacada","9":"tag-50-segundos-el-caso-fernando-baez-sosa","10":"tag-caso-fernando-baez-sosa","11":"tag-documental-sobre-el-caso-fernando-baez-sosa","12":"tag-fernando-baez-sosa"},"_links":{"self":[{"href":"https:\/\/www.cordobatimes.com\/showup\/wp-json\/wp\/v2\/posts\/103263","targetHints":{"allow":["GET"]}}],"collection":[{"href":"https:\/\/www.cordobatimes.com\/showup\/wp-json\/wp\/v2\/posts"}],"about":[{"href":"https:\/\/www.cordobatimes.com\/showup\/wp-json\/wp\/v2\/types\/post"}],"author":[{"embeddable":true,"href":"https:\/\/www.cordobatimes.com\/showup\/wp-json\/wp\/v2\/users\/24"}],"replies":[{"embeddable":true,"href":"https:\/\/www.cordobatimes.com\/showup\/wp-json\/wp\/v2\/comments?post=103263"}],"version-history":[{"count":0,"href":"https:\/\/www.cordobatimes.com\/showup\/wp-json\/wp\/v2\/posts\/103263\/revisions"}],"wp:featuredmedia":[{"embeddable":true,"href":"https:\/\/www.cordobatimes.com\/showup\/wp-json\/wp\/v2\/media\/103266"}],"wp:attachment":[{"href":"https:\/\/www.cordobatimes.com\/showup\/wp-json\/wp\/v2\/media?parent=103263"}],"wp:term":[{"taxonomy":"category","embeddable":true,"href":"https:\/\/www.cordobatimes.com\/showup\/wp-json\/wp\/v2\/categories?post=103263"},{"taxonomy":"post_tag","embeddable":true,"href":"https:\/\/www.cordobatimes.com\/showup\/wp-json\/wp\/v2\/tags?post=103263"}],"curies":[{"name":"wp","href":"https:\/\/api.w.org\/{rel}","templated":true}]}}