{"id":103253,"date":"2025-10-29T10:32:29","date_gmt":"2025-10-29T13:32:29","guid":{"rendered":"https:\/\/www.cordobatimes.com\/showup\/?p=103253"},"modified":"2025-10-29T10:32:29","modified_gmt":"2025-10-29T13:32:29","slug":"slow-fashion-cuando-la-moda-respira-otro-ritmo","status":"publish","type":"post","link":"https:\/\/www.cordobatimes.com\/showup\/moda-y-estilos\/2025\/10\/29\/slow-fashion-cuando-la-moda-respira-otro-ritmo\/","title":{"rendered":"Slow fashion: cuando la moda respira otro ritmo"},"content":{"rendered":"<h3><strong>En un contexto de cambio clim\u00e1tico y consumo consciente, el movimiento \u201cslow fashion\u201d crece. Te mostramos qu\u00e9 es, por qu\u00e9 importa y c\u00f3mo elegir moda de forma m\u00e1s sostenible.<\/strong><\/h3>\n<p>El mundo de la moda tradicional est\u00e1 acostumbrado a la \u201cfast fashion\u201d: colecciones que se renuevan constantemente, grandes vol\u00famenes y precios bajos. Pero esta din\u00e1mica genera grandes impactos ambientales, sociales y econ\u00f3micos. Como contrapunto, aparece el movimiento \u201cslow fashion\u201d, que apuesta por calidad, durabilidad, producci\u00f3n responsable y consumo m\u00e1s consciente.<\/p>\n<h4 data-start=\"3083\" data-end=\"3116\"><strong>\u00bfQu\u00e9 implica slow fashion?<\/strong><\/h4>\n<ul data-start=\"3117\" data-end=\"3468\">\n<li data-start=\"3117\" data-end=\"3200\">\n<p data-start=\"3119\" data-end=\"3200\">Producci\u00f3n \u00e9tica: condiciones laborales dignas, salarios justos, transparencia.<\/p>\n<\/li>\n<li data-start=\"3201\" data-end=\"3288\">\n<p data-start=\"3203\" data-end=\"3288\">Materiales sostenibles: algod\u00f3n org\u00e1nico, fibras recicladas, menor uso de qu\u00edmicos.<\/p>\n<\/li>\n<li data-start=\"3289\" data-end=\"3379\">\n<p data-start=\"3291\" data-end=\"3379\">Dise\u00f1o pensado para durar: prendas atemporales, que se usan m\u00e1s all\u00e1 de una temporada.<\/p>\n<\/li>\n<li data-start=\"3380\" data-end=\"3468\">\n<p data-start=\"3382\" data-end=\"3468\">Reducci\u00f3n de desperdicio: menor volumen, menos colecciones, reutilizaci\u00f3n y reciclaje.<\/p>\n<\/li>\n<\/ul>\n<h4 data-start=\"3470\" data-end=\"3494\"><strong>\u00bfPor qu\u00e9 importa?<\/strong><\/h4>\n<p data-start=\"3495\" data-end=\"3783\">La industria de la moda es una de las m\u00e1s contaminantes del planeta: consumo de agua, tintes t\u00f3xicos, residuos textiles. Elegir con conciencia puede marcar una diferencia.<br data-start=\"3666\" data-end=\"3669\" \/>Adem\u00e1s, los consumidores \u2014especialmente m\u00e1s j\u00f3venes\u2014 exigen mayor responsabilidad social y ambiental a las marcas.<\/p>\n<h4 data-start=\"3785\" data-end=\"3838\"><strong>\u00bfY en la pr\u00e1ctica? Consejos para el consumidor<\/strong><\/h4>\n<ul data-start=\"3839\" data-end=\"4134\">\n<li data-start=\"3839\" data-end=\"3903\">\n<p data-start=\"3841\" data-end=\"3903\">Prefiere marcas transparentes sobre su cadena de producci\u00f3n.<\/p>\n<\/li>\n<li data-start=\"3904\" data-end=\"3963\">\n<p data-start=\"3906\" data-end=\"3963\">Compra menos, compra mejor: calidad por sobre cantidad.<\/p>\n<\/li>\n<li data-start=\"3964\" data-end=\"4008\">\n<p data-start=\"3966\" data-end=\"4008\">Repara tus prendas antes de desecharlas.<\/p>\n<\/li>\n<li data-start=\"4009\" data-end=\"4074\">\n<p data-start=\"4011\" data-end=\"4074\">Dona o revende ropa usada en buen estado en lugar de tirarla.<\/p>\n<\/li>\n<li data-start=\"4075\" data-end=\"4134\">\n<p data-start=\"4077\" data-end=\"4134\">Inf\u00f3rmate: leer etiquetas, conocer materiales, preguntar.<\/p>\n<\/li>\n<\/ul>\n<p data-start=\"4136\" data-end=\"4498\"><br data-start=\"4370\" data-end=\"4373\" \/><\/p>\n","protected":false},"excerpt":{"rendered":"<p>En un contexto de cambio clim\u00e1tico y consumo consciente, el movimiento \u201cslow fashion\u201d crece. Te mostramos qu\u00e9 es, por qu\u00e9 importa y c\u00f3mo elegir moda de forma m\u00e1s sostenible. El mundo de la moda tradicional est\u00e1 acostumbrado a la \u201cfast fashion\u201d: colecciones que se renuevan constantemente, grandes vol\u00famenes y precios bajos. Pero esta din\u00e1mica genera [&hellip;]<\/p>\n","protected":false},"author":24,"featured_media":103256,"comment_status":"closed","ping_status":"closed","sticky":false,"template":"","format":"standard","meta":{"_seopress_robots_primary_cat":"none","_seopress_titles_title":"","_seopress_titles_desc":"","_seopress_robots_index":"","footnotes":""},"categories":[228],"tags":[36501,39399,39398],"class_list":{"0":"post-103253","1":"post","2":"type-post","3":"status-publish","4":"format-standard","5":"has-post-thumbnail","7":"category-moda-y-estilos","8":"tag-fast-fashion","9":"tag-que-implica-slow-fashion","10":"tag-slow-fashion"},"_links":{"self":[{"href":"https:\/\/www.cordobatimes.com\/showup\/wp-json\/wp\/v2\/posts\/103253","targetHints":{"allow":["GET"]}}],"collection":[{"href":"https:\/\/www.cordobatimes.com\/showup\/wp-json\/wp\/v2\/posts"}],"about":[{"href":"https:\/\/www.cordobatimes.com\/showup\/wp-json\/wp\/v2\/types\/post"}],"author":[{"embeddable":true,"href":"https:\/\/www.cordobatimes.com\/showup\/wp-json\/wp\/v2\/users\/24"}],"replies":[{"embeddable":true,"href":"https:\/\/www.cordobatimes.com\/showup\/wp-json\/wp\/v2\/comments?post=103253"}],"version-history":[{"count":0,"href":"https:\/\/www.cordobatimes.com\/showup\/wp-json\/wp\/v2\/posts\/103253\/revisions"}],"wp:featuredmedia":[{"embeddable":true,"href":"https:\/\/www.cordobatimes.com\/showup\/wp-json\/wp\/v2\/media\/103256"}],"wp:attachment":[{"href":"https:\/\/www.cordobatimes.com\/showup\/wp-json\/wp\/v2\/media?parent=103253"}],"wp:term":[{"taxonomy":"category","embeddable":true,"href":"https:\/\/www.cordobatimes.com\/showup\/wp-json\/wp\/v2\/categories?post=103253"},{"taxonomy":"post_tag","embeddable":true,"href":"https:\/\/www.cordobatimes.com\/showup\/wp-json\/wp\/v2\/tags?post=103253"}],"curies":[{"name":"wp","href":"https:\/\/api.w.org\/{rel}","templated":true}]}}