{"id":103070,"date":"2025-10-24T17:45:39","date_gmt":"2025-10-24T20:45:39","guid":{"rendered":"https:\/\/www.cordobatimes.com\/showup\/?p=103070"},"modified":"2025-10-24T17:47:54","modified_gmt":"2025-10-24T20:47:54","slug":"primavera-verano-2026-colores-suaves-y-siluetas-fluidas","status":"publish","type":"post","link":"https:\/\/www.cordobatimes.com\/showup\/moda-y-estilos\/2025\/10\/24\/primavera-verano-2026-colores-suaves-y-siluetas-fluidas\/","title":{"rendered":"Primavera\/Verano 2026: Colores suaves y siluetas fluidas"},"content":{"rendered":"<h3><strong>La temporada primavera\/verano 2026 se caracteriza por una paleta de colores suaves y siluetas fluidas que evocan frescura y elegancia. Los tonos pastel dominan las pasarelas, mientras que las prendas se adaptan a un estilo relajado y sofisticado<\/strong><\/h3>\n<p data-start=\"474\" data-end=\"847\">La moda para la pr\u00f3xima primavera\/verano apuesta por la suavidad y la ligereza. Los colores predominantes incluyen el <strong data-start=\"606\" data-end=\"623\">butter yellow<\/strong>, un tono c\u00e1lido y luminoso que aporta frescura a los conjuntos, y el <strong data-start=\"693\" data-end=\"704\">lavanda<\/strong>, que ofrece un aire rom\u00e1ntico y delicado. Las prendas se caracterizan por siluetas fluidas y tejidos ligeros, ideales para los d\u00edas calurosos.<\/p>\n<p data-start=\"849\" data-end=\"1182\">Los vestidos largos y las faldas midi en tonos pastel se combinan con blusas de manga larga y pantalones de lino, creando looks c\u00f3modos y elegantes. Los accesorios en tonos met\u00e1licos y las sandalias de tiras finas complementan perfectamente estos conjuntos, aportando un toque de sofisticaci\u00f3n sin perder la frescura de la temporada.<\/p>\n<p data-start=\"849\" data-end=\"1182\"><img alt=\"\" loading=\"lazy\" decoding=\"async\" class=\"alignnone wp-image-103076 size-full\" src=\"http:\/\/www.cordobatimes.com\/showup\/wp-content\/uploads\/2025\/10\/descarga-5.jpeg\" alt=\"\" width=\"736\" height=\"1308\" srcset=\"https:\/\/www.cordobatimes.com\/showup\/wp-content\/uploads\/2025\/10\/descarga-5.jpeg 736w, https:\/\/www.cordobatimes.com\/showup\/wp-content\/uploads\/2025\/10\/descarga-5-236x420.jpeg 236w, https:\/\/www.cordobatimes.com\/showup\/wp-content\/uploads\/2025\/10\/descarga-5-576x1024.jpeg 576w, https:\/\/www.cordobatimes.com\/showup\/wp-content\/uploads\/2025\/10\/descarga-5-696x1237.jpeg 696w\" sizes=\"auto, (max-width: 736px) 100vw, 736px\" \/> <img alt=\"\" loading=\"lazy\" decoding=\"async\" class=\"alignnone wp-image-103077 size-full\" src=\"http:\/\/www.cordobatimes.com\/showup\/wp-content\/uploads\/2025\/10\/descarga-4.jpeg\" alt=\"\" width=\"515\" height=\"1016\" srcset=\"https:\/\/www.cordobatimes.com\/showup\/wp-content\/uploads\/2025\/10\/descarga-4.jpeg 515w, https:\/\/www.cordobatimes.com\/showup\/wp-content\/uploads\/2025\/10\/descarga-4-213x420.jpeg 213w\" sizes=\"auto, (max-width: 515px) 100vw, 515px\" \/> <img alt=\"\" loading=\"lazy\" decoding=\"async\" class=\"alignnone wp-image-103078 size-full\" src=\"http:\/\/www.cordobatimes.com\/showup\/wp-content\/uploads\/2025\/10\/descarga-3.jpeg\" alt=\"\" width=\"736\" height=\"813\" srcset=\"https:\/\/www.cordobatimes.com\/showup\/wp-content\/uploads\/2025\/10\/descarga-3.jpeg 736w, https:\/\/www.cordobatimes.com\/showup\/wp-content\/uploads\/2025\/10\/descarga-3-380x420.jpeg 380w, https:\/\/www.cordobatimes.com\/showup\/wp-content\/uploads\/2025\/10\/descarga-3-696x769.jpeg 696w\" sizes=\"auto, (max-width: 736px) 100vw, 736px\" \/> <img alt=\"\" loading=\"lazy\" decoding=\"async\" class=\"alignnone wp-image-103079 size-full\" src=\"http:\/\/www.cordobatimes.com\/showup\/wp-content\/uploads\/2025\/10\/descarga-2.jpeg\" alt=\"\" width=\"736\" height=\"920\" srcset=\"https:\/\/www.cordobatimes.com\/showup\/wp-content\/uploads\/2025\/10\/descarga-2.jpeg 736w, https:\/\/www.cordobatimes.com\/showup\/wp-content\/uploads\/2025\/10\/descarga-2-336x420.jpeg 336w, https:\/\/www.cordobatimes.com\/showup\/wp-content\/uploads\/2025\/10\/descarga-2-696x870.jpeg 696w\" sizes=\"auto, (max-width: 736px) 100vw, 736px\" \/> <img alt=\"\" loading=\"lazy\" decoding=\"async\" class=\"alignnone wp-image-103080 size-full\" src=\"http:\/\/www.cordobatimes.com\/showup\/wp-content\/uploads\/2025\/10\/descarga-1.jpeg\" alt=\"\" width=\"736\" height=\"1079\" srcset=\"https:\/\/www.cordobatimes.com\/showup\/wp-content\/uploads\/2025\/10\/descarga-1.jpeg 736w, https:\/\/www.cordobatimes.com\/showup\/wp-content\/uploads\/2025\/10\/descarga-1-286x420.jpeg 286w, https:\/\/www.cordobatimes.com\/showup\/wp-content\/uploads\/2025\/10\/descarga-1-698x1024.jpeg 698w, https:\/\/www.cordobatimes.com\/showup\/wp-content\/uploads\/2025\/10\/descarga-1-696x1020.jpeg 696w\" sizes=\"auto, (max-width: 736px) 100vw, 736px\" \/> <img alt=\"\" loading=\"lazy\" decoding=\"async\" class=\"alignnone wp-image-103081 size-full\" src=\"http:\/\/www.cordobatimes.com\/showup\/wp-content\/uploads\/2025\/10\/Herbst-2024_-Warum-jetzt-alle-\u201eButter-Hosen-lieben.jpeg\" alt=\"\" width=\"736\" height=\"1051\" srcset=\"https:\/\/www.cordobatimes.com\/showup\/wp-content\/uploads\/2025\/10\/Herbst-2024_-Warum-jetzt-alle-\u201eButter-Hosen-lieben.jpeg 736w, https:\/\/www.cordobatimes.com\/showup\/wp-content\/uploads\/2025\/10\/Herbst-2024_-Warum-jetzt-alle-\u201eButter-Hosen-lieben-294x420.jpeg 294w, https:\/\/www.cordobatimes.com\/showup\/wp-content\/uploads\/2025\/10\/Herbst-2024_-Warum-jetzt-alle-\u201eButter-Hosen-lieben-717x1024.jpeg 717w, https:\/\/www.cordobatimes.com\/showup\/wp-content\/uploads\/2025\/10\/Herbst-2024_-Warum-jetzt-alle-\u201eButter-Hosen-lieben-696x994.jpeg 696w\" sizes=\"auto, (max-width: 736px) 100vw, 736px\" \/><\/p>\n","protected":false},"excerpt":{"rendered":"<p>La temporada primavera\/verano 2026 se caracteriza por una paleta de colores suaves y siluetas fluidas que evocan frescura y elegancia. Los tonos pastel dominan las pasarelas, mientras que las prendas se adaptan a un estilo relajado y sofisticado La moda para la pr\u00f3xima primavera\/verano apuesta por la suavidad y la ligereza. Los colores predominantes incluyen [&hellip;]<\/p>\n","protected":false},"author":24,"featured_media":103076,"comment_status":"closed","ping_status":"closed","sticky":false,"template":"","format":"standard","meta":{"_seopress_robots_primary_cat":"","_seopress_titles_title":"","_seopress_titles_desc":"","_seopress_robots_index":"","footnotes":""},"categories":[228],"tags":[39362,39365,39363,39345,39364],"class_list":{"0":"post-103070","1":"post","2":"type-post","3":"status-publish","4":"format-standard","5":"has-post-thumbnail","7":"category-moda-y-estilos","8":"tag-butter-yellow","9":"tag-colores-tendencia-verano-2026","10":"tag-lavanda","11":"tag-primavera-verano-2026","12":"tag-tendencias-de-moda-2026"},"_links":{"self":[{"href":"https:\/\/www.cordobatimes.com\/showup\/wp-json\/wp\/v2\/posts\/103070","targetHints":{"allow":["GET"]}}],"collection":[{"href":"https:\/\/www.cordobatimes.com\/showup\/wp-json\/wp\/v2\/posts"}],"about":[{"href":"https:\/\/www.cordobatimes.com\/showup\/wp-json\/wp\/v2\/types\/post"}],"author":[{"embeddable":true,"href":"https:\/\/www.cordobatimes.com\/showup\/wp-json\/wp\/v2\/users\/24"}],"replies":[{"embeddable":true,"href":"https:\/\/www.cordobatimes.com\/showup\/wp-json\/wp\/v2\/comments?post=103070"}],"version-history":[{"count":0,"href":"https:\/\/www.cordobatimes.com\/showup\/wp-json\/wp\/v2\/posts\/103070\/revisions"}],"wp:featuredmedia":[{"embeddable":true,"href":"https:\/\/www.cordobatimes.com\/showup\/wp-json\/wp\/v2\/media\/103076"}],"wp:attachment":[{"href":"https:\/\/www.cordobatimes.com\/showup\/wp-json\/wp\/v2\/media?parent=103070"}],"wp:term":[{"taxonomy":"category","embeddable":true,"href":"https:\/\/www.cordobatimes.com\/showup\/wp-json\/wp\/v2\/categories?post=103070"},{"taxonomy":"post_tag","embeddable":true,"href":"https:\/\/www.cordobatimes.com\/showup\/wp-json\/wp\/v2\/tags?post=103070"}],"curies":[{"name":"wp","href":"https:\/\/api.w.org\/{rel}","templated":true}]}}