{"id":103056,"date":"2025-10-24T09:58:21","date_gmt":"2025-10-24T12:58:21","guid":{"rendered":"https:\/\/www.cordobatimes.com\/showup\/?p=103056"},"modified":"2025-10-24T09:58:24","modified_gmt":"2025-10-24T12:58:24","slug":"el-nuevo-pulso-del-pop-latino-entre-la-vulnerabilidad-y-la-reinvencion","status":"publish","type":"post","link":"https:\/\/www.cordobatimes.com\/showup\/musica\/2025\/10\/24\/el-nuevo-pulso-del-pop-latino-entre-la-vulnerabilidad-y-la-reinvencion\/","title":{"rendered":"El nuevo pulso del pop latino: entre la vulnerabilidad y la reinvenci\u00f3n"},"content":{"rendered":"<p><strong>El pop latino atraviesa una de sus etapas m\u00e1s emocionantes y diversas. Atr\u00e1s qued\u00f3 la f\u00f3rmula del \u00e9xito predecible: hoy los artistas se animan a mezclar sonidos, narrar desde lo \u00edntimo y borrar las fronteras entre g\u00e9neros.<\/strong><\/p>\n<p>Tini, Lali, Danna Paola, Rauw Alejandro, Miranda o Lola \u00cdndigo son solo algunos ejemplos de una generaci\u00f3n que convierte la vulnerabilidad en bandera. Sus nuevas canciones ya no se limitan a los ritmos bailables: hablan de rupturas, ansiedad, identidad y resiliencia, pero sin perder la fuerza esc\u00e9nica que los caracteriza.<\/p>\n<p>En paralelo, la producci\u00f3n sonora tambi\u00e9n cambi\u00f3. Los beats urbanos se funden con guitarras ac\u00fasticas, sintetizadores retro y estructuras m\u00e1s libres. El p\u00fablico \u2014cada vez m\u00e1s exigente y conectado\u2014 premia la autenticidad antes que el artificio.<\/p>\n<p>El resultado: un pop m\u00e1s honesto, emocional y moderno, que refleja una juventud que busca expresarse sin etiquetas.<\/p>\n<p>Porque si algo define este momento musical es la libertad. Y esa, sin duda, es la melod\u00eda m\u00e1s contagiosa de todas.<\/p>\n<p><iframe loading=\"lazy\" width=\"560\" height=\"315\" src=\"https:\/\/www.youtube.com\/embed\/DUgHlRttzcE?si=zwSchFJpZMP_2nyb\" title=\"YouTube video player\" frameborder=\"0\" allow=\"accelerometer; autoplay; clipboard-write; encrypted-media; gyroscope; picture-in-picture; web-share\" referrerpolicy=\"strict-origin-when-cross-origin\" allowfullscreen><\/iframe><\/p>\n<p><iframe loading=\"lazy\" width=\"560\" height=\"315\" src=\"https:\/\/www.youtube.com\/embed\/ZTO9-0j38Eo?si=x-Z1_nbsDTj-16dk\" title=\"YouTube video player\" frameborder=\"0\" allow=\"accelerometer; autoplay; clipboard-write; encrypted-media; gyroscope; picture-in-picture; web-share\" referrerpolicy=\"strict-origin-when-cross-origin\" allowfullscreen><\/iframe><\/p>\n<p><iframe loading=\"lazy\" width=\"560\" height=\"315\" src=\"https:\/\/www.youtube.com\/embed\/l32d1Tw4l6c?si=DrvAXh_jJF8UgKul\" title=\"YouTube video player\" frameborder=\"0\" allow=\"accelerometer; autoplay; clipboard-write; encrypted-media; gyroscope; picture-in-picture; web-share\" referrerpolicy=\"strict-origin-when-cross-origin\" allowfullscreen><\/iframe><\/p>\n","protected":false},"excerpt":{"rendered":"<p>El pop latino atraviesa una de sus etapas m\u00e1s emocionantes y diversas. Atr\u00e1s qued\u00f3 la f\u00f3rmula del \u00e9xito predecible: hoy los artistas se animan a mezclar sonidos, narrar desde lo \u00edntimo y borrar las fronteras entre g\u00e9neros. Tini, Lali, Danna Paola, Rauw Alejandro, Miranda o Lola \u00cdndigo son solo algunos ejemplos de una generaci\u00f3n que [&hellip;]<\/p>\n","protected":false},"author":24,"featured_media":103057,"comment_status":"closed","ping_status":"closed","sticky":false,"template":"","format":"standard","meta":{"_seopress_robots_primary_cat":"","_seopress_titles_title":"","_seopress_titles_desc":"","_seopress_robots_index":"","footnotes":""},"categories":[5],"tags":[39355,1377,257,17089,1780],"class_list":{"0":"post-103056","1":"post","2":"type-post","3":"status-publish","4":"format-standard","5":"has-post-thumbnail","7":"category-musica","8":"tag-el-pop-latino-esta-de-vuelta","9":"tag-lali","10":"tag-miranda","11":"tag-pop-latino","12":"tag-tini"},"_links":{"self":[{"href":"https:\/\/www.cordobatimes.com\/showup\/wp-json\/wp\/v2\/posts\/103056","targetHints":{"allow":["GET"]}}],"collection":[{"href":"https:\/\/www.cordobatimes.com\/showup\/wp-json\/wp\/v2\/posts"}],"about":[{"href":"https:\/\/www.cordobatimes.com\/showup\/wp-json\/wp\/v2\/types\/post"}],"author":[{"embeddable":true,"href":"https:\/\/www.cordobatimes.com\/showup\/wp-json\/wp\/v2\/users\/24"}],"replies":[{"embeddable":true,"href":"https:\/\/www.cordobatimes.com\/showup\/wp-json\/wp\/v2\/comments?post=103056"}],"version-history":[{"count":0,"href":"https:\/\/www.cordobatimes.com\/showup\/wp-json\/wp\/v2\/posts\/103056\/revisions"}],"wp:featuredmedia":[{"embeddable":true,"href":"https:\/\/www.cordobatimes.com\/showup\/wp-json\/wp\/v2\/media\/103057"}],"wp:attachment":[{"href":"https:\/\/www.cordobatimes.com\/showup\/wp-json\/wp\/v2\/media?parent=103056"}],"wp:term":[{"taxonomy":"category","embeddable":true,"href":"https:\/\/www.cordobatimes.com\/showup\/wp-json\/wp\/v2\/categories?post=103056"},{"taxonomy":"post_tag","embeddable":true,"href":"https:\/\/www.cordobatimes.com\/showup\/wp-json\/wp\/v2\/tags?post=103056"}],"curies":[{"name":"wp","href":"https:\/\/api.w.org\/{rel}","templated":true}]}}