{"id":103040,"date":"2025-10-23T19:14:55","date_gmt":"2025-10-23T22:14:55","guid":{"rendered":"https:\/\/www.cordobatimes.com\/showup\/?p=103040"},"modified":"2025-10-23T19:14:56","modified_gmt":"2025-10-23T22:14:56","slug":"tini-stoessel-anuncio-la-suspension-de-su-primer-show-de-futttura-en-tecnopolis","status":"publish","type":"post","link":"https:\/\/www.cordobatimes.com\/showup\/musica\/2025\/10\/23\/tini-stoessel-anuncio-la-suspension-de-su-primer-show-de-futttura-en-tecnopolis\/","title":{"rendered":"Tini Stoessel anunci\u00f3 la suspensi\u00f3n de su primer show de Futttura en Tecn\u00f3polis"},"content":{"rendered":"<h3><strong>La cantante debi\u00f3 cancelar el debut de Futttura, previsto para este viernes 24 de octubre.<\/strong><\/h3>\n<p>A horas del debut de su esperado festival\u00a0FUTTTURA,\u00a0Tini Stoessel\u00a0anunci\u00f3 una noticia que sacudi\u00f3 a sus fans: el show previsto para este\u00a0viernes 24 de octubre en Tecn\u00f3polis\u00a0debi\u00f3 ser\u00a0reprogramado para el lunes 27\u00a0debido a las\u00a0condiciones meteorol\u00f3gicas adversas.<\/p>\n<p>La productora del evento,\u00a0Ake Music, comunic\u00f3 la decisi\u00f3n a trav\u00e9s de un comunicado oficial en redes sociales: \u201cCon el objetivo de preservar la seguridad y el bienestar del p\u00fablico, de los artistas y de todas las personas involucradas en la producci\u00f3n del evento, debido a la previsi\u00f3n de condiciones meteorol\u00f3gicas adversas, lamentablemente nos vemos obligados a reprogramar el show del d\u00eda 24 de octubre al d\u00eda 27 de octubre en Tecn\u00f3polis y a la misma hora\u201d.<\/p>\n<p>El texto tambi\u00e9n aclar\u00f3 que\u00a0las entradas adquiridas para el 24 seguir\u00e1n siendo v\u00e1lidas\u00a0para el lunes 27, sin necesidad de realizar ning\u00fan cambio. Adem\u00e1s, quienes no puedan asistir en la nueva fecha podr\u00e1n\u00a0solicitar la devoluci\u00f3n del dinero\u00a0a trav\u00e9s del correo oficial de la ticketera.<\/p>\n<p><img alt=\"\" loading=\"lazy\" decoding=\"async\" class=\"alignnone wp-image-103042 size-full\" src=\"http:\/\/www.cordobatimes.com\/showup\/wp-content\/uploads\/2025\/10\/571734836_18549638443063271_4352599793512591685_n.jpg\" alt=\"\" width=\"1320\" height=\"2346\" srcset=\"https:\/\/www.cordobatimes.com\/showup\/wp-content\/uploads\/2025\/10\/571734836_18549638443063271_4352599793512591685_n.jpg 1320w, https:\/\/www.cordobatimes.com\/showup\/wp-content\/uploads\/2025\/10\/571734836_18549638443063271_4352599793512591685_n-236x420.jpg 236w, https:\/\/www.cordobatimes.com\/showup\/wp-content\/uploads\/2025\/10\/571734836_18549638443063271_4352599793512591685_n-576x1024.jpg 576w, https:\/\/www.cordobatimes.com\/showup\/wp-content\/uploads\/2025\/10\/571734836_18549638443063271_4352599793512591685_n-768x1365.jpg 768w, https:\/\/www.cordobatimes.com\/showup\/wp-content\/uploads\/2025\/10\/571734836_18549638443063271_4352599793512591685_n-864x1536.jpg 864w, https:\/\/www.cordobatimes.com\/showup\/wp-content\/uploads\/2025\/10\/571734836_18549638443063271_4352599793512591685_n-1152x2048.jpg 1152w, https:\/\/www.cordobatimes.com\/showup\/wp-content\/uploads\/2025\/10\/571734836_18549638443063271_4352599793512591685_n-696x1237.jpg 696w, https:\/\/www.cordobatimes.com\/showup\/wp-content\/uploads\/2025\/10\/571734836_18549638443063271_4352599793512591685_n-1068x1898.jpg 1068w\" sizes=\"auto, (max-width: 1320px) 100vw, 1320px\" \/><\/p>\n<p>Minutos despu\u00e9s del anuncio,\u00a0Tini comparti\u00f3 en sus historias de Instagram\u00a0un extenso mensaje dirigido a sus seguidores, en el que expres\u00f3 la\u00a0frustraci\u00f3n y tristeza\u00a0que le gener\u00f3 el imprevisto clim\u00e1tico.<\/p>\n<p><img alt=\"\" loading=\"lazy\" decoding=\"async\" class=\"alignnone wp-image-103043 size-full\" src=\"http:\/\/www.cordobatimes.com\/showup\/wp-content\/uploads\/2025\/10\/570503632_18549638725063271_1926251033698960987_n.jpg\" alt=\"\" width=\"1320\" height=\"2347\" srcset=\"https:\/\/www.cordobatimes.com\/showup\/wp-content\/uploads\/2025\/10\/570503632_18549638725063271_1926251033698960987_n.jpg 1320w, https:\/\/www.cordobatimes.com\/showup\/wp-content\/uploads\/2025\/10\/570503632_18549638725063271_1926251033698960987_n-236x420.jpg 236w, https:\/\/www.cordobatimes.com\/showup\/wp-content\/uploads\/2025\/10\/570503632_18549638725063271_1926251033698960987_n-576x1024.jpg 576w, https:\/\/www.cordobatimes.com\/showup\/wp-content\/uploads\/2025\/10\/570503632_18549638725063271_1926251033698960987_n-768x1366.jpg 768w, https:\/\/www.cordobatimes.com\/showup\/wp-content\/uploads\/2025\/10\/570503632_18549638725063271_1926251033698960987_n-864x1536.jpg 864w, https:\/\/www.cordobatimes.com\/showup\/wp-content\/uploads\/2025\/10\/570503632_18549638725063271_1926251033698960987_n-1152x2048.jpg 1152w, https:\/\/www.cordobatimes.com\/showup\/wp-content\/uploads\/2025\/10\/570503632_18549638725063271_1926251033698960987_n-696x1238.jpg 696w, https:\/\/www.cordobatimes.com\/showup\/wp-content\/uploads\/2025\/10\/570503632_18549638725063271_1926251033698960987_n-1068x1899.jpg 1068w\" sizes=\"auto, (max-width: 1320px) 100vw, 1320px\" \/><\/p>\n<p>Poco despu\u00e9s, public\u00f3 un video, donde entre l\u00e1grimas volvi\u00f3 a explicar los motivos de la decisi\u00f3n:\u00a0\u201cBueno\u2026 nada, que no saben cu\u00e1nto lamento tener que haber informado esto. S\u00e9 el esfuerzo enorme que hicieron para estar ma\u00f1ana, la ilusi\u00f3n tan grande que ten\u00edamos todos de vernos. Me pone muy triste, la verdad, pero no puedo hacer nada. Los amo y\u2026 nos vemos el lunes, el s\u00e1bado y en las funciones que siguen. Lloro porque estaba muy ilusionada por vernos. Los amo mucho.\u201d<\/p>\n<div style=\"width: 696px;\" class=\"wp-video\"><video class=\"wp-video-shortcode\" id=\"video-103040-1\" width=\"696\" height=\"1237\" preload=\"metadata\" controls=\"controls\"><source type=\"video\/mp4\" src=\"http:\/\/www.cordobatimes.com\/showup\/wp-content\/uploads\/2025\/10\/tinistoessel_3749976320273630867.mp4?_=1\" \/><a href=\"http:\/\/www.cordobatimes.com\/showup\/wp-content\/uploads\/2025\/10\/tinistoessel_3749976320273630867.mp4\">http:\/\/www.cordobatimes.com\/showup\/wp-content\/uploads\/2025\/10\/tinistoessel_3749976320273630867.mp4<\/a><\/video><\/div>\n","protected":false},"excerpt":{"rendered":"<p>La cantante debi\u00f3 cancelar el debut de Futttura, previsto para este viernes 24 de octubre. A horas del debut de su esperado festival\u00a0FUTTTURA,\u00a0Tini Stoessel\u00a0anunci\u00f3 una noticia que sacudi\u00f3 a sus fans: el show previsto para este\u00a0viernes 24 de octubre en Tecn\u00f3polis\u00a0debi\u00f3 ser\u00a0reprogramado para el lunes 27\u00a0debido a las\u00a0condiciones meteorol\u00f3gicas adversas. La productora del evento,\u00a0Ake Music, [&hellip;]<\/p>\n","protected":false},"author":24,"featured_media":103041,"comment_status":"closed","ping_status":"closed","sticky":false,"template":"","format":"standard","meta":{"_seopress_robots_primary_cat":"","_seopress_titles_title":"","_seopress_titles_desc":"","_seopress_robots_index":"","footnotes":""},"categories":[5],"tags":[39353,39352],"class_list":{"0":"post-103040","1":"post","2":"type-post","3":"status-publish","4":"format-standard","5":"has-post-thumbnail","7":"category-musica","8":"tag-primer-show-de-futttura-suspendido","9":"tag-tini-stoessel-primer-show-de-futttura-en-tecnopolis"},"_links":{"self":[{"href":"https:\/\/www.cordobatimes.com\/showup\/wp-json\/wp\/v2\/posts\/103040","targetHints":{"allow":["GET"]}}],"collection":[{"href":"https:\/\/www.cordobatimes.com\/showup\/wp-json\/wp\/v2\/posts"}],"about":[{"href":"https:\/\/www.cordobatimes.com\/showup\/wp-json\/wp\/v2\/types\/post"}],"author":[{"embeddable":true,"href":"https:\/\/www.cordobatimes.com\/showup\/wp-json\/wp\/v2\/users\/24"}],"replies":[{"embeddable":true,"href":"https:\/\/www.cordobatimes.com\/showup\/wp-json\/wp\/v2\/comments?post=103040"}],"version-history":[{"count":0,"href":"https:\/\/www.cordobatimes.com\/showup\/wp-json\/wp\/v2\/posts\/103040\/revisions"}],"wp:featuredmedia":[{"embeddable":true,"href":"https:\/\/www.cordobatimes.com\/showup\/wp-json\/wp\/v2\/media\/103041"}],"wp:attachment":[{"href":"https:\/\/www.cordobatimes.com\/showup\/wp-json\/wp\/v2\/media?parent=103040"}],"wp:term":[{"taxonomy":"category","embeddable":true,"href":"https:\/\/www.cordobatimes.com\/showup\/wp-json\/wp\/v2\/categories?post=103040"},{"taxonomy":"post_tag","embeddable":true,"href":"https:\/\/www.cordobatimes.com\/showup\/wp-json\/wp\/v2\/tags?post=103040"}],"curies":[{"name":"wp","href":"https:\/\/api.w.org\/{rel}","templated":true}]}}