{"id":103037,"date":"2025-10-23T10:30:26","date_gmt":"2025-10-23T13:30:26","guid":{"rendered":"https:\/\/www.cordobatimes.com\/showup\/?p=103037"},"modified":"2025-10-23T10:35:28","modified_gmt":"2025-10-23T13:35:28","slug":"a-horas-de-futttura-tini-lanza-down-y-muestra-su-lado-mas-intimo","status":"publish","type":"post","link":"https:\/\/www.cordobatimes.com\/showup\/musica\/2025\/10\/23\/a-horas-de-futttura-tini-lanza-down-y-muestra-su-lado-mas-intimo\/","title":{"rendered":"A horas de Futttura, Tini lanza \u201cDown\u201d y muestra su lado m\u00e1s \u00edntimo"},"content":{"rendered":"<h3><strong>La cantante present\u00f3 su nuevo sencillo, una apuesta electr\u00f3nica que marca el comienzo de una etapa art\u00edstica renovada<\/strong><\/h3>\n<p><i><b>Tini Stoessel<\/b><\/i>\u00a0lanz\u00f3\u00a0<b>\u201cDown\u201d<\/b>, su nuevo single y videoclip, con una producci\u00f3n de est\u00e9tica electr\u00f3nica y esp\u00edritu festivalero que marca el inicio formal de su nueva era musical:\u00a0<i><b>FUTTTURA<\/b><\/i>. La canci\u00f3n, lanzada este mi\u00e9rcoles, llega como un himno de liberaci\u00f3n donde la cantante canaliza la adrenalina, la tristeza y la fuerza de volver a empezar.<\/p>\n<p>El estreno no solo es un adelanto del\u00a0<b>megafestival que la artista prepara en Buenos Aires<\/b>, sino tambi\u00e9n la confirmaci\u00f3n de un viraje est\u00e9tico y sonoro. Con una producci\u00f3n basada en pulsos electr\u00f3nicos, bases intensas y un coro que se graba en la memoria, \u201cDown\u201d refleja una Tini m\u00e1s experimental, decidida a fusionar la emotividad de sus letras con la potencia de la m\u00fasica electr\u00f3nica.<\/p>\n<p><iframe loading=\"lazy\" width=\"560\" height=\"315\" src=\"https:\/\/www.youtube.com\/embed\/DUgHlRttzcE?si=EhdfFiSDg5sGChSl\" title=\"YouTube video player\" frameborder=\"0\" allow=\"accelerometer; autoplay; clipboard-write; encrypted-media; gyroscope; picture-in-picture; web-share\" referrerpolicy=\"strict-origin-when-cross-origin\" allowfullscreen><\/iframe><\/p>\n","protected":false},"excerpt":{"rendered":"<p>La cantante present\u00f3 su nuevo sencillo, una apuesta electr\u00f3nica que marca el comienzo de una etapa art\u00edstica renovada Tini Stoessel\u00a0lanz\u00f3\u00a0\u201cDown\u201d, su nuevo single y videoclip, con una producci\u00f3n de est\u00e9tica electr\u00f3nica y esp\u00edritu festivalero que marca el inicio formal de su nueva era musical:\u00a0FUTTTURA. La canci\u00f3n, lanzada este mi\u00e9rcoles, llega como un himno de liberaci\u00f3n [&hellip;]<\/p>\n","protected":false},"author":24,"featured_media":103039,"comment_status":"closed","ping_status":"closed","sticky":false,"template":"","format":"standard","meta":{"_seopress_robots_primary_cat":"","_seopress_titles_title":"","_seopress_titles_desc":"","_seopress_robots_index":"","footnotes":""},"categories":[5],"tags":[39351,39349,39350],"class_list":{"0":"post-103037","1":"post","2":"type-post","3":"status-publish","4":"format-standard","5":"has-post-thumbnail","7":"category-musica","8":"tag-down-nueva-cancion-de-tini","9":"tag-tini-down","10":"tag-tini-stoessel-down"},"_links":{"self":[{"href":"https:\/\/www.cordobatimes.com\/showup\/wp-json\/wp\/v2\/posts\/103037","targetHints":{"allow":["GET"]}}],"collection":[{"href":"https:\/\/www.cordobatimes.com\/showup\/wp-json\/wp\/v2\/posts"}],"about":[{"href":"https:\/\/www.cordobatimes.com\/showup\/wp-json\/wp\/v2\/types\/post"}],"author":[{"embeddable":true,"href":"https:\/\/www.cordobatimes.com\/showup\/wp-json\/wp\/v2\/users\/24"}],"replies":[{"embeddable":true,"href":"https:\/\/www.cordobatimes.com\/showup\/wp-json\/wp\/v2\/comments?post=103037"}],"version-history":[{"count":0,"href":"https:\/\/www.cordobatimes.com\/showup\/wp-json\/wp\/v2\/posts\/103037\/revisions"}],"wp:featuredmedia":[{"embeddable":true,"href":"https:\/\/www.cordobatimes.com\/showup\/wp-json\/wp\/v2\/media\/103039"}],"wp:attachment":[{"href":"https:\/\/www.cordobatimes.com\/showup\/wp-json\/wp\/v2\/media?parent=103037"}],"wp:term":[{"taxonomy":"category","embeddable":true,"href":"https:\/\/www.cordobatimes.com\/showup\/wp-json\/wp\/v2\/categories?post=103037"},{"taxonomy":"post_tag","embeddable":true,"href":"https:\/\/www.cordobatimes.com\/showup\/wp-json\/wp\/v2\/tags?post=103037"}],"curies":[{"name":"wp","href":"https:\/\/api.w.org\/{rel}","templated":true}]}}