{"id":103027,"date":"2025-10-22T17:53:39","date_gmt":"2025-10-22T20:53:39","guid":{"rendered":"https:\/\/www.cordobatimes.com\/showup\/?p=103027"},"modified":"2025-10-22T17:53:40","modified_gmt":"2025-10-22T20:53:40","slug":"envidiosa-vuelve-con-todo-netflix-anuncia-la-tercera-temporada-y-muestra-un-adelanto-imperdible","status":"publish","type":"post","link":"https:\/\/www.cordobatimes.com\/showup\/cine-y-series\/2025\/10\/22\/envidiosa-vuelve-con-todo-netflix-anuncia-la-tercera-temporada-y-muestra-un-adelanto-imperdible\/","title":{"rendered":"Envidiosa vuelve con todo: Netflix anuncia la tercera temporada y muestra un adelanto imperdible"},"content":{"rendered":"<h3><strong>La serie de comedia que tiene como protagonista a Griselda Siciliani tendr\u00e1 una nueva entrega.<\/strong><\/h3>\n<p>casi nueve meses de la segunda temporada,\u00a0Netflix anunci\u00f3 que\u00a0Envidiosa\u00a0regresa con una nueva entrega y lo hizo a trav\u00e9s de las redes sociales, donde comparti\u00f3 un nuevo tr\u00e1iler en el que dej\u00f3 a la vista qu\u00e9 figuras argentinas formar\u00e1n parte del elenco.<\/p>\n<p>\u201cSe vienen cositas en la vida de Vicky. La tercera temporada de\u00a0Envidiosa\u00a0llega a Netflix el 19 de noviembre\u201d, escribieron desde la cuenta de Instagram de Che Netflix junto a algunas im\u00e1genes que resumieron lo que los televidentes podr\u00e1n ver en poco tiempo sobre la ficci\u00f3n que protagoniza Griselda Siciliani. All\u00ed, se la vio Vicky vestida de novia, pasear por las calles de Buenos Aires con un cochecito para beb\u00e9s, pero tambi\u00e9n con situaciones sin resolver.<\/p>\n<p><iframe loading=\"lazy\" title=\"YouTube video player\" src=\"https:\/\/www.youtube.com\/embed\/DJI00CqJU50?si=9Bot8rxHlxbpxfuY\" width=\"560\" height=\"315\" frameborder=\"0\" allowfullscreen=\"allowfullscreen\"><\/iframe><\/p>\n","protected":false},"excerpt":{"rendered":"<p>La serie de comedia que tiene como protagonista a Griselda Siciliani tendr\u00e1 una nueva entrega. casi nueve meses de la segunda temporada,\u00a0Netflix anunci\u00f3 que\u00a0Envidiosa\u00a0regresa con una nueva entrega y lo hizo a trav\u00e9s de las redes sociales, donde comparti\u00f3 un nuevo tr\u00e1iler en el que dej\u00f3 a la vista qu\u00e9 figuras argentinas formar\u00e1n parte del [&hellip;]<\/p>\n","protected":false},"author":24,"featured_media":103028,"comment_status":"closed","ping_status":"closed","sticky":false,"template":"","format":"standard","meta":{"_seopress_robots_primary_cat":"","_seopress_titles_title":"","_seopress_titles_desc":"","_seopress_robots_index":"","footnotes":""},"categories":[3],"tags":[39347,39348],"class_list":{"0":"post-103027","1":"post","2":"type-post","3":"status-publish","4":"format-standard","5":"has-post-thumbnail","7":"category-cine-y-series","8":"tag-envidiosa-temporada-3-trailer","9":"tag-fecha-estreno-envidiosa-temporada-3"},"_links":{"self":[{"href":"https:\/\/www.cordobatimes.com\/showup\/wp-json\/wp\/v2\/posts\/103027","targetHints":{"allow":["GET"]}}],"collection":[{"href":"https:\/\/www.cordobatimes.com\/showup\/wp-json\/wp\/v2\/posts"}],"about":[{"href":"https:\/\/www.cordobatimes.com\/showup\/wp-json\/wp\/v2\/types\/post"}],"author":[{"embeddable":true,"href":"https:\/\/www.cordobatimes.com\/showup\/wp-json\/wp\/v2\/users\/24"}],"replies":[{"embeddable":true,"href":"https:\/\/www.cordobatimes.com\/showup\/wp-json\/wp\/v2\/comments?post=103027"}],"version-history":[{"count":0,"href":"https:\/\/www.cordobatimes.com\/showup\/wp-json\/wp\/v2\/posts\/103027\/revisions"}],"wp:featuredmedia":[{"embeddable":true,"href":"https:\/\/www.cordobatimes.com\/showup\/wp-json\/wp\/v2\/media\/103028"}],"wp:attachment":[{"href":"https:\/\/www.cordobatimes.com\/showup\/wp-json\/wp\/v2\/media?parent=103027"}],"wp:term":[{"taxonomy":"category","embeddable":true,"href":"https:\/\/www.cordobatimes.com\/showup\/wp-json\/wp\/v2\/categories?post=103027"},{"taxonomy":"post_tag","embeddable":true,"href":"https:\/\/www.cordobatimes.com\/showup\/wp-json\/wp\/v2\/tags?post=103027"}],"curies":[{"name":"wp","href":"https:\/\/api.w.org\/{rel}","templated":true}]}}