{"id":103011,"date":"2025-10-22T09:05:36","date_gmt":"2025-10-22T12:05:36","guid":{"rendered":"https:\/\/www.cordobatimes.com\/showup\/?p=103011"},"modified":"2025-10-22T09:05:37","modified_gmt":"2025-10-22T12:05:37","slug":"vibrante-audaz-y-fresco-el-color-que-transforma-tu-look-esta-primavera-verano","status":"publish","type":"post","link":"https:\/\/www.cordobatimes.com\/showup\/moda-y-estilos\/2025\/10\/22\/vibrante-audaz-y-fresco-el-color-que-transforma-tu-look-esta-primavera-verano\/","title":{"rendered":"\u201cVibrante, audaz y fresco: el color que transforma tu look esta primavera-verano\u201d"},"content":{"rendered":"<h3><strong>Olvidate de los tonos pastel; la primavera de este a\u00f1o pide energ\u00eda y luz.\u00a0<\/strong><\/h3>\n<p>El\u00a0<strong>verde lima<\/strong>\u00a0(<em>chartreuse<\/em>\u00a0o Pantone 390 C) se combina mejor con\u00a0<strong>tonos neutros<\/strong>\u00a0como el\u00a0<em>nude<\/em>, el blanco, el negro o el gris para un\u00a0<em>look<\/em>\u00a0balanceado. Para una apuesta m\u00e1s audaz, pod\u00e9s mezclarlo con\u00a0<strong>colores complementarios<\/strong>\u00a0como el\u00a0<em>shocking<\/em>\u00a0o el fucsia, logrando un impacto vibrante y moderno.<\/p>\n<p>La moda actual nos pide dejar de lado la timidez y este color es la herramienta perfecta para lograrlo. Es un tono que se siente fresco y vibrante bajo el sol, ideal para acompa\u00f1ar la llegada de la ropa liviana y los d\u00edas m\u00e1s largos.<\/p>\n<p><img alt=\"\" loading=\"lazy\" decoding=\"async\" class=\"alignnone wp-image-103013 size-full\" src=\"http:\/\/www.cordobatimes.com\/showup\/wp-content\/uploads\/2025\/10\/Pantallazo-22-10-2025-08.33.52.jpg\" alt=\"\" width=\"651\" height=\"829\" srcset=\"https:\/\/www.cordobatimes.com\/showup\/wp-content\/uploads\/2025\/10\/Pantallazo-22-10-2025-08.33.52.jpg 651w, https:\/\/www.cordobatimes.com\/showup\/wp-content\/uploads\/2025\/10\/Pantallazo-22-10-2025-08.33.52-330x420.jpg 330w\" sizes=\"auto, (max-width: 651px) 100vw, 651px\" \/><\/p>\n<p>El gran desaf\u00edo de los tonos vibrantes es saber c\u00f3mo integrarlos sin que el resultado sea ca\u00f3tico. La clave con el amarillo lima es el equilibrio:<\/p>\n<p>&nbsp;<\/p>\n<ol class=\"wp-block-list\" start=\"1\">\n<li><strong>Enfoque neutro (el camino seguro):<\/strong>\u00a0Si quer\u00e9s empezar de a poco, us\u00e1 el amarillo lima como un acento de color. Combin\u00e1 una prenda principal (como un pantal\u00f3n o un vestido) con accesorios o prendas neutras. El\u00a0<strong>blanco<\/strong>, el\u00a0<strong>negro<\/strong>\u00a0y el\u00a0<strong>gris<\/strong>\u00a0funcionan como bases perfectas que permiten que el amarillo lima brille sin estridencias.<\/li>\n<li><strong>Enfoque terroso (la modernidad):<\/strong>\u00a0Para un\u00a0<em>look<\/em>\u00a0m\u00e1s sofisticado y en tendencia, prob\u00e1 mezclarlo con\u00a0<strong>marrones chocolate, camel o tonos\u00a0<em>nude<\/em><\/strong>. El contraste entre la calidez de la tierra y la acidez del lima resulta elegante y moderno.<\/li>\n<li><strong>Enfoque audaz (<em>color block<\/em>):<\/strong>\u00a0Para quienes no temen el riesgo, el amarillo lima se lleva de maravilla con el\u00a0<strong>fucsia<\/strong>, el\u00a0<strong>naranja<\/strong>\u00a0vibrante o el\u00a0<strong>azul el\u00e9ctrico<\/strong>. Estas combinaciones de\u00a0<em>color block<\/em>\u00a0son ideales para\u00a0<em>looks<\/em> de noche o para festivales, ya que amplifican la energ\u00eda del tono.<\/li>\n<li>Esta tendencia no es completamente nueva. El\u00a0<em>chartreuse<\/em>\u00a0es un color que se rescata de la\u00a0<strong>moda de fines de los 90 y principios de los 2000<\/strong>, cuando la est\u00e9tica\u00a0<em>rave<\/em>\u00a0y el ne\u00f3n se impusieron con fuerza. Hoy, vuelve reinterpretado: menos ne\u00f3n fluorescente y m\u00e1s un amarillo lima sofisticado.<\/li>\n<\/ol>\n<ul class=\"wp-block-list\">\n<li><strong>Accesorios:<\/strong>\u00a0Un bolso peque\u00f1o o un par de sandalias en amarillo lima pueden transformar tu\u00a0<em>jean<\/em>\u00a0y remera blanca de forma instant\u00e1nea.<\/li>\n<li><strong>Prenda \u00fanica:<\/strong>\u00a0Inclu\u00ed solo una prenda en este tono, como un blazer ligero o un\u00a0<em>top<\/em>. Usalo como si fuera un neutro, dejando que sea el protagonista absoluto del\u00a0<em>outfit<\/em>.<img alt=\"\" loading=\"lazy\" decoding=\"async\" class=\"alignnone wp-image-103014 size-full\" src=\"http:\/\/www.cordobatimes.com\/showup\/wp-content\/uploads\/2025\/10\/Pantallazo-22-10-2025-08.44.31.jpg\" alt=\"\" width=\"718\" height=\"858\" srcset=\"https:\/\/www.cordobatimes.com\/showup\/wp-content\/uploads\/2025\/10\/Pantallazo-22-10-2025-08.44.31.jpg 718w, https:\/\/www.cordobatimes.com\/showup\/wp-content\/uploads\/2025\/10\/Pantallazo-22-10-2025-08.44.31-351x420.jpg 351w, https:\/\/www.cordobatimes.com\/showup\/wp-content\/uploads\/2025\/10\/Pantallazo-22-10-2025-08.44.31-696x832.jpg 696w\" sizes=\"auto, (max-width: 718px) 100vw, 718px\" \/> <img alt=\"\" loading=\"lazy\" decoding=\"async\" class=\"alignnone wp-image-103015 size-full\" src=\"http:\/\/www.cordobatimes.com\/showup\/wp-content\/uploads\/2025\/10\/Pantallazo-22-10-2025-08.45.50.jpg\" alt=\"\" width=\"486\" height=\"855\" srcset=\"https:\/\/www.cordobatimes.com\/showup\/wp-content\/uploads\/2025\/10\/Pantallazo-22-10-2025-08.45.50.jpg 486w, https:\/\/www.cordobatimes.com\/showup\/wp-content\/uploads\/2025\/10\/Pantallazo-22-10-2025-08.45.50-239x420.jpg 239w\" sizes=\"auto, (max-width: 486px) 100vw, 486px\" \/> <img alt=\"\" loading=\"lazy\" decoding=\"async\" class=\"alignnone wp-image-103016 size-full\" src=\"http:\/\/www.cordobatimes.com\/showup\/wp-content\/uploads\/2025\/10\/Pantallazo-22-10-2025-08.47.20.jpg\" alt=\"\" width=\"642\" height=\"853\" srcset=\"https:\/\/www.cordobatimes.com\/showup\/wp-content\/uploads\/2025\/10\/Pantallazo-22-10-2025-08.47.20.jpg 642w, https:\/\/www.cordobatimes.com\/showup\/wp-content\/uploads\/2025\/10\/Pantallazo-22-10-2025-08.47.20-316x420.jpg 316w\" sizes=\"auto, (max-width: 642px) 100vw, 642px\" \/> <img alt=\"\" loading=\"lazy\" decoding=\"async\" class=\"alignnone wp-image-103017 size-full\" src=\"http:\/\/www.cordobatimes.com\/showup\/wp-content\/uploads\/2025\/10\/Pantallazo-22-10-2025-08.48.12.jpg\" alt=\"\" width=\"493\" height=\"848\" srcset=\"https:\/\/www.cordobatimes.com\/showup\/wp-content\/uploads\/2025\/10\/Pantallazo-22-10-2025-08.48.12.jpg 493w, https:\/\/www.cordobatimes.com\/showup\/wp-content\/uploads\/2025\/10\/Pantallazo-22-10-2025-08.48.12-244x420.jpg 244w\" sizes=\"auto, (max-width: 493px) 100vw, 493px\" \/> <img alt=\"\" loading=\"lazy\" decoding=\"async\" class=\"alignnone wp-image-103018 size-full\" src=\"http:\/\/www.cordobatimes.com\/showup\/wp-content\/uploads\/2025\/10\/Pantallazo-22-10-2025-08.51.13.jpg\" alt=\"\" width=\"682\" height=\"864\" srcset=\"https:\/\/www.cordobatimes.com\/showup\/wp-content\/uploads\/2025\/10\/Pantallazo-22-10-2025-08.51.13.jpg 682w, https:\/\/www.cordobatimes.com\/showup\/wp-content\/uploads\/2025\/10\/Pantallazo-22-10-2025-08.51.13-332x420.jpg 332w\" sizes=\"auto, (max-width: 682px) 100vw, 682px\" \/> <img alt=\"\" loading=\"lazy\" decoding=\"async\" class=\"alignnone wp-image-103019 size-full\" src=\"http:\/\/www.cordobatimes.com\/showup\/wp-content\/uploads\/2025\/10\/Pantallazo-22-10-2025-08.55.13.jpg\" alt=\"\" width=\"519\" height=\"846\" srcset=\"https:\/\/www.cordobatimes.com\/showup\/wp-content\/uploads\/2025\/10\/Pantallazo-22-10-2025-08.55.13.jpg 519w, https:\/\/www.cordobatimes.com\/showup\/wp-content\/uploads\/2025\/10\/Pantallazo-22-10-2025-08.55.13-258x420.jpg 258w\" sizes=\"auto, (max-width: 519px) 100vw, 519px\" \/><\/li>\n<\/ul>\n","protected":false},"excerpt":{"rendered":"<p>Olvidate de los tonos pastel; la primavera de este a\u00f1o pide energ\u00eda y luz.\u00a0 El\u00a0verde lima\u00a0(chartreuse\u00a0o Pantone 390 C) se combina mejor con\u00a0tonos neutros\u00a0como el\u00a0nude, el blanco, el negro o el gris para un\u00a0look\u00a0balanceado. Para una apuesta m\u00e1s audaz, pod\u00e9s mezclarlo con\u00a0colores complementarios\u00a0como el\u00a0shocking\u00a0o el fucsia, logrando un impacto vibrante y moderno. La moda actual [&hellip;]<\/p>\n","protected":false},"author":24,"featured_media":103012,"comment_status":"closed","ping_status":"closed","sticky":false,"template":"","format":"standard","meta":{"_seopress_robots_primary_cat":"","_seopress_titles_title":"","_seopress_titles_desc":"","_seopress_robots_index":"","footnotes":""},"categories":[228],"tags":[39345,39344,39346],"class_list":{"0":"post-103011","1":"post","2":"type-post","3":"status-publish","4":"format-standard","5":"has-post-thumbnail","7":"category-moda-y-estilos","8":"tag-primavera-verano-2026","9":"tag-tendencias-primavera-verano-2026","10":"tag-verde-lima-tendencia-primavera-verano"},"_links":{"self":[{"href":"https:\/\/www.cordobatimes.com\/showup\/wp-json\/wp\/v2\/posts\/103011","targetHints":{"allow":["GET"]}}],"collection":[{"href":"https:\/\/www.cordobatimes.com\/showup\/wp-json\/wp\/v2\/posts"}],"about":[{"href":"https:\/\/www.cordobatimes.com\/showup\/wp-json\/wp\/v2\/types\/post"}],"author":[{"embeddable":true,"href":"https:\/\/www.cordobatimes.com\/showup\/wp-json\/wp\/v2\/users\/24"}],"replies":[{"embeddable":true,"href":"https:\/\/www.cordobatimes.com\/showup\/wp-json\/wp\/v2\/comments?post=103011"}],"version-history":[{"count":0,"href":"https:\/\/www.cordobatimes.com\/showup\/wp-json\/wp\/v2\/posts\/103011\/revisions"}],"wp:featuredmedia":[{"embeddable":true,"href":"https:\/\/www.cordobatimes.com\/showup\/wp-json\/wp\/v2\/media\/103012"}],"wp:attachment":[{"href":"https:\/\/www.cordobatimes.com\/showup\/wp-json\/wp\/v2\/media?parent=103011"}],"wp:term":[{"taxonomy":"category","embeddable":true,"href":"https:\/\/www.cordobatimes.com\/showup\/wp-json\/wp\/v2\/categories?post=103011"},{"taxonomy":"post_tag","embeddable":true,"href":"https:\/\/www.cordobatimes.com\/showup\/wp-json\/wp\/v2\/tags?post=103011"}],"curies":[{"name":"wp","href":"https:\/\/api.w.org\/{rel}","templated":true}]}}