{"id":103002,"date":"2025-10-21T18:45:10","date_gmt":"2025-10-21T21:45:10","guid":{"rendered":"https:\/\/www.cordobatimes.com\/showup\/?p=103002"},"modified":"2025-10-21T18:47:20","modified_gmt":"2025-10-21T21:47:20","slug":"emilia-clarke-la-estrella-de-game-of-thrones-deslumbra-en-su-visita-a-la-argentina-naturaleza-encanto-y-lujo-en-cada-destino","status":"publish","type":"post","link":"https:\/\/www.cordobatimes.com\/showup\/famosos\/2025\/10\/21\/emilia-clarke-la-estrella-de-game-of-thrones-deslumbra-en-su-visita-a-la-argentina-naturaleza-encanto-y-lujo-en-cada-destino\/","title":{"rendered":"Emilia Clarke, la estrella de Game of Thrones, deslumbra en su visita a la Argentina: naturaleza, encanto y lujo en cada destino"},"content":{"rendered":"<p><strong>La actriz comparti\u00f3 en sus redes sociales las postales de su paso por el pa\u00eds.<\/strong><\/p>\n<p>La presencia de\u00a0Emilia Clarke\u00a0en Argentina se convirti\u00f3 en uno de los temas m\u00e1s comentados del fin de semana, impulsada por una ola de rumores que circularon en redes sociales entre fan\u00e1ticos y curiosos. El revuelo comenz\u00f3 cuando se public\u00f3 un video en el que la actriz, reconocida mundialmente por\u00a0su rol como\u00a0Daenerys Targaryen\u00a0en la serie\u00a0Game of Thrones, apareci\u00f3 tomando un caf\u00e9 en el barrio porte\u00f1o de Palermo.<\/p>\n<p>Fue reci\u00e9n d\u00edas m\u00e1s tarde que Clarke confirm\u00f3 su estad\u00eda en el pa\u00eds al compartir una serie de fotograf\u00edas en su cuenta de Instagram, bajo la frase: \u201cPor fin&#8230; y finalmente. Unas vacaciones para ser documentadas. Helen Kingston, lo hicimos bien\u201d.<\/p>\n<p><img alt=\"\" loading=\"lazy\" decoding=\"async\" class=\"alignnone size-medium wp-image-103004\" src=\"http:\/\/www.cordobatimes.com\/showup\/wp-content\/uploads\/2025\/10\/emilia_clarke_568223633_18542042326038260_1225385519096176302_n-559x420.jpg\" alt=\"\" width=\"559\" height=\"420\" srcset=\"https:\/\/www.cordobatimes.com\/showup\/wp-content\/uploads\/2025\/10\/emilia_clarke_568223633_18542042326038260_1225385519096176302_n-559x420.jpg 559w, https:\/\/www.cordobatimes.com\/showup\/wp-content\/uploads\/2025\/10\/emilia_clarke_568223633_18542042326038260_1225385519096176302_n-1024x769.jpg 1024w, https:\/\/www.cordobatimes.com\/showup\/wp-content\/uploads\/2025\/10\/emilia_clarke_568223633_18542042326038260_1225385519096176302_n-768x577.jpg 768w, https:\/\/www.cordobatimes.com\/showup\/wp-content\/uploads\/2025\/10\/emilia_clarke_568223633_18542042326038260_1225385519096176302_n-696x523.jpg 696w, https:\/\/www.cordobatimes.com\/showup\/wp-content\/uploads\/2025\/10\/emilia_clarke_568223633_18542042326038260_1225385519096176302_n-1068x802.jpg 1068w, https:\/\/www.cordobatimes.com\/showup\/wp-content\/uploads\/2025\/10\/emilia_clarke_568223633_18542042326038260_1225385519096176302_n-80x60.jpg 80w, https:\/\/www.cordobatimes.com\/showup\/wp-content\/uploads\/2025\/10\/emilia_clarke_568223633_18542042326038260_1225385519096176302_n-265x198.jpg 265w, https:\/\/www.cordobatimes.com\/showup\/wp-content\/uploads\/2025\/10\/emilia_clarke_568223633_18542042326038260_1225385519096176302_n.jpg 1201w\" sizes=\"auto, (max-width: 559px) 100vw, 559px\" \/> <img alt=\"\" loading=\"lazy\" decoding=\"async\" class=\"alignnone size-medium wp-image-103005\" src=\"http:\/\/www.cordobatimes.com\/showup\/wp-content\/uploads\/2025\/10\/emilia_clarke_568260929_18542042272038260_8033589069073090598_n-559x420.jpg\" alt=\"\" width=\"559\" height=\"420\" srcset=\"https:\/\/www.cordobatimes.com\/showup\/wp-content\/uploads\/2025\/10\/emilia_clarke_568260929_18542042272038260_8033589069073090598_n-559x420.jpg 559w, https:\/\/www.cordobatimes.com\/showup\/wp-content\/uploads\/2025\/10\/emilia_clarke_568260929_18542042272038260_8033589069073090598_n-1024x769.jpg 1024w, https:\/\/www.cordobatimes.com\/showup\/wp-content\/uploads\/2025\/10\/emilia_clarke_568260929_18542042272038260_8033589069073090598_n-768x577.jpg 768w, https:\/\/www.cordobatimes.com\/showup\/wp-content\/uploads\/2025\/10\/emilia_clarke_568260929_18542042272038260_8033589069073090598_n-696x522.jpg 696w, https:\/\/www.cordobatimes.com\/showup\/wp-content\/uploads\/2025\/10\/emilia_clarke_568260929_18542042272038260_8033589069073090598_n-1068x802.jpg 1068w, https:\/\/www.cordobatimes.com\/showup\/wp-content\/uploads\/2025\/10\/emilia_clarke_568260929_18542042272038260_8033589069073090598_n-80x60.jpg 80w, https:\/\/www.cordobatimes.com\/showup\/wp-content\/uploads\/2025\/10\/emilia_clarke_568260929_18542042272038260_8033589069073090598_n-265x198.jpg 265w, https:\/\/www.cordobatimes.com\/showup\/wp-content\/uploads\/2025\/10\/emilia_clarke_568260929_18542042272038260_8033589069073090598_n.jpg 1440w\" sizes=\"auto, (max-width: 559px) 100vw, 559px\" \/> <img alt=\"\" loading=\"lazy\" decoding=\"async\" class=\"alignnone size-medium wp-image-103006\" src=\"http:\/\/www.cordobatimes.com\/showup\/wp-content\/uploads\/2025\/10\/emilia_clarke_568254899_18542042230038260_854816898867291745_n-559x420.jpg\" alt=\"\" width=\"559\" height=\"420\" srcset=\"https:\/\/www.cordobatimes.com\/showup\/wp-content\/uploads\/2025\/10\/emilia_clarke_568254899_18542042230038260_854816898867291745_n-559x420.jpg 559w, https:\/\/www.cordobatimes.com\/showup\/wp-content\/uploads\/2025\/10\/emilia_clarke_568254899_18542042230038260_854816898867291745_n-1024x769.jpg 1024w, https:\/\/www.cordobatimes.com\/showup\/wp-content\/uploads\/2025\/10\/emilia_clarke_568254899_18542042230038260_854816898867291745_n-768x577.jpg 768w, https:\/\/www.cordobatimes.com\/showup\/wp-content\/uploads\/2025\/10\/emilia_clarke_568254899_18542042230038260_854816898867291745_n-696x522.jpg 696w, https:\/\/www.cordobatimes.com\/showup\/wp-content\/uploads\/2025\/10\/emilia_clarke_568254899_18542042230038260_854816898867291745_n-1068x802.jpg 1068w, https:\/\/www.cordobatimes.com\/showup\/wp-content\/uploads\/2025\/10\/emilia_clarke_568254899_18542042230038260_854816898867291745_n-80x60.jpg 80w, https:\/\/www.cordobatimes.com\/showup\/wp-content\/uploads\/2025\/10\/emilia_clarke_568254899_18542042230038260_854816898867291745_n-265x198.jpg 265w, https:\/\/www.cordobatimes.com\/showup\/wp-content\/uploads\/2025\/10\/emilia_clarke_568254899_18542042230038260_854816898867291745_n.jpg 1440w\" sizes=\"auto, (max-width: 559px) 100vw, 559px\" \/> <img alt=\"\" loading=\"lazy\" decoding=\"async\" class=\"alignnone size-medium wp-image-103007\" src=\"http:\/\/www.cordobatimes.com\/showup\/wp-content\/uploads\/2025\/10\/emilia_clarke_568641065_18542042140038260_1622000750208761868_n-559x420.jpg\" alt=\"\" width=\"559\" height=\"420\" srcset=\"https:\/\/www.cordobatimes.com\/showup\/wp-content\/uploads\/2025\/10\/emilia_clarke_568641065_18542042140038260_1622000750208761868_n-559x420.jpg 559w, https:\/\/www.cordobatimes.com\/showup\/wp-content\/uploads\/2025\/10\/emilia_clarke_568641065_18542042140038260_1622000750208761868_n-1024x769.jpg 1024w, https:\/\/www.cordobatimes.com\/showup\/wp-content\/uploads\/2025\/10\/emilia_clarke_568641065_18542042140038260_1622000750208761868_n-768x577.jpg 768w, https:\/\/www.cordobatimes.com\/showup\/wp-content\/uploads\/2025\/10\/emilia_clarke_568641065_18542042140038260_1622000750208761868_n-696x522.jpg 696w, https:\/\/www.cordobatimes.com\/showup\/wp-content\/uploads\/2025\/10\/emilia_clarke_568641065_18542042140038260_1622000750208761868_n-1068x802.jpg 1068w, https:\/\/www.cordobatimes.com\/showup\/wp-content\/uploads\/2025\/10\/emilia_clarke_568641065_18542042140038260_1622000750208761868_n-80x60.jpg 80w, https:\/\/www.cordobatimes.com\/showup\/wp-content\/uploads\/2025\/10\/emilia_clarke_568641065_18542042140038260_1622000750208761868_n-265x198.jpg 265w, https:\/\/www.cordobatimes.com\/showup\/wp-content\/uploads\/2025\/10\/emilia_clarke_568641065_18542042140038260_1622000750208761868_n.jpg 1440w\" sizes=\"auto, (max-width: 559px) 100vw, 559px\" \/><\/p>\n<div style=\"width: 696px;\" class=\"wp-video\"><video class=\"wp-video-shortcode\" id=\"video-103002-1\" width=\"696\" height=\"522\" preload=\"metadata\" controls=\"controls\"><source type=\"video\/mp4\" src=\"http:\/\/www.cordobatimes.com\/showup\/wp-content\/uploads\/2025\/10\/emilia_clarke.mp4?_=1\" \/><a href=\"http:\/\/www.cordobatimes.com\/showup\/wp-content\/uploads\/2025\/10\/emilia_clarke.mp4\">http:\/\/www.cordobatimes.com\/showup\/wp-content\/uploads\/2025\/10\/emilia_clarke.mp4<\/a><\/video><\/div>\n","protected":false},"excerpt":{"rendered":"<p>La actriz comparti\u00f3 en sus redes sociales las postales de su paso por el pa\u00eds. La presencia de\u00a0Emilia Clarke\u00a0en Argentina se convirti\u00f3 en uno de los temas m\u00e1s comentados del fin de semana, impulsada por una ola de rumores que circularon en redes sociales entre fan\u00e1ticos y curiosos. El revuelo comenz\u00f3 cuando se public\u00f3 un [&hellip;]<\/p>\n","protected":false},"author":24,"featured_media":103003,"comment_status":"closed","ping_status":"closed","sticky":false,"template":"","format":"standard","meta":{"_seopress_robots_primary_cat":"","_seopress_titles_title":"","_seopress_titles_desc":"","_seopress_robots_index":"","footnotes":""},"categories":[4],"tags":[39342,39343],"class_list":{"0":"post-103002","1":"post","2":"type-post","3":"status-publish","4":"format-standard","5":"has-post-thumbnail","7":"category-famosos","8":"tag-emilia-clarke-argentina","9":"tag-emilia-clarke-cataratas-del-iguazu"},"_links":{"self":[{"href":"https:\/\/www.cordobatimes.com\/showup\/wp-json\/wp\/v2\/posts\/103002","targetHints":{"allow":["GET"]}}],"collection":[{"href":"https:\/\/www.cordobatimes.com\/showup\/wp-json\/wp\/v2\/posts"}],"about":[{"href":"https:\/\/www.cordobatimes.com\/showup\/wp-json\/wp\/v2\/types\/post"}],"author":[{"embeddable":true,"href":"https:\/\/www.cordobatimes.com\/showup\/wp-json\/wp\/v2\/users\/24"}],"replies":[{"embeddable":true,"href":"https:\/\/www.cordobatimes.com\/showup\/wp-json\/wp\/v2\/comments?post=103002"}],"version-history":[{"count":0,"href":"https:\/\/www.cordobatimes.com\/showup\/wp-json\/wp\/v2\/posts\/103002\/revisions"}],"wp:featuredmedia":[{"embeddable":true,"href":"https:\/\/www.cordobatimes.com\/showup\/wp-json\/wp\/v2\/media\/103003"}],"wp:attachment":[{"href":"https:\/\/www.cordobatimes.com\/showup\/wp-json\/wp\/v2\/media?parent=103002"}],"wp:term":[{"taxonomy":"category","embeddable":true,"href":"https:\/\/www.cordobatimes.com\/showup\/wp-json\/wp\/v2\/categories?post=103002"},{"taxonomy":"post_tag","embeddable":true,"href":"https:\/\/www.cordobatimes.com\/showup\/wp-json\/wp\/v2\/tags?post=103002"}],"curies":[{"name":"wp","href":"https:\/\/api.w.org\/{rel}","templated":true}]}}