{"id":102983,"date":"2025-10-21T09:28:14","date_gmt":"2025-10-21T12:28:14","guid":{"rendered":"https:\/\/www.cordobatimes.com\/showup\/?p=102983"},"modified":"2025-10-21T09:28:14","modified_gmt":"2025-10-21T12:28:14","slug":"la-vejez-como-resistencia-el-desafio-mental-y-moral-de-martha-hoffman-en-27-noches","status":"publish","type":"post","link":"https:\/\/www.cordobatimes.com\/showup\/cine-y-series\/2025\/10\/21\/la-vejez-como-resistencia-el-desafio-mental-y-moral-de-martha-hoffman-en-27-noches\/","title":{"rendered":"La vejez como resistencia: el desaf\u00edo mental y moral de Martha Hoffman en 27 noches"},"content":{"rendered":"<h3><strong>Un relato real que sacude las certezas sobre qui\u00e9n decide c\u00f3mo envejecer.<\/strong><\/h3>\n<p>La figura de\u00a0Martha Hoffman, una mujer de 83 a\u00f1os que desaf\u00eda los l\u00edmites<\/p>\n<p>Impuestos por la sociedad y su propia familia, se convierte en el eje de 27 noches, la nueva producci\u00f3n argentina ya disponible en Netflix. La pel\u00edcula, dirigida y protagonizada por Daniel Hendler y basada en la novela hom\u00f3nima de Natalia Zito, explora la delgada l\u00ednea entre la cordura y la locura, as\u00ed como la tensi\u00f3n entre la libertad individual y el control familiar, a trav\u00e9s de una historia inspirada en hechos reales ocurridos en Buenos Aires a principios de los 2000.<\/p>\n<p>En el centro de la trama,\u00a0Martha Hoffman\u00a0es internada en una cl\u00ednica psiqui\u00e1trica a instancias de sus hijas, quienes sostienen que padece demencia. El perito judicial\u00a0Casares\u00a0asume la tarea de determinar si Martha realmente sufre una enfermedad mental o si, por el contrario, ha optado por vivir sus \u00faltimos a\u00f1os con plena autonom\u00eda. Esta investigaci\u00f3n judicial se convierte en el motor narrativo de la pel\u00edcula, que alterna entre el encierro de Martha durante 27 noches y la evaluaci\u00f3n a cargo de Casares, en medio de una disputa familiar marcada por la sospecha y el deseo de control sobre la fortuna de la protagonista.<\/p>\n<p>Daniel Hendler\u00a0explic\u00f3 a\u00a0Netflix\u00a0que la historia de\u00a027 noches\u00a0se inspira en\u00a0el caso real de una mujer adinerada diagnosticada con enfermedad frontotemporal, quien fue recluida en un neuropsiqui\u00e1trico y permaneci\u00f3 incomunicada durante casi un mes. Seg\u00fan Hendler, la pel\u00edcula se apropia de estos hechos para transformarlos en una f\u00e1bula sobre la pugna entre una madre y sus hijas, donde la locura se presenta como un l\u00edmite dif\u00edcil de definir: \u201cLas hijas consideran que Martha est\u00e1 loca y ella misma, su entorno y el perito dudan al respecto. Esa l\u00ednea divisoria entre la locura y la cordura es imprecisa, y la pel\u00edcula pone la mirada ah\u00ed\u201d, afirm\u00f3 el director en di\u00e1logo con\u00a0Netflix.<\/p>\n<p>La representaci\u00f3n de la salud mental fue abordada con especial cuidado, recurriendo a la asesor\u00eda de especialistas y de la propia\u00a0Natalia Zito, autora de la novela original. Hendler subray\u00f3 el inter\u00e9s del equipo en explorar c\u00f3mo se define el l\u00edmite entre la salud y la insan\u00eda, y de qu\u00e9 manera ese umbral, a menudo difuso, puede determinar la inclusi\u00f3n o exclusi\u00f3n de una persona en la sociedad.<\/p>\n<p>Por su parte,\u00a0Maril\u00fa Marini\u00a0comparti\u00f3 que el personaje de Martha est\u00e1 inspirado en\u00a0Natalia Kohen, una mujer real a la que tuvo oportunidad de conocer. Marini explic\u00f3 a\u00a0Netflix\u00a0que, aunque tom\u00f3 de Kohen su energ\u00eda y amor por lo bello, evit\u00f3 reproducir recuerdos puntuales para centrarse en la creaci\u00f3n de un personaje propio: \u201cLo que hice fue tomar ese amor por lo bello, lo est\u00e9tico, lo inusitado, tomar esa libertad que ella ten\u00eda y esa capacidad de empat\u00eda con la gente, esa generosidad de una persona que tiene dinero y que lo comparte con los otros a trav\u00e9s de obras, hechos y situaciones. Me inspir\u00e9 en esa fuerza que la habitaba\u201d, relat\u00f3 la actriz.<\/p>\n<p>El rodaje de\u00a027 noches\u00a0reuni\u00f3 a un equipo encabezado por\u00a0Agustina Llambi Campbell\u00a0y\u00a0Santiago Mitre\u00a0en la producci\u00f3n, con la participaci\u00f3n de\u00a0La Uni\u00f3n de los R\u00edos. El elenco incluye, adem\u00e1s de Marini y Hendler, a\u00a0Humberto Tortonese,\u00a0Julieta Zylberberg,\u00a0Paula Grinszpan\u00a0y\u00a0Carla Peterson. La fotograf\u00eda estuvo a cargo de\u00a0Juli\u00e1n Apeztegu\u00eda, la m\u00fasica de\u00a0Pedro Osuna, la edici\u00f3n de\u00a0Nicol\u00e1s Goldbart, el dise\u00f1o de vestuario de\u00a0Roberta Pesci, el sonido de\u00a0Santiago Fumagalli\u00a0y el arte de\u00a0Sebasti\u00e1n Orgambide. La pel\u00edcula tiene una duraci\u00f3n de\u00a01 hora y 47 minutos\u00a0y fue producida en\u00a02025.<\/p>\n<p><iframe loading=\"lazy\" width=\"560\" height=\"315\" src=\"https:\/\/www.youtube.com\/embed\/4A8_yS5cXrc?si=7UQCTiqb0FqUHRT1\" title=\"YouTube video player\" frameborder=\"0\" allow=\"accelerometer; autoplay; clipboard-write; encrypted-media; gyroscope; picture-in-picture; web-share\" referrerpolicy=\"strict-origin-when-cross-origin\" allowfullscreen><\/iframe><\/p>\n","protected":false},"excerpt":{"rendered":"<p>Un relato real que sacude las certezas sobre qui\u00e9n decide c\u00f3mo envejecer. La figura de\u00a0Martha Hoffman, una mujer de 83 a\u00f1os que desaf\u00eda los l\u00edmites Impuestos por la sociedad y su propia familia, se convierte en el eje de 27 noches, la nueva producci\u00f3n argentina ya disponible en Netflix. La pel\u00edcula, dirigida y protagonizada por [&hellip;]<\/p>\n","protected":false},"author":24,"featured_media":102984,"comment_status":"closed","ping_status":"closed","sticky":false,"template":"","format":"standard","meta":{"_seopress_robots_primary_cat":"","_seopress_titles_title":"","_seopress_titles_desc":"","_seopress_robots_index":"","footnotes":""},"categories":[3],"tags":[39337,39338,39336],"class_list":{"0":"post-102983","1":"post","2":"type-post","3":"status-publish","4":"format-standard","5":"has-post-thumbnail","7":"category-cine-y-series","8":"tag-27-noches","9":"tag-27-noches-trailer","10":"tag-martha-hoffman-en-27-noches"},"_links":{"self":[{"href":"https:\/\/www.cordobatimes.com\/showup\/wp-json\/wp\/v2\/posts\/102983","targetHints":{"allow":["GET"]}}],"collection":[{"href":"https:\/\/www.cordobatimes.com\/showup\/wp-json\/wp\/v2\/posts"}],"about":[{"href":"https:\/\/www.cordobatimes.com\/showup\/wp-json\/wp\/v2\/types\/post"}],"author":[{"embeddable":true,"href":"https:\/\/www.cordobatimes.com\/showup\/wp-json\/wp\/v2\/users\/24"}],"replies":[{"embeddable":true,"href":"https:\/\/www.cordobatimes.com\/showup\/wp-json\/wp\/v2\/comments?post=102983"}],"version-history":[{"count":0,"href":"https:\/\/www.cordobatimes.com\/showup\/wp-json\/wp\/v2\/posts\/102983\/revisions"}],"wp:featuredmedia":[{"embeddable":true,"href":"https:\/\/www.cordobatimes.com\/showup\/wp-json\/wp\/v2\/media\/102984"}],"wp:attachment":[{"href":"https:\/\/www.cordobatimes.com\/showup\/wp-json\/wp\/v2\/media?parent=102983"}],"wp:term":[{"taxonomy":"category","embeddable":true,"href":"https:\/\/www.cordobatimes.com\/showup\/wp-json\/wp\/v2\/categories?post=102983"},{"taxonomy":"post_tag","embeddable":true,"href":"https:\/\/www.cordobatimes.com\/showup\/wp-json\/wp\/v2\/tags?post=102983"}],"curies":[{"name":"wp","href":"https:\/\/api.w.org\/{rel}","templated":true}]}}