{"id":102732,"date":"2024-05-03T20:28:05","date_gmt":"2024-05-03T23:28:05","guid":{"rendered":"https:\/\/www.cordobatimes.com\/showup\/?p=102732"},"modified":"2024-05-03T20:59:37","modified_gmt":"2024-05-03T23:59:37","slug":"blusas-boho-para-llevar-con-jeans-y-faldas-la-tendencia-que-esta-de-regreso","status":"publish","type":"post","link":"https:\/\/www.cordobatimes.com\/showup\/moda-y-estilos\/2024\/05\/03\/blusas-boho-para-llevar-con-jeans-y-faldas-la-tendencia-que-esta-de-regreso\/","title":{"rendered":"Blusas boho para llevar con jeans y faldas la tendencia que esta de regreso"},"content":{"rendered":"<h3><strong>Un estilo retro de impacto que no querr\u00e1s dejar de llevar en todo el mes.<\/strong><\/h3>\n<p>Las tendencias de moda han dejado en claro que la fiebre por revivir los atuendos del pasado es el secreto para aprovechar los b\u00e1sicos de armario y lucir diferente en la temporada.<\/p>\n<div class=\"GridWrapper-cAzTTK kHBDeH grid grid-margins grid-items-2 ArticlePageChunksGrid-hfxaau eSqXkM grid-layout--adrail narrow wide-adrail\">\n<div class=\"GridItem-buujkM stRKV grid--item grid-layout__content\">\n<div class=\"BodyWrapper-kufPGa jtraPi body body__container article__body\" data-journey-hook=\"client-content\" data-testid=\"BodyWrapper\">\n<div class=\"body__inner-container\">\n<div class=\"heading-h3\" role=\"heading\" aria-level=\"3\"><\/div>\n<figure class=\"AssetEmbedWrapper-eVDQiB byBkf asset-embed\">\n<div class=\"AssetEmbedAssetContainer-eJxoAx dBHGoQ asset-embed__asset-container\"><span class=\"SpanWrapper-umhxW jvZaPI responsive-asset AssetEmbedResponsiveAsset-cXBNxi eCxVQK asset-embed__responsive-asset\"><picture class=\"ResponsiveImagePicture-cWuUZO dUOtEa AssetEmbedResponsiveAsset-cXBNxi eCxVQK asset-embed__responsive-asset responsive-image\"><img decoding=\"async\" class=\"ResponsiveImageContainer-eybHBd fptoWY responsive-image__image\" src=\"https:\/\/media.vogue.mx\/photos\/65fc5fa03c07bb63bee85899\/master\/w_1600%2Cc_limit\/pantal%25C3%25B3n-boho-de-ralph-lauren-primavera-verano-2024.jpg\" sizes=\"100vw\" srcset=\"https:\/\/media.vogue.mx\/photos\/65fc5fa03c07bb63bee85899\/master\/w_120,c_limit\/pantal%C3%B3n-boho-de-ralph-lauren-primavera-verano-2024.jpg 120w, https:\/\/media.vogue.mx\/photos\/65fc5fa03c07bb63bee85899\/master\/w_240,c_limit\/pantal%C3%B3n-boho-de-ralph-lauren-primavera-verano-2024.jpg 240w, https:\/\/media.vogue.mx\/photos\/65fc5fa03c07bb63bee85899\/master\/w_320,c_limit\/pantal%C3%B3n-boho-de-ralph-lauren-primavera-verano-2024.jpg 320w, https:\/\/media.vogue.mx\/photos\/65fc5fa03c07bb63bee85899\/master\/w_640,c_limit\/pantal%C3%B3n-boho-de-ralph-lauren-primavera-verano-2024.jpg 640w, https:\/\/media.vogue.mx\/photos\/65fc5fa03c07bb63bee85899\/master\/w_960,c_limit\/pantal%C3%B3n-boho-de-ralph-lauren-primavera-verano-2024.jpg 960w, https:\/\/media.vogue.mx\/photos\/65fc5fa03c07bb63bee85899\/master\/w_1280,c_limit\/pantal%C3%B3n-boho-de-ralph-lauren-primavera-verano-2024.jpg 1280w, https:\/\/media.vogue.mx\/photos\/65fc5fa03c07bb63bee85899\/master\/w_1600,c_limit\/pantal%C3%B3n-boho-de-ralph-lauren-primavera-verano-2024.jpg 1600w\" alt=\"Pantal\u00f3n boho de Ralph Lauren PrimaveraVerano 2024.\" \/><\/picture><\/span><\/div>\n<div class=\"CaptionWrapper-jSZdqE bViSGz caption AssetEmbedCaption-fNQBPI fmQnYP asset-embed__caption\" data-event-boundary=\"click\" data-event-click=\"{&quot;pattern&quot;:&quot;Caption&quot;}\" data-in-view=\"{&quot;pattern&quot;:&quot;Caption&quot;}\" data-include-experiments=\"true\"><\/div>\n<\/figure>\n<div class=\"AdWrapper-dQtivb klKiiP ad okppigoofl\">\n<div class=\"ad__slot ad__slot--in-content\" data-node-id=\"dginxo\"><\/div>\n<\/div>\n<p>Seguramente has visto las fotograf\u00edas de archivo de celebridades como\u00a0<strong>Cher<\/strong>, quien no dudaba en apostar por\u00a0<strong>blusas boho<\/strong>\u00a0de efecto satinado y con mangas anchas para llevarlos con\u00a0<strong>pantalones<\/strong>\u00a0elegantes. Ralph Lauren nos remonta al pasado con una opci\u00f3n similar, apta para aquellas mujeres que no temen en enaltecer su esp\u00edritu bohemio a trav\u00e9s de su estilo. Apuesta por un dise\u00f1o de escote en V color amarillo y enl\u00e1zala con\u00a0<strong>jeans boho<\/strong>\u00a0(pueden ser metalizados, con estampado floral o te\u00f1ido tie-dye), el resto quedar\u00e1 en finalizar con\u00a0<strong>sandalias peep toe<\/strong> de taco y un cintur\u00f3n con hebilla XL. M\u00e1s <em>hippie<\/em>, no podr\u00eda ser.<\/p>\n<div class=\"heading-h3\" role=\"heading\" aria-level=\"3\">Blusa larga con estampado florl y baggy jeans a juego<\/div>\n<figure class=\"AssetEmbedWrapper-eVDQiB byBkf asset-embed\">\n<div class=\"AssetEmbedAssetContainer-eJxoAx dBHGoQ asset-embed__asset-container\"><span class=\"SpanWrapper-umhxW jvZaPI responsive-asset AssetEmbedResponsiveAsset-cXBNxi eCxVQK asset-embed__responsive-asset\"><picture class=\"ResponsiveImagePicture-cWuUZO dUOtEa AssetEmbedResponsiveAsset-cXBNxi eCxVQK asset-embed__responsive-asset responsive-image\"><img decoding=\"async\" class=\"ResponsiveImageContainer-eybHBd fptoWY responsive-image__image\" src=\"https:\/\/media.vogue.mx\/photos\/661859015566b90042c46cfe\/master\/w_1600%2Cc_limit\/vestido-transparente-boho-midi.png\" sizes=\"100vw\" srcset=\"https:\/\/media.vogue.mx\/photos\/661859015566b90042c46cfe\/master\/w_120,c_limit\/vestido-transparente-boho-midi.png 120w, https:\/\/media.vogue.mx\/photos\/661859015566b90042c46cfe\/master\/w_240,c_limit\/vestido-transparente-boho-midi.png 240w, https:\/\/media.vogue.mx\/photos\/661859015566b90042c46cfe\/master\/w_320,c_limit\/vestido-transparente-boho-midi.png 320w, https:\/\/media.vogue.mx\/photos\/661859015566b90042c46cfe\/master\/w_640,c_limit\/vestido-transparente-boho-midi.png 640w, https:\/\/media.vogue.mx\/photos\/661859015566b90042c46cfe\/master\/w_960,c_limit\/vestido-transparente-boho-midi.png 960w, https:\/\/media.vogue.mx\/photos\/661859015566b90042c46cfe\/master\/w_1280,c_limit\/vestido-transparente-boho-midi.png 1280w, https:\/\/media.vogue.mx\/photos\/661859015566b90042c46cfe\/master\/w_1600,c_limit\/vestido-transparente-boho-midi.png 1600w\" alt=\"Vestido transparente estilo boho con estampado floral y jeans ahogaos en conjunto de sandalias planas\" \/><\/picture><\/span><\/div>\n<\/figure>\n<\/div>\n<\/div>\n<\/div>\n<div class=\"GridItem-buujkM fVLMby grid--item grid-layout__aside\">\n<div class=\"StickyBoxWrapper-jfYBuk jxBcTH sticky-box\">\n<div class=\"StickyBoxPrimary-dzWDWL cdhYoN sticky-box__primary\">\n<div class=\"RecircMostPopularWrapper-bRuGTi nZGkR recirc-most-popular-wrapper viewport-monitor-anchor\" data-attr-viewport-monitor=\"\" data-event-boundary=\"click\" data-event-click=\"{&quot;pattern&quot;:&quot;RecircMostPopular&quot;}\" data-in-view=\"{&quot;pattern&quot;:&quot;RecircMostPopular&quot;}\" data-include-experiments=\"true\">\n<div class=\"RecircMostPopularContiner-jiViNn ktrplG recirc-most-popular-sparrow-tracking\" data-most-popular-id=\"mod-most-popular-977\">\n<ul class=\"RecircMostPopularItems-dCAajf bLunln\">\n<li>\n<div class=\"SummaryItemWrapper-iwvBff hEAsOQ summary-item summary-item--has-mobile-border summary-item--ARTICLE summary-item--no-icon summary-item--text-align-left summary-item--layout-placement-side-by-side summary-item--layout-position-image-left summary-item--layout-proportions-33-66 summary-item--side-by-side-align-top summary-item--side-by-side-image-right-mobile-false summary-item--standard RecircMostPopularSummaryItem-jQxxiw hdevhI\" tabindex=\"0\" role=\"button\" data-item=\"{&quot;dangerousHed&quot;:&quot;Hor\u00f3scopo de hoy: 2 de mayo de 2024&quot;,&quot;contentType&quot;:&quot;venue&quot;,&quot;hotelLink&quot;:&quot;https:\/\/www.vogue.mx\/articulo\/horoscopo-de-hoy-jueves-2-de-mayo-de-2024#intcid=_vogue-mx-right-rail_5f7af747-f051-4eb1-935e-d329cd85839f_popular4-1&quot;,&quot;layout&quot;:&quot;GridFourColumns&quot;}\" data-event-boundary=\"click\" data-event-click=\"{&quot;pattern&quot;:&quot;SummaryItem&quot;}\" data-in-view=\"{&quot;pattern&quot;:&quot;SummaryItem&quot;}\" data-include-experiments=\"true\">\n<div class=\"SummaryItemContent-eiDYMl nLise summary-item__content\">\n<div class=\"SummaryItemRubricWrapper-jjNbqu bsjkmD\" data-event-boundary=\"click\" data-event-click=\"{&quot;pattern&quot;:&quot;StoryAssurance&quot;}\" data-in-view=\"{&quot;pattern&quot;:&quot;StoryAssurance&quot;}\" data-include-experiments=\"true\"><\/div>\n<div class=\"SummaryItemBylineWrapper-boCfbi hYsZi summary-item__byline-date-icon\">\n<div class=\"SummaryItemBaseByline-fFbXkY kLWdHC summary-item__byline\">\n<div class=\"summary-item__byline__content\"><\/div>\n<\/div>\n<\/div>\n<\/div>\n<\/div>\n<\/li>\n<li>\n<div class=\"SummaryItemWrapper-iwvBff hEAsOQ summary-item summary-item--has-mobile-border summary-item--ARTICLE summary-item--no-icon summary-item--text-align-left summary-item--layout-placement-side-by-side summary-item--layout-position-image-left summary-item--layout-proportions-33-66 summary-item--side-by-side-align-top summary-item--side-by-side-image-right-mobile-false summary-item--standard RecircMostPopularSummaryItem-jQxxiw hdevhI\" tabindex=\"0\" role=\"button\" data-item=\"{&quot;dangerousHed&quot;:&quot;De lunes a viernes: las mejores combinaciones para llevar jeans acampanados a la oficina&quot;,&quot;contentType&quot;:&quot;venue&quot;,&quot;hotelLink&quot;:&quot;https:\/\/www.vogue.mx\/articulo\/como-llevar-jeans-acampanados-de-lunes-a-viernes-a-la-oficina-en-mayo-2024#intcid=_vogue-mx-right-rail_5f7af747-f051-4eb1-935e-d329cd85839f_popular4-1&quot;,&quot;layout&quot;:&quot;GridFourColumns&quot;}\" data-event-boundary=\"click\" data-event-click=\"{&quot;pattern&quot;:&quot;SummaryItem&quot;}\" data-in-view=\"{&quot;pattern&quot;:&quot;SummaryItem&quot;}\" data-include-experiments=\"true\">\n<div class=\"SummaryItemAssetContainer-gwhFFH ogpYq summary-item__asset-container\">\n<div class=\"AspectRatioContainer-bJHpJz hlQxkn\" data-test=\"aspect-ratio-container\">\n<div class=\"aspect-ratio--overlay-container\"><picture class=\"ResponsiveImagePicture-cWuUZO dUOtEa SummaryItemResponsiveAsset-hjGIGg gJaBeu summary-item__image responsive-image\"><source srcset=\"\" media=\"(max-width: 767px)\" sizes=\"100vw\" \/><source srcset=\"\" media=\"(min-width: 768px)\" sizes=\"100vw\" \/><img decoding=\"async\" class=\"ResponsiveImageContainer-eybHBd fptoWY responsive-image__image\" src=\"https:\/\/media.vogue.mx\/photos\/65e236a8383d2637dd5b51fe\/1:1\/pass\/undefined\" alt=\"De lunes a viernes: las mejores combinaciones para llevar jeans acampanados a la oficina\" \/><\/picture><\/div>\n<\/div>\n<\/div>\n<div class=\"SummaryItemContent-eiDYMl nLise summary-item__content\">\n<div class=\"SummaryItemRubricWrapper-jjNbqu bsjkmD\" data-event-boundary=\"click\" data-event-click=\"{&quot;pattern&quot;:&quot;StoryAssurance&quot;}\" data-in-view=\"{&quot;pattern&quot;:&quot;StoryAssurance&quot;}\" data-include-experiments=\"true\"><\/div>\n<div class=\"SummaryItemBylineWrapper-boCfbi hYsZi summary-item__byline-date-icon\">\n<div class=\"SummaryItemBaseByline-fFbXkY kLWdHC summary-item__byline\">\n<div class=\"summary-item__byline__content\"><\/div>\n<\/div>\n<\/div>\n<\/div>\n<\/div>\n<\/li>\n<\/ul>\n<div class=\"RecircMostPopularFooter-enPjgs knSlyA\"><\/div>\n<\/div>\n<\/div>\n<\/div>\n<div class=\"StickyBoxPlaceholder-grPmrg dxAvXx\"><\/div>\n<\/div>\n<\/div>\n<\/div>\n<div class=\"BaseWrap-sc-gjQpdd RowWrapper-UmqTg iUEiRd HEhan full-bleed-ad row-mid-content-ad\" data-testid=\"RowWrapper\">\n<div class=\"StickyMidContentAdWrapper-fSBzwl drzyIa ad-stickymidcontent\" data-event-boundary=\"click\" data-event-click=\"{&quot;pattern&quot;:&quot;StickyMidContent&quot;}\" data-in-view=\"{&quot;pattern&quot;:&quot;StickyMidContent&quot;}\" data-include-experiments=\"true\">\n<div class=\"AdWrapper-dQtivb fZrssQ ad ad--mid-content should-hold-space\"><\/div>\n<\/div>\n<\/div>\n<div class=\"GridWrapper-cAzTTK kHBDeH grid grid-margins grid-items-2 ArticlePageChunksGrid-hfxaau eSqXkM grid-layout--adrail narrow wide-adrail\">\n<div class=\"GridItem-buujkM stRKV grid--item grid-layout__content\">\n<div class=\"BodyWrapper-kufPGa jtraPi body body__container article__body\" data-journey-hook=\"client-content\" data-testid=\"BodyWrapper\">\n<div class=\"body__inner-container\">\n<p>S\u00ed, las\u00a0<strong>blusas lenceras<\/strong>\u00a0de est\u00e9tica boho regresan m\u00e1s fuertes que nunca para ser las favoritas de\u00a0<strong>las mejores vestidas<\/strong>\u00a0en mayo 2024. Holzweiler propone piezas XL en tejidos transparentes con estampado bot\u00e1nico que evoca la belleza de la naturaleza, sigue el consejo y p\u00f3rtalas con\u00a0<strong>baggy jeans<\/strong>\u00a0con te\u00f1ido de flores y\u00a0<strong>zapatos de crochet<\/strong>. Lo que confirma que la nostalgia por revivir la moda del pasado sigue presente tanto en pasarelas como en\u00a0<strong>street style<\/strong>.<\/p>\n<div class=\"heading-h3\" role=\"heading\" aria-level=\"3\">Blusa cropped de encaje blanco y minifalda a juego<\/div>\n<figure class=\"AssetEmbedWrapper-eVDQiB byBkf asset-embed\">\n<div class=\"AssetEmbedAssetContainer-eJxoAx dBHGoQ asset-embed__asset-container\"><span class=\"SpanWrapper-umhxW jvZaPI responsive-asset AssetEmbedResponsiveAsset-cXBNxi eCxVQK asset-embed__responsive-asset\"><picture class=\"ResponsiveImagePicture-cWuUZO dUOtEa AssetEmbedResponsiveAsset-cXBNxi eCxVQK asset-embed__responsive-asset responsive-image\"><img decoding=\"async\" class=\"ResponsiveImageContainer-eybHBd fptoWY responsive-image__image\" src=\"https:\/\/media.vogue.mx\/photos\/66331fc81cb4499ef482b6a3\/master\/w_1600%2Cc_limit\/blusa-boho-de-michael-kors-primavera-verano-2024.jpg\" sizes=\"100vw\" srcset=\"https:\/\/media.vogue.mx\/photos\/66331fc81cb4499ef482b6a3\/master\/w_120,c_limit\/blusa-boho-de-michael-kors-primavera-verano-2024.jpg 120w, https:\/\/media.vogue.mx\/photos\/66331fc81cb4499ef482b6a3\/master\/w_240,c_limit\/blusa-boho-de-michael-kors-primavera-verano-2024.jpg 240w, https:\/\/media.vogue.mx\/photos\/66331fc81cb4499ef482b6a3\/master\/w_320,c_limit\/blusa-boho-de-michael-kors-primavera-verano-2024.jpg 320w, https:\/\/media.vogue.mx\/photos\/66331fc81cb4499ef482b6a3\/master\/w_640,c_limit\/blusa-boho-de-michael-kors-primavera-verano-2024.jpg 640w, https:\/\/media.vogue.mx\/photos\/66331fc81cb4499ef482b6a3\/master\/w_960,c_limit\/blusa-boho-de-michael-kors-primavera-verano-2024.jpg 960w, https:\/\/media.vogue.mx\/photos\/66331fc81cb4499ef482b6a3\/master\/w_1280,c_limit\/blusa-boho-de-michael-kors-primavera-verano-2024.jpg 1280w, https:\/\/media.vogue.mx\/photos\/66331fc81cb4499ef482b6a3\/master\/w_1600,c_limit\/blusa-boho-de-michael-kors-primavera-verano-2024.jpg 1600w\" alt=\"Blusa boho de Michael Kors PrimaveraVerano 2024.\" \/><\/picture><\/span><\/div>\n<div class=\"CaptionWrapper-jSZdqE bViSGz caption AssetEmbedCaption-fNQBPI fmQnYP asset-embed__caption\" data-event-boundary=\"click\" data-event-click=\"{&quot;pattern&quot;:&quot;Caption&quot;}\" data-in-view=\"{&quot;pattern&quot;:&quot;Caption&quot;}\" data-include-experiments=\"true\">\n<p>&nbsp;<\/p>\n<\/div>\n<\/figure>\n<p>Ya hablamos de las\u00a0<strong>blusas boho<\/strong>\u00a0con\u00a0<strong>jeans<\/strong>, ahora es el turno de las\u00a0<strong>faldas<\/strong>\u00a0y, Michael Kors, tiene la respuesta para verte maravillosa en todo el mes de mayo. La firma neoyorquina reinterpret\u00f3 uno de los atuendos ic\u00f3nicos que\u00a0<strong>Jane Birkin<\/strong>\u00a0inmortaliz\u00f3 en los a\u00f1os 70, se trata de un conjunto de encaje blanco compuesto por una blusa de cuello alto y una minifalda a juego. Lo combin\u00f3 en clave monocrom\u00e1tica con\u00a0<strong>sandalias t-bar<\/strong>, algo seductor y funcional para lucir impecable en las playas de Mil\u00e1n o M\u00e9xico.<\/p>\n<div class=\"heading-h3\" role=\"heading\" aria-level=\"3\">Blusa boho de crochet con falda larga de mezclilla<\/div>\n<figure class=\"AssetEmbedWrapper-eVDQiB byBkf asset-embed\">\n<div class=\"AssetEmbedAssetContainer-eJxoAx dBHGoQ asset-embed__asset-container\"><span class=\"SpanWrapper-umhxW jvZaPI responsive-asset AssetEmbedResponsiveAsset-cXBNxi eCxVQK asset-embed__responsive-asset\"><picture class=\"ResponsiveImagePicture-cWuUZO dUOtEa AssetEmbedResponsiveAsset-cXBNxi eCxVQK asset-embed__responsive-asset responsive-image\"><img decoding=\"async\" class=\"ResponsiveImageContainer-eybHBd fptoWY responsive-image__image\" src=\"https:\/\/media.vogue.mx\/photos\/65984ceaeef1826a5ab76908\/master\/w_1600%2Cc_limit\/falda-de-mezclilla-de-ulla%2520johnson-primavera-verano-2024.jpg\" sizes=\"100vw\" srcset=\"https:\/\/media.vogue.mx\/photos\/65984ceaeef1826a5ab76908\/master\/w_120,c_limit\/falda-de-mezclilla-de-ulla%20johnson-primavera-verano-2024.jpg 120w, https:\/\/media.vogue.mx\/photos\/65984ceaeef1826a5ab76908\/master\/w_240,c_limit\/falda-de-mezclilla-de-ulla%20johnson-primavera-verano-2024.jpg 240w, https:\/\/media.vogue.mx\/photos\/65984ceaeef1826a5ab76908\/master\/w_320,c_limit\/falda-de-mezclilla-de-ulla%20johnson-primavera-verano-2024.jpg 320w, https:\/\/media.vogue.mx\/photos\/65984ceaeef1826a5ab76908\/master\/w_640,c_limit\/falda-de-mezclilla-de-ulla%20johnson-primavera-verano-2024.jpg 640w, https:\/\/media.vogue.mx\/photos\/65984ceaeef1826a5ab76908\/master\/w_960,c_limit\/falda-de-mezclilla-de-ulla%20johnson-primavera-verano-2024.jpg 960w, https:\/\/media.vogue.mx\/photos\/65984ceaeef1826a5ab76908\/master\/w_1280,c_limit\/falda-de-mezclilla-de-ulla%20johnson-primavera-verano-2024.jpg 1280w, https:\/\/media.vogue.mx\/photos\/65984ceaeef1826a5ab76908\/master\/w_1600,c_limit\/falda-de-mezclilla-de-ulla%20johnson-primavera-verano-2024.jpg 1600w\" alt=\"Falda de mezclilla de Ulla Johnson PrimaveraVerano 2024.\" \/><\/picture><\/span><\/div>\n<\/figure>\n<\/div>\n<\/div>\n<\/div>\n<div class=\"GridItem-buujkM fVLMby grid--item grid-layout__aside\">\n<div class=\"StickyBoxWrapper-jfYBuk jxBcTH sticky-box\">\n<div class=\"StickyBoxPrimary-dzWDWL cdhYoN sticky-box__primary\">\n<div class=\"RecircMostPopularWrapper-bRuGTi nZGkR recirc-most-popular-wrapper viewport-monitor-anchor\" data-attr-viewport-monitor=\"\" data-event-boundary=\"click\" data-event-click=\"{&quot;pattern&quot;:&quot;RecircMostPopular&quot;}\" data-in-view=\"{&quot;pattern&quot;:&quot;RecircMostPopular&quot;}\" data-include-experiments=\"true\">\n<div class=\"RecircMostPopularContiner-jiViNn ktrplG recirc-most-popular-sparrow-tracking\" data-most-popular-id=\"mod-most-popular-978\">\n<p>&nbsp;<\/p>\n<\/div>\n<\/div>\n<\/div>\n<div class=\"StickyBoxPlaceholder-grPmrg dxAvXx\"><\/div>\n<\/div>\n<\/div>\n<\/div>\n<div class=\"BaseWrap-sc-gjQpdd RowWrapper-UmqTg iUEiRd HEhan full-bleed-ad row-mid-content-ad\" data-testid=\"RowWrapper\">\n<div class=\"StickyMidContentAdWrapper-fSBzwl drzyIa ad-stickymidcontent\" data-event-boundary=\"click\" data-event-click=\"{&quot;pattern&quot;:&quot;StickyMidContent&quot;}\" data-in-view=\"{&quot;pattern&quot;:&quot;StickyMidContent&quot;}\" data-include-experiments=\"true\">\n<div class=\"AdWrapper-dQtivb fZrssQ ad ad--mid-content should-hold-space\"><\/div>\n<\/div>\n<\/div>\n<div class=\"GridWrapper-cAzTTK kHBDeH grid grid-margins grid-items-2 ArticlePageChunksGrid-hfxaau eSqXkM grid-layout--adrail narrow wide-adrail\">\n<div class=\"GridItem-buujkM stRKV grid--item grid-layout__content\">\n<div class=\"BodyWrapper-kufPGa jtraPi body body__container article__body\" data-journey-hook=\"client-content\" data-testid=\"BodyWrapper\">\n<div class=\"body__inner-container\">\n<p>Nada m\u00e1s bohemio que una\u00a0<strong>blusa de crochet<\/strong>\u00a0con detalles florales, la pieza estrella que te llenar\u00e1 de cumplidos en la temporada de calor. Ulla Johnson recomienda invertir en dise\u00f1os de manga corta para enfrentar la ola de calor con estilo asegurado, m\u00e9zclalas con\u00a0<strong>faldas largas<\/strong>\u00a0de mezclilla, ya sean lisas o con estampado. Finaliza con\u00a0<strong>sandalias con tac\u00f3n<\/strong>\u00a0y tiras trenzadas y prep\u00e1rate para ser la protagonista del lugar sin acudir a atuendos predecibles.<\/p>\n<div class=\"heading-h3\" role=\"heading\" aria-level=\"3\">Top bandeau boho y falda larga vaporosa<\/div>\n<figure class=\"AssetEmbedWrapper-eVDQiB byBkf asset-embed\">\n<div class=\"AssetEmbedAssetContainer-eJxoAx dBHGoQ asset-embed__asset-container\"><span class=\"SpanWrapper-umhxW jvZaPI responsive-asset AssetEmbedResponsiveAsset-cXBNxi eCxVQK asset-embed__responsive-asset\"><picture class=\"ResponsiveImagePicture-cWuUZO dUOtEa AssetEmbedResponsiveAsset-cXBNxi eCxVQK asset-embed__responsive-asset responsive-image\"><img decoding=\"async\" class=\"ResponsiveImageContainer-eybHBd fptoWY responsive-image__image\" src=\"https:\/\/media.vogue.mx\/photos\/66331fc9aacfc1b56a4da2db\/master\/w_1600%2Cc_limit\/blusa-boho-con-falda-de-ermanno-scervino-primavera-verano-2024.jpg\" sizes=\"100vw\" srcset=\"https:\/\/media.vogue.mx\/photos\/66331fc9aacfc1b56a4da2db\/master\/w_120,c_limit\/blusa-boho-con-falda-de-ermanno-scervino-primavera-verano-2024.jpg 120w, https:\/\/media.vogue.mx\/photos\/66331fc9aacfc1b56a4da2db\/master\/w_240,c_limit\/blusa-boho-con-falda-de-ermanno-scervino-primavera-verano-2024.jpg 240w, https:\/\/media.vogue.mx\/photos\/66331fc9aacfc1b56a4da2db\/master\/w_320,c_limit\/blusa-boho-con-falda-de-ermanno-scervino-primavera-verano-2024.jpg 320w, https:\/\/media.vogue.mx\/photos\/66331fc9aacfc1b56a4da2db\/master\/w_640,c_limit\/blusa-boho-con-falda-de-ermanno-scervino-primavera-verano-2024.jpg 640w, https:\/\/media.vogue.mx\/photos\/66331fc9aacfc1b56a4da2db\/master\/w_960,c_limit\/blusa-boho-con-falda-de-ermanno-scervino-primavera-verano-2024.jpg 960w, https:\/\/media.vogue.mx\/photos\/66331fc9aacfc1b56a4da2db\/master\/w_1280,c_limit\/blusa-boho-con-falda-de-ermanno-scervino-primavera-verano-2024.jpg 1280w, https:\/\/media.vogue.mx\/photos\/66331fc9aacfc1b56a4da2db\/master\/w_1600,c_limit\/blusa-boho-con-falda-de-ermanno-scervino-primavera-verano-2024.jpg 1600w\" alt=\"Blusa boho de Ermanno Scervino PrimaveraVerano 2024.\" \/><\/picture><\/span><\/div>\n<div class=\"CaptionWrapper-jSZdqE bViSGz caption AssetEmbedCaption-fNQBPI fmQnYP asset-embed__caption\" data-event-boundary=\"click\" data-event-click=\"{&quot;pattern&quot;:&quot;Caption&quot;}\" data-in-view=\"{&quot;pattern&quot;:&quot;Caption&quot;}\" data-include-experiments=\"true\"><\/div>\n<\/figure>\n<p>Un\u00a0<em>top bandeau<\/em>\u00a0siempre ser\u00e1n indispensable para crear estilismos frescos y con una nota\u00a0<em>hippie<\/em>\u00a0que sume puntos al resultado. Ermanno Scervino mostr\u00f3 una pieza en color blanco con bordado tribal, lo combin\u00f3 con una falda larga vaporosa en tejidos que dejan entre ver la silueta y\u00a0<strong>sandalias con plataforma<\/strong>\u00a0XL. El look ideal para lucir cool en un festival musical, destino en la playa o simplemente para sumarte a la tendencia.<\/p>\n<div class=\"heading-h3\" role=\"heading\" aria-level=\"3\">Blusa larga con patchwork y falda de crochet<\/div>\n<figure class=\"AssetEmbedWrapper-eVDQiB byBkf asset-embed\">\n<div class=\"AssetEmbedAssetContainer-eJxoAx dBHGoQ asset-embed__asset-container\"><span class=\"SpanWrapper-umhxW jvZaPI responsive-asset AssetEmbedResponsiveAsset-cXBNxi eCxVQK asset-embed__responsive-asset\"><picture class=\"ResponsiveImagePicture-cWuUZO dUOtEa AssetEmbedResponsiveAsset-cXBNxi eCxVQK asset-embed__responsive-asset responsive-image\"><img decoding=\"async\" class=\"ResponsiveImageContainer-eybHBd fptoWY responsive-image__image\" src=\"https:\/\/media.vogue.mx\/photos\/66331fc9f2d8fc87aea9c192\/master\/w_1600%2Cc_limit\/blusa-boho-de-moschino-primavera-verano-2024.jpg\" sizes=\"100vw\" srcset=\"https:\/\/media.vogue.mx\/photos\/66331fc9f2d8fc87aea9c192\/master\/w_120,c_limit\/blusa-boho-de-moschino-primavera-verano-2024.jpg 120w, https:\/\/media.vogue.mx\/photos\/66331fc9f2d8fc87aea9c192\/master\/w_240,c_limit\/blusa-boho-de-moschino-primavera-verano-2024.jpg 240w, https:\/\/media.vogue.mx\/photos\/66331fc9f2d8fc87aea9c192\/master\/w_320,c_limit\/blusa-boho-de-moschino-primavera-verano-2024.jpg 320w, https:\/\/media.vogue.mx\/photos\/66331fc9f2d8fc87aea9c192\/master\/w_640,c_limit\/blusa-boho-de-moschino-primavera-verano-2024.jpg 640w, https:\/\/media.vogue.mx\/photos\/66331fc9f2d8fc87aea9c192\/master\/w_960,c_limit\/blusa-boho-de-moschino-primavera-verano-2024.jpg 960w, https:\/\/media.vogue.mx\/photos\/66331fc9f2d8fc87aea9c192\/master\/w_1280,c_limit\/blusa-boho-de-moschino-primavera-verano-2024.jpg 1280w, https:\/\/media.vogue.mx\/photos\/66331fc9f2d8fc87aea9c192\/master\/w_1600,c_limit\/blusa-boho-de-moschino-primavera-verano-2024.jpg 1600w\" alt=\"Blusa boho de Moschino PrimaveraVerano 2024.\" \/><\/picture><\/span><\/div>\n<div class=\"CaptionWrapper-jSZdqE bViSGz caption AssetEmbedCaption-fNQBPI fmQnYP asset-embed__caption\" data-event-boundary=\"click\" data-event-click=\"{&quot;pattern&quot;:&quot;Caption&quot;}\" data-in-view=\"{&quot;pattern&quot;:&quot;Caption&quot;}\" data-include-experiments=\"true\"><\/div>\n<\/figure>\n<p>Por \u00faltimo, Moschino deja en claro que las\u00a0<strong>blusas boho<\/strong>\u00a0ser\u00e1n la obsesi\u00f3n de los gustos m\u00e1s maximalistas de la temporada, pues se alejan por completo a los atuendos sin esfuerzo que tanto encantan a las nuevas generaciones. \u00bfQu\u00e9 tal un dise\u00f1o largo con detalle de patchwork que marquen la diferencia en el look? La marca de lujo propone llevarlas con\u00a0<strong>faldas<\/strong>\u00a0a juego de mezclilla y\u00a0<strong>zapatos pums<\/strong>. Quiz\u00e1s no sea para todos los estilos, pero no podemos negar lo \u00fanico que se ve.<\/p>\n<\/div>\n<\/div>\n<\/div>\n<\/div>\n","protected":false},"excerpt":{"rendered":"<p>Un estilo retro de impacto que no querr\u00e1s dejar de llevar en todo el mes. Las tendencias de moda han dejado en claro que la fiebre por revivir los atuendos del pasado es el secreto para aprovechar los b\u00e1sicos de armario y lucir diferente en la temporada. Seguramente has visto las fotograf\u00edas de archivo de [&hellip;]<\/p>\n","protected":false},"author":1,"featured_media":102737,"comment_status":"closed","ping_status":"closed","sticky":false,"template":"","format":"standard","meta":{"_seopress_robots_primary_cat":"","_seopress_titles_title":"","_seopress_titles_desc":"","_seopress_robots_index":"","footnotes":""},"categories":[228],"tags":[39199,39201,39204,39203,39206,39205,39202,39200],"class_list":{"0":"post-102732","1":"post","2":"type-post","3":"status-publish","4":"format-standard","5":"has-post-thumbnail","7":"category-moda-y-estilos","8":"tag-blusas-boho","9":"tag-blusas-boho-tendencia-de-moda-retro","10":"tag-moda-de-los-anos-70","11":"tag-moda-retro","12":"tag-tendencia-boho","13":"tag-tendencia-boho-moda","14":"tag-tendencia-de-moda-retro","15":"tag-tendencia-de-modablusas-boho"},"_links":{"self":[{"href":"https:\/\/www.cordobatimes.com\/showup\/wp-json\/wp\/v2\/posts\/102732","targetHints":{"allow":["GET"]}}],"collection":[{"href":"https:\/\/www.cordobatimes.com\/showup\/wp-json\/wp\/v2\/posts"}],"about":[{"href":"https:\/\/www.cordobatimes.com\/showup\/wp-json\/wp\/v2\/types\/post"}],"author":[{"embeddable":true,"href":"https:\/\/www.cordobatimes.com\/showup\/wp-json\/wp\/v2\/users\/1"}],"replies":[{"embeddable":true,"href":"https:\/\/www.cordobatimes.com\/showup\/wp-json\/wp\/v2\/comments?post=102732"}],"version-history":[{"count":0,"href":"https:\/\/www.cordobatimes.com\/showup\/wp-json\/wp\/v2\/posts\/102732\/revisions"}],"wp:featuredmedia":[{"embeddable":true,"href":"https:\/\/www.cordobatimes.com\/showup\/wp-json\/wp\/v2\/media\/102737"}],"wp:attachment":[{"href":"https:\/\/www.cordobatimes.com\/showup\/wp-json\/wp\/v2\/media?parent=102732"}],"wp:term":[{"taxonomy":"category","embeddable":true,"href":"https:\/\/www.cordobatimes.com\/showup\/wp-json\/wp\/v2\/categories?post=102732"},{"taxonomy":"post_tag","embeddable":true,"href":"https:\/\/www.cordobatimes.com\/showup\/wp-json\/wp\/v2\/tags?post=102732"}],"curies":[{"name":"wp","href":"https:\/\/api.w.org\/{rel}","templated":true}]}}