{"id":102717,"date":"2024-05-01T12:58:14","date_gmt":"2024-05-01T15:58:14","guid":{"rendered":"https:\/\/www.cordobatimes.com\/showup\/?p=102717"},"modified":"2024-05-01T12:58:14","modified_gmt":"2024-05-01T15:58:14","slug":"netflix-presenta-el-primer-trailer-de-la-serie-senna","status":"publish","type":"post","link":"https:\/\/www.cordobatimes.com\/showup\/cine-y-series\/2024\/05\/01\/netflix-presenta-el-primer-trailer-de-la-serie-senna\/","title":{"rendered":"Netflix presenta el primer trailer de la serie \u00abSenna\u00bb"},"content":{"rendered":"<h3><strong>La miniserie de ficci\u00f3n inspirada en la historia del h\u00e9roe brasile\u00f1o Ayrton Senna se estrenar\u00e1\u00a0 a finales de a\u00f1o<\/strong><\/h3>\n<p>En un emocionante avance hacia el lanzamiento de su pr\u00f3xima superproducci\u00f3n, Netflix ha desvelado las primeras im\u00e1genes de la miniserie\u00a0Senna, protagonizada por\u00a0Gabriel Leone,\u00a0que busca retratar la vida y carrera del legendario piloto de F\u00f3rmula 1\u00a0Ayrton Senna. La serie est\u00e1 programada para estrenarse en alg\u00fan momento de 2024, anticip\u00e1ndose como un evento televisivo de gran significado tanto para los aficionados del deporte motor como para los seguidores de historias inspiradoras. Con una mirada \u00edntima a los momentos m\u00e1s emblem\u00e1ticos de su carrera, incluyendo su \u00e9pica victoria en el\u00a0Gran Premio de Brasil\u00a0en 1991 en su natal Sao Paulo, esta serie promete un viaje emocional a trav\u00e9s de los triunfos y tragedias del ic\u00f3nico piloto.<\/p>\n<p>La narrativa de la serie, distribuida a lo largo de seis episodios, est\u00e1 construida sobre una meticulosa reconstrucci\u00f3n de los discursos hist\u00f3ricos y momentos clave que definieron la carrera de Senna, entre ellos, el inolvidable grito de victoria en\u00a0Interlagos, bajo la incre\u00edble circunstancia de haber completado gran parte de la carrera estancado en sexta marcha. Gabriel Leone, encargado de dar vida a Ayrton Senna, se sumerge en un papel que explorar\u00e1 profundamente las convicciones y emociones del piloto, ofreciendo una perspectiva singular sobre los desaf\u00edos y logros que jalonaron su vida tanto dentro como fuera de las pistas.<\/p>\n<p>Adem\u00e1s de Leone, el elenco incluye a actores de la talla de\u00a0P\u00e2mela Tom\u00e9, quien interpreta a\u00a0Xuxa, Matt Mella\u00a0como\u00a0Alain Prost,\u00a0y\u00a0Patrick Kennedy\u00a0en el papel de\u00a0Ron Dennis, entre otros. Este variado reparto busca representar la complejidad de las relaciones y el entorno que rodearon a Senna a lo largo de su carrera. La serie tambi\u00e9n se adentrar\u00e1 en las relaciones personales de Senna, presentando a Alice Wegmann y Camila M\u00e1rdila en los papeles de Lilian Vasconcelos y Vivianne Senna, respectivamente, pintando un cuadro \u00edntimo y completo del hombre detr\u00e1s del casco.<\/p>\n<div style=\"width: 696px;\" class=\"wp-video\"><video class=\"wp-video-shortcode\" id=\"video-102717-1\" width=\"696\" height=\"392\" preload=\"metadata\" controls=\"controls\"><source type=\"video\/mp4\" src=\"https:\/\/www.cordobatimes.com\/showup\/wp-content\/uploads\/2024\/05\/Senna-_-Avance-oficial-_-Netflix.mp4?_=1\" \/><a href=\"https:\/\/www.cordobatimes.com\/showup\/wp-content\/uploads\/2024\/05\/Senna-_-Avance-oficial-_-Netflix.mp4\">https:\/\/www.cordobatimes.com\/showup\/wp-content\/uploads\/2024\/05\/Senna-_-Avance-oficial-_-Netflix.mp4<\/a><\/video><\/div>\n","protected":false},"excerpt":{"rendered":"<p>La miniserie de ficci\u00f3n inspirada en la historia del h\u00e9roe brasile\u00f1o Ayrton Senna se estrenar\u00e1\u00a0 a finales de a\u00f1o En un emocionante avance hacia el lanzamiento de su pr\u00f3xima superproducci\u00f3n, Netflix ha desvelado las primeras im\u00e1genes de la miniserie\u00a0Senna, protagonizada por\u00a0Gabriel Leone,\u00a0que busca retratar la vida y carrera del legendario piloto de F\u00f3rmula 1\u00a0Ayrton Senna. [&hellip;]<\/p>\n","protected":false},"author":1,"featured_media":102718,"comment_status":"closed","ping_status":"closed","sticky":false,"template":"","format":"standard","meta":{"_seopress_robots_primary_cat":"","_seopress_titles_title":"","_seopress_titles_desc":"","_seopress_robots_index":"","footnotes":""},"categories":[3],"tags":[39188,39184,39186,39187,39185],"class_list":{"0":"post-102717","1":"post","2":"type-post","3":"status-publish","4":"format-standard","5":"has-post-thumbnail","7":"category-cine-y-series","8":"tag-ayrton-senna-piloto-de-formula-1","9":"tag-primer-trailer-de-la-serie-senna","10":"tag-serie-de-ayrton-senna","11":"tag-serie-de-ayrton-senna-piloto-de-formula-1","12":"tag-trailer-de-la-serie-senna"},"_links":{"self":[{"href":"https:\/\/www.cordobatimes.com\/showup\/wp-json\/wp\/v2\/posts\/102717","targetHints":{"allow":["GET"]}}],"collection":[{"href":"https:\/\/www.cordobatimes.com\/showup\/wp-json\/wp\/v2\/posts"}],"about":[{"href":"https:\/\/www.cordobatimes.com\/showup\/wp-json\/wp\/v2\/types\/post"}],"author":[{"embeddable":true,"href":"https:\/\/www.cordobatimes.com\/showup\/wp-json\/wp\/v2\/users\/1"}],"replies":[{"embeddable":true,"href":"https:\/\/www.cordobatimes.com\/showup\/wp-json\/wp\/v2\/comments?post=102717"}],"version-history":[{"count":0,"href":"https:\/\/www.cordobatimes.com\/showup\/wp-json\/wp\/v2\/posts\/102717\/revisions"}],"wp:featuredmedia":[{"embeddable":true,"href":"https:\/\/www.cordobatimes.com\/showup\/wp-json\/wp\/v2\/media\/102718"}],"wp:attachment":[{"href":"https:\/\/www.cordobatimes.com\/showup\/wp-json\/wp\/v2\/media?parent=102717"}],"wp:term":[{"taxonomy":"category","embeddable":true,"href":"https:\/\/www.cordobatimes.com\/showup\/wp-json\/wp\/v2\/categories?post=102717"},{"taxonomy":"post_tag","embeddable":true,"href":"https:\/\/www.cordobatimes.com\/showup\/wp-json\/wp\/v2\/tags?post=102717"}],"curies":[{"name":"wp","href":"https:\/\/api.w.org\/{rel}","templated":true}]}}