{"id":102662,"date":"2024-04-21T13:11:02","date_gmt":"2024-04-21T16:11:02","guid":{"rendered":"https:\/\/www.cordobatimes.com\/showup\/?p=102662"},"modified":"2024-04-21T13:14:15","modified_gmt":"2024-04-21T16:14:15","slug":"cecilia-roth-ovacionada-de-pie-en-los-premios-platino-2024-por-su-trayectoria","status":"publish","type":"post","link":"https:\/\/www.cordobatimes.com\/showup\/famosos\/2024\/04\/21\/cecilia-roth-ovacionada-de-pie-en-los-premios-platino-2024-por-su-trayectoria\/","title":{"rendered":"Cecilia Roth ovacionada de pie en los Premios Platino 2024 por su trayectoria"},"content":{"rendered":"<h3><strong>La actriz fue distinguida con un galard\u00f3n de honor en la gala de la Riviera Maya.\u00a0<\/strong><\/h3>\n<p>Todo el\u00a0Teatro Gran Tlachco en la Riviera Maya, M\u00e9xico\u00a0le rindi\u00f3 tributo a\u00a0Cecilia Roth\u00a0que\u00a0fue distinguida en los\u00a0Premios Platino 2024\u00a0con un galard\u00f3n de honor por su extensa carrera. La actriz, conmovida, expres\u00f3 toda su felicidad.<\/p>\n<p>\u201cCre\u00eda que no me iba a emocionar, pero bueno\u2026\u201d, comenz\u00f3, conteniendo las l\u00e1grimas luego de que un video mostr\u00f3 sus papeles m\u00e1s relevantes en el cine como en la televisi\u00f3n y que\u00a0Enrique Cerezo Torres\u00a0el presidente de los Premios Platino le dio la estatuilla, enfundada en un glamoroso look verde de camisa y pollera.<\/p>\n<p>\u201cMuch\u00edsimas gracias. Cre\u00ed que no iba a estar nerviosa pero cuando me levant\u00e9 y camin\u00e9 por las escaleras hasta all\u00ed y lo vi a Enrique aqu\u00ed, me empezaron a temblar las piernas. Estoy abrumada con todo esto\u201d, se sincer\u00f3.<\/p>\n<p>\u201cCuando yo era peque\u00f1a, tendr\u00eda entre 6 y 10 a\u00f1os, yo jugaba con mi hermano, Ariel, que es menor que yo. Me inventaba historias que no ten\u00edan nada que ver con jugar a las mu\u00f1ecas, ni a la mam\u00e1, ni al pap\u00e1, ni a los camiones. Me inventaba historias como que \u00e9ramos astronautas y nos met\u00edamos en una nave espacial y nos \u00edbamos a Saturno. Pero antes de comenzar el juego yo le dec\u00eda a Ariel \u2018lo convertimos en verdad\u2019. En ese momento, todo eso que jug\u00e1bamos se convert\u00eda en verdad\u201d, record\u00f3.<\/p>\n<p>\u201cPara m\u00ed ese juego convertido en verdad es el cine. Nosotros construimos los personajes, las escenas, en una realidad paralela y ah\u00ed creamos un cuento donde nosotros somos uno de los que lo cuenta\u201d, expres\u00f3. All\u00ed record\u00f3 al director Adolfo Aristarain \u201cque fue el asistente de direcci\u00f3n de mi primer pel\u00edcula que fue No toquen a la nena\u201d y \u201cfue mi primer maestro\u201d. \u201cYo no ten\u00eda ni idea de cine. Tendr\u00eda 16 a\u00f1os y no sab\u00eda d\u00f3nde estaba puesta la c\u00e1mara, qu\u00e9 lente ten\u00eda, c\u00f3mo ten\u00eda que hacer para no sentirla\u201d, rememor\u00f3.<\/p>\n<p>\u201cLuego, el exilio. Nos fuimos a Espa\u00f1a con mi familia en el 76 y all\u00ed empec\u00e9 a hacer cine muy r\u00e1pidamente en un casting donde buscaban argentinas y como no hab\u00eda otras, me eligieron a m\u00ed. Juntando esos dos pa\u00edses, que implican haber atravesado toda Sudam\u00e9rica e Ibe<\/p>\n<p>\u201cYo creo que hay un solo cine, el que habla en espa\u00f1ol y en portugu\u00e9s, pero es un solo cine. Un solo pa\u00eds. Cuando uno tiene problemas hay que estar atento, ayudarlo. No es que est\u00e9 pidiendo ayuda, es que estoy pidiendo que tengamos conciencia del lugar que ocupamos en el mundo y que el espa\u00f1ol tiene que escucharse igual que otros idiomasNo siempre se escucha\u201d, reflexion\u00f3.<\/p>\n<p>\u201cEn nuestro pa\u00eds el problema es grave porque no solamente no se escucha, sino que puede dejar de existir. Estemos atentos, resistamos y, como cuando era chica, convirtamos en verdad esa lucha, esa resistencia y esos sue\u00f1os que tenemos por ese cine que hacemos\u201d, concluy\u00f3 la actriz.<\/p>\n<div style=\"width: 480px;\" class=\"wp-video\"><video class=\"wp-video-shortcode\" id=\"video-102662-1\" width=\"480\" height=\"270\" preload=\"metadata\" controls=\"controls\"><source type=\"video\/mp4\" src=\"https:\/\/www.cordobatimes.com\/showup\/wp-content\/uploads\/2024\/04\/9yw7YepI-34105376.mp4?_=1\" \/><a href=\"https:\/\/www.cordobatimes.com\/showup\/wp-content\/uploads\/2024\/04\/9yw7YepI-34105376.mp4\">https:\/\/www.cordobatimes.com\/showup\/wp-content\/uploads\/2024\/04\/9yw7YepI-34105376.mp4<\/a><\/video><\/div>\n","protected":false},"excerpt":{"rendered":"<p>La actriz fue distinguida con un galard\u00f3n de honor en la gala de la Riviera Maya.\u00a0 Todo el\u00a0Teatro Gran Tlachco en la Riviera Maya, M\u00e9xico\u00a0le rindi\u00f3 tributo a\u00a0Cecilia Roth\u00a0que\u00a0fue distinguida en los\u00a0Premios Platino 2024\u00a0con un galard\u00f3n de honor por su extensa carrera. La actriz, conmovida, expres\u00f3 toda su felicidad. \u201cCre\u00eda que no me iba a [&hellip;]<\/p>\n","protected":false},"author":1,"featured_media":102663,"comment_status":"closed","ping_status":"closed","sticky":false,"template":"","format":"standard","meta":{"_seopress_robots_primary_cat":"","_seopress_titles_title":"","_seopress_titles_desc":"","_seopress_robots_index":"","footnotes":""},"categories":[4],"tags":[39149,39148],"class_list":{"0":"post-102662","1":"post","2":"type-post","3":"status-publish","4":"format-standard","5":"has-post-thumbnail","7":"category-famosos","8":"tag-cecilia-roth-en-los-premios-platino","9":"tag-homenaje-a-cecilia-roth-en-los-premios-platino-xi"},"_links":{"self":[{"href":"https:\/\/www.cordobatimes.com\/showup\/wp-json\/wp\/v2\/posts\/102662","targetHints":{"allow":["GET"]}}],"collection":[{"href":"https:\/\/www.cordobatimes.com\/showup\/wp-json\/wp\/v2\/posts"}],"about":[{"href":"https:\/\/www.cordobatimes.com\/showup\/wp-json\/wp\/v2\/types\/post"}],"author":[{"embeddable":true,"href":"https:\/\/www.cordobatimes.com\/showup\/wp-json\/wp\/v2\/users\/1"}],"replies":[{"embeddable":true,"href":"https:\/\/www.cordobatimes.com\/showup\/wp-json\/wp\/v2\/comments?post=102662"}],"version-history":[{"count":0,"href":"https:\/\/www.cordobatimes.com\/showup\/wp-json\/wp\/v2\/posts\/102662\/revisions"}],"wp:featuredmedia":[{"embeddable":true,"href":"https:\/\/www.cordobatimes.com\/showup\/wp-json\/wp\/v2\/media\/102663"}],"wp:attachment":[{"href":"https:\/\/www.cordobatimes.com\/showup\/wp-json\/wp\/v2\/media?parent=102662"}],"wp:term":[{"taxonomy":"category","embeddable":true,"href":"https:\/\/www.cordobatimes.com\/showup\/wp-json\/wp\/v2\/categories?post=102662"},{"taxonomy":"post_tag","embeddable":true,"href":"https:\/\/www.cordobatimes.com\/showup\/wp-json\/wp\/v2\/tags?post=102662"}],"curies":[{"name":"wp","href":"https:\/\/api.w.org\/{rel}","templated":true}]}}