{"id":102659,"date":"2024-04-21T11:46:45","date_gmt":"2024-04-21T14:46:45","guid":{"rendered":"https:\/\/www.cordobatimes.com\/showup\/?p=102659"},"modified":"2024-04-21T11:46:45","modified_gmt":"2024-04-21T14:46:45","slug":"premios-platino-2024-la-sociedad-de-la-nieve-fue-la-gran-ganadora-de-la-noche","status":"publish","type":"post","link":"https:\/\/www.cordobatimes.com\/showup\/cine-y-series\/2024\/04\/21\/premios-platino-2024-la-sociedad-de-la-nieve-fue-la-gran-ganadora-de-la-noche\/","title":{"rendered":"Premios Platino 2024: La Sociedad de la nieve fue la gran ganadora de la noche"},"content":{"rendered":"<h3><strong>La ceremonia que se realiz\u00f3 en el Teatro Gran Tlachco del parque Xcaret en Riviera Maya, M\u00e9xico, premi\u00f3 lo m\u00e1s destacado de la producci\u00f3n audiovisual de Am\u00e9rica Latina y Espa\u00f1a<\/strong><\/h3>\n<p>Este s\u00e1bado, los\u00a0Premios Platino\u00a0celebraron su XI edici\u00f3n en el Teatro Gran Tlachco del parque Xcaret en Riviera Maya, M\u00e9xico. La ceremonia destac\u00f3 lo mejor de la producci\u00f3n audiovisual de Am\u00e9rica Latina y Espa\u00f1a. En el evento, que inaugur\u00f3 la segunda d\u00e9cada de estos premios, resaltaron pel\u00edculas participantes de los Oscar 2024 como:\u00a0El Conde, La sociedad de la nieve, y Mi amigo robot, adem\u00e1s del documental\u00a0La memoria infinita.<\/p>\n<p>Entre las obras nacionales m\u00e1s reconocidas figuraban la segunda temporada de\u00a0Iosi, el esp\u00eda arrepentido; y la serie original de Netflix,\u00a0Divisi\u00f3n Palermo, ambas con cuatro menciones. A estas le segu\u00edan la pel\u00edcula de comedia\u00a0Pu\u00e1n,\u00a0Blondie, interpretada por Dolores Fonzi y la exitosa biopic de\u00a0Fito P\u00e1ez,\u00a0El amor despu\u00e9s del amor, con tres nominaciones cada una. De igual forma resaltaban las colaboraciones internacionales de Argentina a trav\u00e9s de sus coproducciones\u00a0Cerrar los ojos\u00a0y\u00a0Los delincuentes, las cuales figuraban en la categor\u00eda principal de Mejor pel\u00edcula de ficci\u00f3n<\/p>\n<p>La velada comenz\u00f3 con un divertido acto de Ger\u00f3nimo Rauch en el que recorri\u00f3 el lugar y se luci\u00f3 con un gran show. En el mismo incluso apareci\u00f3\u00a0Luisana Lopilato\u00a0y se hizo un gui\u00f1o a la exitosa canci\u00f3n de\u00a0Bizarrap\u00a0junto a\u00a0Shakira. Acto seguido, aparecieron en escena\u00a0las encargadas de conducir el evento:\u00a0Esmeralda Pimentel\u00a0(actriz y modelo mexicana) y\u00a0M\u00e1jida Issa\u00a0(actriz y cantante colombiana), quienes dieron la bienvenida al p\u00fablico. \u201cBuenas noches Iberoam\u00e9rica, bienvenidos a la edici\u00f3n n\u00famero 11 de los premios platino Xcaret, la gran fiesta de la audiovisual iberoamericano\u201d, cont\u00f3 Esmeralda Pimentel.<\/p>\n<p class=\"paragraph\" data-mrf-recirculation=\"Links inline\">\u201cAl igual que todos ustedes, ellos han viajado hasta este paradisiaco rinc\u00f3n de la Riviera Maya para celebrar lo mejor de nuestras series, lo mejor de nuestro cine. Esta es la primera vez que solo dos mujeres presentan esta gala\u201d, expres\u00f3 M\u00e1jida Issa. \u201cEste a\u00f1o se estrenaron mas de 1000 producciones entre pel\u00edculas y series en los 23 pa\u00edses iberoamericanos\u201d, cerr\u00f3 la mexicana. Luego, salieron a escena Luisana Lopilato y Enzo Vogrincic para presentar el primer premio de la noche.<\/p>\n<div class=\"inline_2_DSK ad-wrapper ad-desktop\">\n<div class=\"dfpAd ad-inline\"><\/div>\n<\/div>\n<p class=\"paragraph\" data-mrf-recirculation=\"Links inline\"><b>Mejor pel\u00edcula iberoamericana de ficci\u00f3n:\u00a0<\/b><i><b>La sociedad de la nieve<\/b><\/i><b> (Espa\u00f1a)<\/b><\/p>\n<div class=\"news-module\" data-mrf-recirculation=\"IL_wPVu_IE4S76a5Gsl0lX8mA\" data-testid=\"text-html\" data-mrf-experience=\"IL_wPVu_IE4S76a5Gsl0lX8mA\">\n<div class=\"recommended-card__image-container\"><\/div>\n<div class=\"recommended-card__info\">\n<div class=\"recommended-card__info-button recommended-card__info-button--deportes\"><\/div>\n<\/div>\n<\/div>\n<div class=\"visual__image\"><img loading=\"lazy\" decoding=\"async\" class=\"\" src=\"https:\/\/www.infobae.com\/new-resizer\/tE7sVJsIE2c7S7g0RbUjpFRYYSQ=\/420x236\/filters:format(webp):quality(85)\/cloudfront-us-east-1.images.arcpublishing.com\/infobae\/RJSGA5JFU5E5LLUQAF6BLNCT2M.png%20420w\" sizes=\"auto, (min-width: 1560px) 856px, (min-width: 1000px) calc(74.63vw - 293px), (min-width: 780px) calc(100vw - 376px), (min-width: 580px) calc(100vw - 32px), 100vw\" srcset=\"https:\/\/www.infobae.com\/new-resizer\/tE7sVJsIE2c7S7g0RbUjpFRYYSQ=\/420x236\/filters:format(webp):quality(85)\/cloudfront-us-east-1.images.arcpublishing.com\/infobae\/RJSGA5JFU5E5LLUQAF6BLNCT2M.png 420w,https:\/\/www.infobae.com\/new-resizer\/f4FRqKyO0z58sqzDegGI_B1fUkw=\/768x432\/filters:format(webp):quality(85)\/cloudfront-us-east-1.images.arcpublishing.com\/infobae\/RJSGA5JFU5E5LLUQAF6BLNCT2M.png 768w,https:\/\/www.infobae.com\/new-resizer\/GXBkkWO5aEYLDhmc8lxUBrA2DbU=\/992x558\/filters:format(webp):quality(85)\/cloudfront-us-east-1.images.arcpublishing.com\/infobae\/RJSGA5JFU5E5LLUQAF6BLNCT2M.png 992w,https:\/\/www.infobae.com\/new-resizer\/wjzvYZWLvuCqV_6-78z22GzTlUE=\/1200x675\/filters:format(webp):quality(85)\/cloudfront-us-east-1.images.arcpublishing.com\/infobae\/RJSGA5JFU5E5LLUQAF6BLNCT2M.png 1200w,https:\/\/www.infobae.com\/new-resizer\/xuBaBkm2T3NKfrL4lRcoIPhYXUE=\/1440x810\/filters:format(webp):quality(85)\/cloudfront-us-east-1.images.arcpublishing.com\/infobae\/RJSGA5JFU5E5LLUQAF6BLNCT2M.png 1440w\" alt=\"Juan Antonio Bayona no ocult\u00f3 su sorpresa al recibir el premio como Mejor pel\u00edcula iberoamericana de ficci\u00f3n\" width=\"852\" height=\"480\" data-src=\"https:\/\/www.infobae.com\/new-resizer\/tE7sVJsIE2c7S7g0RbUjpFRYYSQ=\/420x236\/filters:format(webp):quality(85)\/cloudfront-us-east-1.images.arcpublishing.com\/infobae\/RJSGA5JFU5E5LLUQAF6BLNCT2M.png 420w\" \/>Juan Antonio Bayona no ocult\u00f3 su sorpresa al recibir el premio como Mejor pel\u00edcula iberoamericana de ficci\u00f3n<\/div>\n<p class=\"paragraph\" data-mrf-recirculation=\"Links inline\">Anonadado, y con un gente de sorpresa, Juan Antonio Bayona volvi\u00f3 al escenario acompa\u00f1ado de parte de su equipo. \u201cYa no s\u00e9 qu\u00e9 decir.\u00a0<i>La sociedad de la nieve\u00a0<\/i>nos cost\u00f3 diez a\u00f1os, nadie nos dec\u00eda que una pel\u00edcula con este presupuesto era posible en espa\u00f1ol con actores desconocido. Hoy los actores dan giras por el mundo llenando teatros, los reciben como estrellas. Es la tercera pel\u00edcula m\u00e1s vista del a\u00f1o. A veces hay que hacer las cosas de manera diferente para cambiar las reglas del juego. Tenemos todas las herramientas para cambiar las reglas de juego. Tenemos el talento para hacerlo\u201d, afirm\u00f3 Bayona.<\/p>\n<p class=\"paragraph\" data-mrf-recirculation=\"Links inline\"><b>Mejor interpretaci\u00f3n masculina de reparto en miniserie o teleserie: Andy Chango por\u00a0<\/b><i><b>El amor despu\u00e9s del amor<\/b><\/i><\/p>\n<div class=\"visual__image\"><img loading=\"lazy\" decoding=\"async\" class=\"\" src=\"https:\/\/www.infobae.com\/new-resizer\/2I5cgd4unmx2yjQkOhPj-mkexO4=\/420x236\/filters:format(webp):quality(85)\/cloudfront-us-east-1.images.arcpublishing.com\/infobae\/PFQ5LT5U7BGH7GIQ4H6T7XHRQU.png%20420w\" sizes=\"auto, (min-width: 1560px) 856px, (min-width: 1000px) calc(74.63vw - 293px), (min-width: 780px) calc(100vw - 376px), (min-width: 580px) calc(100vw - 32px), 100vw\" srcset=\"https:\/\/www.infobae.com\/new-resizer\/2I5cgd4unmx2yjQkOhPj-mkexO4=\/420x236\/filters:format(webp):quality(85)\/cloudfront-us-east-1.images.arcpublishing.com\/infobae\/PFQ5LT5U7BGH7GIQ4H6T7XHRQU.png 420w,https:\/\/www.infobae.com\/new-resizer\/vJx_3nPnNjIBBbjT_wu7vTNKwMA=\/768x432\/filters:format(webp):quality(85)\/cloudfront-us-east-1.images.arcpublishing.com\/infobae\/PFQ5LT5U7BGH7GIQ4H6T7XHRQU.png 768w,https:\/\/www.infobae.com\/new-resizer\/5hDoz8Xs3DUkSawnCmjncVbJdi8=\/992x558\/filters:format(webp):quality(85)\/cloudfront-us-east-1.images.arcpublishing.com\/infobae\/PFQ5LT5U7BGH7GIQ4H6T7XHRQU.png 992w,https:\/\/www.infobae.com\/new-resizer\/8g54KVeVPLRCF3CZbxXrBSFEJbI=\/1200x675\/filters:format(webp):quality(85)\/cloudfront-us-east-1.images.arcpublishing.com\/infobae\/PFQ5LT5U7BGH7GIQ4H6T7XHRQU.png 1200w,https:\/\/www.infobae.com\/new-resizer\/fw7sPbCzMTXBVpKJvjRys5Pl1t0=\/1440x810\/filters:format(webp):quality(85)\/cloudfront-us-east-1.images.arcpublishing.com\/infobae\/PFQ5LT5U7BGH7GIQ4H6T7XHRQU.png 1440w\" alt=\"Andy Chango gan\u00f3 el premio Mejor interpretaci\u00f3n masculina de reparto en miniserie o teleserie por su actuaci\u00f3n en El amor despu\u00e9s del amor\" width=\"852\" height=\"480\" data-src=\"https:\/\/www.infobae.com\/new-resizer\/2I5cgd4unmx2yjQkOhPj-mkexO4=\/420x236\/filters:format(webp):quality(85)\/cloudfront-us-east-1.images.arcpublishing.com\/infobae\/PFQ5LT5U7BGH7GIQ4H6T7XHRQU.png 420w\" \/>Andy Chango gan\u00f3 el premio Mejor interpretaci\u00f3n masculina de reparto en miniserie o teleserie por su actuaci\u00f3n en El amor despu\u00e9s del amor<\/div>\n<p class=\"paragraph\" data-mrf-recirculation=\"Links inline\"><i>Segundos despu\u00e9s de llegar al escenario, el actor tom\u00f3 el micr\u00f3fono y dijo:\u00a0<\/i>\u201cC\u00f3mo explicar en solo un minuto que se esta muriendo el mundo, el cambio clim\u00e1tico, que se est\u00e1 muriendo la cultura. C\u00f3mo explicar el dolor, la impotencia ya la vez el agradecimiento. A Fito, a Charly por dar vida a este planeta que se est\u00e1 extinguiendo y esta Argentina que se esta yendo mucho m\u00e1s r\u00e1pido que el planeta\u201d.<\/p>\n<p class=\"paragraph\" data-mrf-recirculation=\"Links inline\"><b>Mejor interpretaci\u00f3n femenina de reparto en miniserie o teleserie: Carmen Machi por\u00a0<\/b><i><b>La mes\u00edas<\/b><\/i><\/p>\n<div class=\"visual__image\"><img loading=\"lazy\" decoding=\"async\" class=\"\" src=\"https:\/\/www.infobae.com\/new-resizer\/sMxecseOeBcvC5sf-Aj7mBv9d9A=\/420x236\/filters:format(webp):quality(85)\/cloudfront-us-east-1.images.arcpublishing.com\/infobae\/QGHXUGEA3JCY3ATWVASNCI6KKA.png%20420w\" sizes=\"auto, (min-width: 1560px) 856px, (min-width: 1000px) calc(74.63vw - 293px), (min-width: 780px) calc(100vw - 376px), (min-width: 580px) calc(100vw - 32px), 100vw\" srcset=\"https:\/\/www.infobae.com\/new-resizer\/sMxecseOeBcvC5sf-Aj7mBv9d9A=\/420x236\/filters:format(webp):quality(85)\/cloudfront-us-east-1.images.arcpublishing.com\/infobae\/QGHXUGEA3JCY3ATWVASNCI6KKA.png 420w,https:\/\/www.infobae.com\/new-resizer\/hk3_eQtDGeyHLoM6hmrhGI1QTFQ=\/768x432\/filters:format(webp):quality(85)\/cloudfront-us-east-1.images.arcpublishing.com\/infobae\/QGHXUGEA3JCY3ATWVASNCI6KKA.png 768w,https:\/\/www.infobae.com\/new-resizer\/hMwgrAtCX5P0FwHMFmeniQs9tbc=\/992x558\/filters:format(webp):quality(85)\/cloudfront-us-east-1.images.arcpublishing.com\/infobae\/QGHXUGEA3JCY3ATWVASNCI6KKA.png 992w,https:\/\/www.infobae.com\/new-resizer\/h9DOWrTQbTW1uP7EDeZ_2-dnT-8=\/1200x675\/filters:format(webp):quality(85)\/cloudfront-us-east-1.images.arcpublishing.com\/infobae\/QGHXUGEA3JCY3ATWVASNCI6KKA.png 1200w,https:\/\/www.infobae.com\/new-resizer\/4knFHYZNyARhH1qemxr6KLU-aOM=\/1440x810\/filters:format(webp):quality(85)\/cloudfront-us-east-1.images.arcpublishing.com\/infobae\/QGHXUGEA3JCY3ATWVASNCI6KKA.png 1440w\" alt=\" Lola Due\u00f1as recibi\u00f3 el premio a Mejor interpretaci\u00f3n femenina de reparto en miniserie o teleserie por Carmen Machi \" width=\"852\" height=\"480\" data-src=\"https:\/\/www.infobae.com\/new-resizer\/sMxecseOeBcvC5sf-Aj7mBv9d9A=\/420x236\/filters:format(webp):quality(85)\/cloudfront-us-east-1.images.arcpublishing.com\/infobae\/QGHXUGEA3JCY3ATWVASNCI6KKA.png 420w\" \/>Lola Due\u00f1as recibi\u00f3 el premio a Mejor interpretaci\u00f3n femenina de reparto en miniserie o teleserie por Carmen Machi<\/div>\n<p class=\"paragraph\" data-mrf-recirculation=\"Links inline\">Ante la ausencia de la actriz, que no pudo asistir al evento por compromisos laborales, una compa\u00f1era de la producci\u00f3n subi\u00f3 a recibir el premio en su lugar. \u201cCarmen me ha mandado un mensaje para que les lea. Si estas palabras se est\u00e1n leyendo me han hecho inmensamente feliz, muchas gracias al jurado, formar parte de esta serie, ser una de las tres cabezas es uno de los regalos m\u00e1s grandes que me ha hecho esta profesi\u00f3n\u201d, expres\u00f3 la actriz.<\/p>\n<p class=\"paragraph\" data-mrf-recirculation=\"Links inline\"><b>Mejor pel\u00edcula de animaci\u00f3n:\u00a0<\/b><i><b>Mi amigo robot\u00a0<\/b><\/i><b>(Espa\u00f1a, Francia)<\/b><\/p>\n<div class=\"visual__image\"><img loading=\"lazy\" decoding=\"async\" class=\"\" src=\"https:\/\/www.infobae.com\/new-resizer\/BqxpGA0vh1e25MLW1uVZOE19q6U=\/420x236\/filters:format(webp):quality(85)\/cloudfront-us-east-1.images.arcpublishing.com\/infobae\/4HLPTFYHPJEHBOHOZZBCXZBKIM.png%20420w\" sizes=\"auto, (min-width: 1560px) 856px, (min-width: 1000px) calc(74.63vw - 293px), (min-width: 780px) calc(100vw - 376px), (min-width: 580px) calc(100vw - 32px), 100vw\" srcset=\"https:\/\/www.infobae.com\/new-resizer\/BqxpGA0vh1e25MLW1uVZOE19q6U=\/420x236\/filters:format(webp):quality(85)\/cloudfront-us-east-1.images.arcpublishing.com\/infobae\/4HLPTFYHPJEHBOHOZZBCXZBKIM.png 420w,https:\/\/www.infobae.com\/new-resizer\/jpdHbrtjvgTU2cZ6aXHys8FPVyg=\/768x432\/filters:format(webp):quality(85)\/cloudfront-us-east-1.images.arcpublishing.com\/infobae\/4HLPTFYHPJEHBOHOZZBCXZBKIM.png 768w,https:\/\/www.infobae.com\/new-resizer\/Q0DpUZAVlxWN_ZjS6K846HFR63M=\/992x558\/filters:format(webp):quality(85)\/cloudfront-us-east-1.images.arcpublishing.com\/infobae\/4HLPTFYHPJEHBOHOZZBCXZBKIM.png 992w,https:\/\/www.infobae.com\/new-resizer\/vxByZIwdbz8sq9WG1mJrTDbNNtk=\/1200x675\/filters:format(webp):quality(85)\/cloudfront-us-east-1.images.arcpublishing.com\/infobae\/4HLPTFYHPJEHBOHOZZBCXZBKIM.png 1200w,https:\/\/www.infobae.com\/new-resizer\/zsGJHwFmwKQHAW8_mqzXPNiHnQE=\/1440x810\/filters:format(webp):quality(85)\/cloudfront-us-east-1.images.arcpublishing.com\/infobae\/4HLPTFYHPJEHBOHOZZBCXZBKIM.png 1440w\" alt=\"Mi amigo robot gan\u00f3 como Mejor pel\u00edcula de animaci\u00f3n\" width=\"852\" height=\"480\" data-src=\"https:\/\/www.infobae.com\/new-resizer\/BqxpGA0vh1e25MLW1uVZOE19q6U=\/420x236\/filters:format(webp):quality(85)\/cloudfront-us-east-1.images.arcpublishing.com\/infobae\/4HLPTFYHPJEHBOHOZZBCXZBKIM.png 420w\" \/>Mi amigo robot gan\u00f3 como Mejor pel\u00edcula de animaci\u00f3n<\/div>\n<p class=\"paragraph\" data-mrf-recirculation=\"Links inline\">Tras haberse quedado cerca del premio en los Oscar, el director Pablo Berger subi\u00f3 a recibir el premio por su obra: \u201cQue maravilla. Agradecer al equipo, este es mi sue\u00f1o, ya que estoy en M\u00e9xico quiero dedicar este premio al p\u00fablico mexicano que ha abrazado a esta pel\u00edcula con tanto amor. La \u00fanica raz\u00f3n por la que hago pel\u00edculas es para emocionar al p\u00fablico, en un mundo virtual en el que vivimos, Robot Dreams habla de conectar con el otro, abrazar, disfrutar de las peque\u00f1as cosas\u201d.<\/p>\n<p class=\"paragraph\" data-mrf-recirculation=\"Links inline\"><b>Mejor creador de serie: Daniel Burman por\u00a0<\/b><i><b>Iosi, el esp\u00eda arrepentido<\/b><\/i><\/p>\n<div class=\"visual__image\"><img loading=\"lazy\" decoding=\"async\" class=\"\" src=\"https:\/\/www.infobae.com\/new-resizer\/2dVaSfFrXAgvBCeLeN4yNxrBqyc=\/420x236\/filters:format(webp):quality(85)\/cloudfront-us-east-1.images.arcpublishing.com\/infobae\/F6RLEFUHR5HL3KUGBYD2EXRFXI.png%20420w\" sizes=\"auto, (min-width: 1560px) 856px, (min-width: 1000px) calc(74.63vw - 293px), (min-width: 780px) calc(100vw - 376px), (min-width: 580px) calc(100vw - 32px), 100vw\" srcset=\"https:\/\/www.infobae.com\/new-resizer\/2dVaSfFrXAgvBCeLeN4yNxrBqyc=\/420x236\/filters:format(webp):quality(85)\/cloudfront-us-east-1.images.arcpublishing.com\/infobae\/F6RLEFUHR5HL3KUGBYD2EXRFXI.png 420w,https:\/\/www.infobae.com\/new-resizer\/Z8IdON59h1SdYj16cPNZTNmMXmc=\/768x432\/filters:format(webp):quality(85)\/cloudfront-us-east-1.images.arcpublishing.com\/infobae\/F6RLEFUHR5HL3KUGBYD2EXRFXI.png 768w,https:\/\/www.infobae.com\/new-resizer\/uWIOhmB5_qUNkj3Me0aHdc9ZJm8=\/992x558\/filters:format(webp):quality(85)\/cloudfront-us-east-1.images.arcpublishing.com\/infobae\/F6RLEFUHR5HL3KUGBYD2EXRFXI.png 992w,https:\/\/www.infobae.com\/new-resizer\/bbGJrdfKF6kCjdjurMHJUAjbUCQ=\/1200x675\/filters:format(webp):quality(85)\/cloudfront-us-east-1.images.arcpublishing.com\/infobae\/F6RLEFUHR5HL3KUGBYD2EXRFXI.png 1200w,https:\/\/www.infobae.com\/new-resizer\/HAZOApu503cH5f9t3sgyETfNRVQ=\/1440x810\/filters:format(webp):quality(85)\/cloudfront-us-east-1.images.arcpublishing.com\/infobae\/F6RLEFUHR5HL3KUGBYD2EXRFXI.png 1440w\" alt=\"Daniel Burman mostr\u00f3 su felicidad luego de que ganara como Mejor creador de serie por Iosi, el esp\u00eda arrepentido\" width=\"852\" height=\"480\" data-src=\"https:\/\/www.infobae.com\/new-resizer\/2dVaSfFrXAgvBCeLeN4yNxrBqyc=\/420x236\/filters:format(webp):quality(85)\/cloudfront-us-east-1.images.arcpublishing.com\/infobae\/F6RLEFUHR5HL3KUGBYD2EXRFXI.png 420w\" \/>Daniel Burman mostr\u00f3 su felicidad luego de que ganara como Mejor creador de serie por Iosi, el esp\u00eda arrepentido<\/div>\n<p class=\"paragraph\" data-mrf-recirculation=\"Links inline\">Con un gesto de felicidad, Daniel Burman expres\u00f3: \u201cQuiero agradecer a tanta gente. Cuando empezamos a desarrollar este proyecto hace ocho a\u00f1os contar la historia de un antisemita parec\u00eda un eco de un pasado, algo que m contaban mis abuelos. Con las cosas que est\u00e1n pasando, la serie se torna un reflejo muy cruel de lo que pasa. Tiene un efecto devastador para mi y a su vez tristemente feliz. Quiero compartirlo con mi familia que me est\u00e1 viendo comiendo milanesas con pur\u00e9\u201d.<\/p>\n<p class=\"paragraph\" data-mrf-recirculation=\"Links inline\"><b>Mejor guion: Estibaliz Urresola por\u00a0<\/b><i><b>20,000 especies de abejas<\/b><\/i><\/p>\n<div class=\"visual__image\"><img loading=\"lazy\" decoding=\"async\" class=\"\" src=\"https:\/\/www.infobae.com\/new-resizer\/lBmKZG3uU19HzPC_alO6NUBltWM=\/420x236\/filters:format(webp):quality(85)\/cloudfront-us-east-1.images.arcpublishing.com\/infobae\/3SREKANOPNGAZFGHZ2CVBSZM4E.png%20420w\" sizes=\"auto, (min-width: 1560px) 856px, (min-width: 1000px) calc(74.63vw - 293px), (min-width: 780px) calc(100vw - 376px), (min-width: 580px) calc(100vw - 32px), 100vw\" srcset=\"https:\/\/www.infobae.com\/new-resizer\/lBmKZG3uU19HzPC_alO6NUBltWM=\/420x236\/filters:format(webp):quality(85)\/cloudfront-us-east-1.images.arcpublishing.com\/infobae\/3SREKANOPNGAZFGHZ2CVBSZM4E.png 420w,https:\/\/www.infobae.com\/new-resizer\/UxvCgdD0OPTYDWrdE3TUy63X90Y=\/768x432\/filters:format(webp):quality(85)\/cloudfront-us-east-1.images.arcpublishing.com\/infobae\/3SREKANOPNGAZFGHZ2CVBSZM4E.png 768w,https:\/\/www.infobae.com\/new-resizer\/mqVTixXMLFqMO47ALOpZrPTw2OQ=\/992x558\/filters:format(webp):quality(85)\/cloudfront-us-east-1.images.arcpublishing.com\/infobae\/3SREKANOPNGAZFGHZ2CVBSZM4E.png 992w,https:\/\/www.infobae.com\/new-resizer\/ErKXQcLKjBN3S1hTvFf0sTS1mVE=\/1200x675\/filters:format(webp):quality(85)\/cloudfront-us-east-1.images.arcpublishing.com\/infobae\/3SREKANOPNGAZFGHZ2CVBSZM4E.png 1200w,https:\/\/www.infobae.com\/new-resizer\/kbu1pxCE1euW6tjqWTIB3QmXSa4=\/1440x810\/filters:format(webp):quality(85)\/cloudfront-us-east-1.images.arcpublishing.com\/infobae\/3SREKANOPNGAZFGHZ2CVBSZM4E.png 1440w\" alt=\"Estibaliz Urresola dej\u00f3 ver su felicidad por ganar Mejor guion por 20,000 especies de abejas\" width=\"852\" height=\"480\" data-src=\"https:\/\/www.infobae.com\/new-resizer\/lBmKZG3uU19HzPC_alO6NUBltWM=\/420x236\/filters:format(webp):quality(85)\/cloudfront-us-east-1.images.arcpublishing.com\/infobae\/3SREKANOPNGAZFGHZ2CVBSZM4E.png 420w\" \/>Estibaliz Urresola dej\u00f3 ver su felicidad por ganar Mejor guion por 20,000 especies de abejas<\/div>\n<p class=\"paragraph\" data-mrf-recirculation=\"Links inline\">Con un look marr\u00f3n, la directora, guionista y productora se mostr\u00f3 agradecida: \u201cEs un premio muy especial, un tremendo honor est\u00e1n en esta categor\u00eda con personas que admiro mucho. Este premio es a favor de la diversidad, que nos hace \u00fanicos\u201d.<\/p>\n<p class=\"paragraph\" data-mrf-recirculation=\"Links inline\"><b>Mejor interpretaci\u00f3n masculina de reparto: Jos\u00e9 Coronado por\u00a0<\/b><i><b>Cerrar los ojos<\/b><\/i><\/p>\n<div class=\"visual__image\"><img loading=\"lazy\" decoding=\"async\" class=\"\" src=\"https:\/\/www.infobae.com\/new-resizer\/utdVgJz5ijMKYnv3zXZDa61iUvU=\/420x236\/filters:format(webp):quality(85)\/cloudfront-us-east-1.images.arcpublishing.com\/infobae\/5OX5FABL2BHZRFDJRSW2P4K7JQ.png%20420w\" sizes=\"auto, (min-width: 1560px) 856px, (min-width: 1000px) calc(74.63vw - 293px), (min-width: 780px) calc(100vw - 376px), (min-width: 580px) calc(100vw - 32px), 100vw\" srcset=\"https:\/\/www.infobae.com\/new-resizer\/utdVgJz5ijMKYnv3zXZDa61iUvU=\/420x236\/filters:format(webp):quality(85)\/cloudfront-us-east-1.images.arcpublishing.com\/infobae\/5OX5FABL2BHZRFDJRSW2P4K7JQ.png 420w,https:\/\/www.infobae.com\/new-resizer\/yEbgyV5TDlPUeVvY9pYauR0vycU=\/768x432\/filters:format(webp):quality(85)\/cloudfront-us-east-1.images.arcpublishing.com\/infobae\/5OX5FABL2BHZRFDJRSW2P4K7JQ.png 768w,https:\/\/www.infobae.com\/new-resizer\/TMmFrFE4cw2eg-j3KzD07D_osPI=\/992x558\/filters:format(webp):quality(85)\/cloudfront-us-east-1.images.arcpublishing.com\/infobae\/5OX5FABL2BHZRFDJRSW2P4K7JQ.png 992w,https:\/\/www.infobae.com\/new-resizer\/HtimXTuk6bP60dmnl1h1fxBdhvI=\/1200x675\/filters:format(webp):quality(85)\/cloudfront-us-east-1.images.arcpublishing.com\/infobae\/5OX5FABL2BHZRFDJRSW2P4K7JQ.png 1200w,https:\/\/www.infobae.com\/new-resizer\/icr5qL9QuSACC4BtzkZlRmo7xYA=\/1440x810\/filters:format(webp):quality(85)\/cloudfront-us-east-1.images.arcpublishing.com\/infobae\/5OX5FABL2BHZRFDJRSW2P4K7JQ.png 1440w\" alt=\"Jos\u00e9 Coronado gan\u00f3 a Mejor interpretaci\u00f3n masculina de reparto, una compa\u00f1era recibi\u00f3 el premio en su lugar\" width=\"852\" height=\"480\" data-src=\"https:\/\/www.infobae.com\/new-resizer\/utdVgJz5ijMKYnv3zXZDa61iUvU=\/420x236\/filters:format(webp):quality(85)\/cloudfront-us-east-1.images.arcpublishing.com\/infobae\/5OX5FABL2BHZRFDJRSW2P4K7JQ.png 420w\" \/>Jos\u00e9 Coronado gan\u00f3 a Mejor interpretaci\u00f3n masculina de reparto, una compa\u00f1era recibi\u00f3 el premio en su lugar<\/div>\n<p class=\"paragraph\" data-mrf-recirculation=\"Links inline\">Previamente, por esta misma obra, Jos\u00e9 Coronado hab\u00eda ganado el premio Goya. Sin embargo, esta noche no pudo estar presente, en su lugar subi\u00f3 una de las productoras de la obra. \u201cEs un inmenso honor estar aqu\u00ed esta noche representando nuestra pel\u00edcula que tiene seis nominaciones, no son pocas. Voy a leer unas palabras de Jose porque est\u00e1 rodando en Madrid: \u2018Gracias por valorar mi trabajo, esta gran comunidad que formamos con el idioma com\u00fan. Quer\u00eda compartir este premio con el resto de nominados\u201d, expres\u00f3 la productora.<\/p>\n<p class=\"paragraph\" data-mrf-recirculation=\"Links inline\"><b>Mejor interpretaci\u00f3n femenina de reparto: Ane Gabarain por\u00a0<\/b><i><b>20,000 especies de abejas<\/b><\/i><\/p>\n<div class=\"visual__image\"><img loading=\"lazy\" decoding=\"async\" class=\"\" src=\"https:\/\/www.infobae.com\/new-resizer\/TvkegL134g85jumXbtHfySuzgbc=\/420x236\/filters:format(webp):quality(85)\/cloudfront-us-east-1.images.arcpublishing.com\/infobae\/5IYB5SGPV5B3THS3HGVYPRUMEA.png%20420w\" sizes=\"auto, (min-width: 1560px) 856px, (min-width: 1000px) calc(74.63vw - 293px), (min-width: 780px) calc(100vw - 376px), (min-width: 580px) calc(100vw - 32px), 100vw\" srcset=\"https:\/\/www.infobae.com\/new-resizer\/TvkegL134g85jumXbtHfySuzgbc=\/420x236\/filters:format(webp):quality(85)\/cloudfront-us-east-1.images.arcpublishing.com\/infobae\/5IYB5SGPV5B3THS3HGVYPRUMEA.png 420w,https:\/\/www.infobae.com\/new-resizer\/qsLltCy2_0dsUUK8PmBu5MLsGII=\/768x432\/filters:format(webp):quality(85)\/cloudfront-us-east-1.images.arcpublishing.com\/infobae\/5IYB5SGPV5B3THS3HGVYPRUMEA.png 768w,https:\/\/www.infobae.com\/new-resizer\/ZiLNJ8oekbbERdurTeOp-DTPHC4=\/992x558\/filters:format(webp):quality(85)\/cloudfront-us-east-1.images.arcpublishing.com\/infobae\/5IYB5SGPV5B3THS3HGVYPRUMEA.png 992w,https:\/\/www.infobae.com\/new-resizer\/SYEvaRfsr1EJpVdDKFxSfs0Vqy8=\/1200x675\/filters:format(webp):quality(85)\/cloudfront-us-east-1.images.arcpublishing.com\/infobae\/5IYB5SGPV5B3THS3HGVYPRUMEA.png 1200w,https:\/\/www.infobae.com\/new-resizer\/RGRWE_wQysQaDZhzTpalfko13wA=\/1440x810\/filters:format(webp):quality(85)\/cloudfront-us-east-1.images.arcpublishing.com\/infobae\/5IYB5SGPV5B3THS3HGVYPRUMEA.png 1440w\" alt=\"Nuevamente, en representaci\u00f3n de la obra, Estibaliz Urresola volvi\u00f3 a subir al escenario\" width=\"852\" height=\"480\" data-src=\"https:\/\/www.infobae.com\/new-resizer\/TvkegL134g85jumXbtHfySuzgbc=\/420x236\/filters:format(webp):quality(85)\/cloudfront-us-east-1.images.arcpublishing.com\/infobae\/5IYB5SGPV5B3THS3HGVYPRUMEA.png 420w\" \/>Nuevamente, en representaci\u00f3n de la obra, Estibaliz Urresola volvi\u00f3 a subir al escenario<\/div>\n<div class=\"undefined ad-wrapper\">\n<div class=\"dfpAd \">\n<div id=\"infobae\/teleshow\/nota\/undefined\" class=\"infobae\/teleshow\/nota\/undefined arcad\"><\/div>\n<\/div>\n<\/div>\n<p class=\"paragraph\" data-mrf-recirculation=\"Links inline\">Nuevamente, en representaci\u00f3n de la obra, Estibaliz Urresola volvi\u00f3 a subir al escenario: \u201cUnas palabras de Ane. Muchas gracias a esta academia o comunidad de cine por premiar este trabajo, que suerte la m\u00eda haber estar rodeada de este equipazo para construir esta Lourdes. Gracias por pensar en mi a este personaje tan especial\u201d.<\/p>\n<p class=\"paragraph\" data-mrf-recirculation=\"Links inline\"><b>Mejor pel\u00edcula documental:\u00a0<\/b><i><b>La memoria infinita<\/b><\/i><b>\u00a0(Chile)<\/b><\/p>\n<div class=\"visual__image\"><img loading=\"lazy\" decoding=\"async\" class=\"\" src=\"https:\/\/www.infobae.com\/new-resizer\/vQ37LzzCMLfMhvXoq8F0VEiuTp0=\/420x236\/filters:format(webp):quality(85)\/cloudfront-us-east-1.images.arcpublishing.com\/infobae\/TY6AYTD2KZEHDPCCPMTSRDT2O4.png%20420w\" sizes=\"auto, (min-width: 1560px) 856px, (min-width: 1000px) calc(74.63vw - 293px), (min-width: 780px) calc(100vw - 376px), (min-width: 580px) calc(100vw - 32px), 100vw\" srcset=\"https:\/\/www.infobae.com\/new-resizer\/vQ37LzzCMLfMhvXoq8F0VEiuTp0=\/420x236\/filters:format(webp):quality(85)\/cloudfront-us-east-1.images.arcpublishing.com\/infobae\/TY6AYTD2KZEHDPCCPMTSRDT2O4.png 420w,https:\/\/www.infobae.com\/new-resizer\/YpHAOdID68gAEb5mXyROVzddPbE=\/768x432\/filters:format(webp):quality(85)\/cloudfront-us-east-1.images.arcpublishing.com\/infobae\/TY6AYTD2KZEHDPCCPMTSRDT2O4.png 768w,https:\/\/www.infobae.com\/new-resizer\/-ztR7VyYyHqVEXker1jIAqjfL4A=\/992x558\/filters:format(webp):quality(85)\/cloudfront-us-east-1.images.arcpublishing.com\/infobae\/TY6AYTD2KZEHDPCCPMTSRDT2O4.png 992w,https:\/\/www.infobae.com\/new-resizer\/qDFOKO5x35mIBC_hTlA7YuCwRps=\/1200x675\/filters:format(webp):quality(85)\/cloudfront-us-east-1.images.arcpublishing.com\/infobae\/TY6AYTD2KZEHDPCCPMTSRDT2O4.png 1200w,https:\/\/www.infobae.com\/new-resizer\/XtcstdrmfWMvWpCC5do4zDt-Gck=\/1440x810\/filters:format(webp):quality(85)\/cloudfront-us-east-1.images.arcpublishing.com\/infobae\/TY6AYTD2KZEHDPCCPMTSRDT2O4.png 1440w\" alt=\"La memoria infinita gan\u00f3 como Mejor pel\u00edcula documental\" width=\"852\" height=\"480\" data-src=\"https:\/\/www.infobae.com\/new-resizer\/vQ37LzzCMLfMhvXoq8F0VEiuTp0=\/420x236\/filters:format(webp):quality(85)\/cloudfront-us-east-1.images.arcpublishing.com\/infobae\/TY6AYTD2KZEHDPCCPMTSRDT2O4.png 420w\" \/>La memoria infinita gan\u00f3 como Mejor pel\u00edcula documental<\/div>\n<p class=\"paragraph\" data-mrf-recirculation=\"Links inline\">En representaci\u00f3n de esta historia de amor, recuerdos y sufrimiento subi\u00f3 a recibir el premio una de las integrantes del documental: \u201cEste a\u00f1o nos toc\u00f3 hacer el recorrido internacional de La memoria Infinita con muchas pel\u00edculas hoy nominadas. Me sent\u00ed muy orgullosa de la representaci\u00f3n que tuvo el cine iberoamericano en el mundo. Juntos somos una gran fuerza y tenemos que recordar que los caminos los abrimos juntos\u201d.\u00a0<b>Mejor m\u00fasica original: Alfonso Vilallonga por\u00a0<\/b><i><b>Mi amigo robot<\/b><\/i><\/p>\n<div class=\"visual__image\"><img loading=\"lazy\" decoding=\"async\" class=\"\" src=\"https:\/\/www.infobae.com\/new-resizer\/RPtxnhFG_nX18NgJWBZpGi89Zvw=\/420x236\/filters:format(webp):quality(85)\/cloudfront-us-east-1.images.arcpublishing.com\/infobae\/H2LNXA22XNHDBDNEHWZAMVA5ZA.png%20420w\" sizes=\"auto, (min-width: 1560px) 856px, (min-width: 1000px) calc(74.63vw - 293px), (min-width: 780px) calc(100vw - 376px), (min-width: 580px) calc(100vw - 32px), 100vw\" srcset=\"https:\/\/www.infobae.com\/new-resizer\/RPtxnhFG_nX18NgJWBZpGi89Zvw=\/420x236\/filters:format(webp):quality(85)\/cloudfront-us-east-1.images.arcpublishing.com\/infobae\/H2LNXA22XNHDBDNEHWZAMVA5ZA.png 420w,https:\/\/www.infobae.com\/new-resizer\/z93dhW2GOyWkDzWjwKiO27CRmAI=\/768x432\/filters:format(webp):quality(85)\/cloudfront-us-east-1.images.arcpublishing.com\/infobae\/H2LNXA22XNHDBDNEHWZAMVA5ZA.png 768w,https:\/\/www.infobae.com\/new-resizer\/sARSEtcNhIJoeRnz2gvYn_d843Q=\/992x558\/filters:format(webp):quality(85)\/cloudfront-us-east-1.images.arcpublishing.com\/infobae\/H2LNXA22XNHDBDNEHWZAMVA5ZA.png 992w,https:\/\/www.infobae.com\/new-resizer\/mVvEi_i44vwyOQCjG0XQbXodeHA=\/1200x675\/filters:format(webp):quality(85)\/cloudfront-us-east-1.images.arcpublishing.com\/infobae\/H2LNXA22XNHDBDNEHWZAMVA5ZA.png 1200w,https:\/\/www.infobae.com\/new-resizer\/uXiqNlDPEUHXiCCSbUtx4sgalzA=\/1440x810\/filters:format(webp):quality(85)\/cloudfront-us-east-1.images.arcpublishing.com\/infobae\/H2LNXA22XNHDBDNEHWZAMVA5ZA.png 1440w\" alt=\"Alfonso Vilallonga gan\u00f3 a Mejor m\u00fasica original por Mi amigo robot\" width=\"852\" height=\"480\" data-src=\"https:\/\/www.infobae.com\/new-resizer\/RPtxnhFG_nX18NgJWBZpGi89Zvw=\/420x236\/filters:format(webp):quality(85)\/cloudfront-us-east-1.images.arcpublishing.com\/infobae\/H2LNXA22XNHDBDNEHWZAMVA5ZA.png 420w\" \/>Alfonso Vilallonga gan\u00f3 a Mejor m\u00fasica original por Mi amigo robot<\/div>\n<p class=\"paragraph\" data-mrf-recirculation=\"Links inline\">Con alegr\u00eda, Alfonso Vilallonga subi\u00f3 al escenario y agradeci\u00f3 el galard\u00f3n: \u201cCuando me preparo un discurso para unos premios luego no me lo dan, y esta vez no me lo prepar\u00f3 y me lo dieron. Gracias a los otros nominados, a todo el equipo de la pel\u00edcula. La amistad es lo m\u00e1s bonito que hay dentro del amor\u201d.<\/p>\n<p class=\"paragraph\" data-mrf-recirculation=\"Links inline\"><b>Premio Platino al Cine y Educaci\u00f3n en Valores:\u00a0<\/b><i><b>20,000 especies de abejas\u00a0<\/b><\/i><b>(Espa\u00f1a)<\/b><\/p>\n<div class=\"visual__image\"><img loading=\"lazy\" decoding=\"async\" class=\"\" src=\"https:\/\/www.infobae.com\/new-resizer\/FyCtKzWlgqv_t4iHn_TpR7gjaTI=\/420x236\/filters:format(webp):quality(85)\/cloudfront-us-east-1.images.arcpublishing.com\/infobae\/LVSHSABGJNB73P2IUAHM6UB3WM.png%20420w\" sizes=\"auto, (min-width: 1560px) 856px, (min-width: 1000px) calc(74.63vw - 293px), (min-width: 780px) calc(100vw - 376px), (min-width: 580px) calc(100vw - 32px), 100vw\" srcset=\"https:\/\/www.infobae.com\/new-resizer\/FyCtKzWlgqv_t4iHn_TpR7gjaTI=\/420x236\/filters:format(webp):quality(85)\/cloudfront-us-east-1.images.arcpublishing.com\/infobae\/LVSHSABGJNB73P2IUAHM6UB3WM.png 420w,https:\/\/www.infobae.com\/new-resizer\/hP6q20yyKiWfqxiK5AmV8gwT8Xw=\/768x432\/filters:format(webp):quality(85)\/cloudfront-us-east-1.images.arcpublishing.com\/infobae\/LVSHSABGJNB73P2IUAHM6UB3WM.png 768w,https:\/\/www.infobae.com\/new-resizer\/JAJlh89hJYXQ70_x5874L_dwySo=\/992x558\/filters:format(webp):quality(85)\/cloudfront-us-east-1.images.arcpublishing.com\/infobae\/LVSHSABGJNB73P2IUAHM6UB3WM.png 992w,https:\/\/www.infobae.com\/new-resizer\/Uiu5NnH8EL2xoS3fssc3_ZaloOg=\/1200x675\/filters:format(webp):quality(85)\/cloudfront-us-east-1.images.arcpublishing.com\/infobae\/LVSHSABGJNB73P2IUAHM6UB3WM.png 1200w,https:\/\/www.infobae.com\/new-resizer\/gOpP2Lc1JUT8J8hKwbYgt7KI-0Q=\/1440x810\/filters:format(webp):quality(85)\/cloudfront-us-east-1.images.arcpublishing.com\/infobae\/LVSHSABGJNB73P2IUAHM6UB3WM.png 1440w\" alt=\"20,000 especies de abejas tambi\u00e9n gan\u00f3 el Premio Platino al Cine y Educaci\u00f3n en Valores\" width=\"852\" height=\"480\" data-src=\"https:\/\/www.infobae.com\/new-resizer\/FyCtKzWlgqv_t4iHn_TpR7gjaTI=\/420x236\/filters:format(webp):quality(85)\/cloudfront-us-east-1.images.arcpublishing.com\/infobae\/LVSHSABGJNB73P2IUAHM6UB3WM.png 420w\" \/>20,000 especies de abejas tambi\u00e9n gan\u00f3 el Premio Platino al Cine y Educaci\u00f3n en Valores<\/div>\n<p class=\"paragraph\" data-mrf-recirculation=\"Links inline\">Con gesto de sorpresa, por tercera vez en la noche, la productora y la directora de la obra se agarraban la cabeza antes de subir a buscar el premio. \u201cSe me acumula la emoci\u00f3n, estoy en representaci\u00f3n de la pel\u00edcula y como productora es un viaje que hemos hecho con Estibaliz. Es una pel\u00edcula que hemos podido compartir con tanta gente en tantos sitios, tantos pa\u00edses y en tantos festivales que estar hoy aqu\u00ed tambi\u00e9n quisiera compartirlo con las dem\u00e1s pel\u00edculas que est\u00e1n nominadas. Al fin y al cabo el cine que hacemos est\u00e1 basado en los valores\u201d, afirm\u00f3 la productora.<\/p>\n<p class=\"paragraph\" data-mrf-recirculation=\"Links inline\"><b>Mejor direcci\u00f3n de montaje: Andr\u00e9s Gil &amp; Jaume Mart\u00ed por\u00a0<\/b><i><b>La sociedad de la nieve<\/b><\/i><\/p>\n<div class=\"visual__image\"><img loading=\"lazy\" decoding=\"async\" class=\"\" src=\"https:\/\/www.infobae.com\/new-resizer\/U7cMrTKAXtLiObKgzJnaJyPZJPc=\/420x236\/filters:format(webp):quality(85)\/cloudfront-us-east-1.images.arcpublishing.com\/infobae\/VOXDVYXB3NBNZNDCCLCPNPXOJI.png%20420w\" sizes=\"auto, (min-width: 1560px) 856px, (min-width: 1000px) calc(74.63vw - 293px), (min-width: 780px) calc(100vw - 376px), (min-width: 580px) calc(100vw - 32px), 100vw\" srcset=\"https:\/\/www.infobae.com\/new-resizer\/U7cMrTKAXtLiObKgzJnaJyPZJPc=\/420x236\/filters:format(webp):quality(85)\/cloudfront-us-east-1.images.arcpublishing.com\/infobae\/VOXDVYXB3NBNZNDCCLCPNPXOJI.png 420w,https:\/\/www.infobae.com\/new-resizer\/JiVUoaP8fz_H4RC65eLhm7R7a3o=\/768x432\/filters:format(webp):quality(85)\/cloudfront-us-east-1.images.arcpublishing.com\/infobae\/VOXDVYXB3NBNZNDCCLCPNPXOJI.png 768w,https:\/\/www.infobae.com\/new-resizer\/h0Ii02r2kabfYkDHIa78BQhxXKw=\/992x558\/filters:format(webp):quality(85)\/cloudfront-us-east-1.images.arcpublishing.com\/infobae\/VOXDVYXB3NBNZNDCCLCPNPXOJI.png 992w,https:\/\/www.infobae.com\/new-resizer\/qR3YJEey0hUBxTBVTOD-bc529MI=\/1200x675\/filters:format(webp):quality(85)\/cloudfront-us-east-1.images.arcpublishing.com\/infobae\/VOXDVYXB3NBNZNDCCLCPNPXOJI.png 1200w,https:\/\/www.infobae.com\/new-resizer\/LWAzLfOFvfRW22uwCe54rmn_Pe4=\/1440x810\/filters:format(webp):quality(85)\/cloudfront-us-east-1.images.arcpublishing.com\/infobae\/VOXDVYXB3NBNZNDCCLCPNPXOJI.png 1440w\" alt=\"Andr\u00e9s Gil &amp; Jaume Mart\u00ed ganaron a Mejor direcci\u00f3n de montaje por La sociedad de la nieve\" width=\"852\" height=\"480\" data-src=\"https:\/\/www.infobae.com\/new-resizer\/U7cMrTKAXtLiObKgzJnaJyPZJPc=\/420x236\/filters:format(webp):quality(85)\/cloudfront-us-east-1.images.arcpublishing.com\/infobae\/VOXDVYXB3NBNZNDCCLCPNPXOJI.png 420w\" \/>Andr\u00e9s Gil &amp; Jaume Mart\u00ed ganaron a Mejor direcci\u00f3n de montaje por La sociedad de la nieve<\/div>\n<p class=\"paragraph\" data-mrf-recirculation=\"Links inline\">Con un gesto de felicidad, el director Juan Antonio Bayona se abri\u00f3 paso por el escenario: \u201cLamento que Jaume no pudiera venir para recibir de vuestras manos el premio. \u00c9l ha sido una persona capital para la gesti\u00f3n de una<b>\u00a0<\/b>pel\u00edcula de la magnitud de\u00a0<i>La sociedad de la nieve<\/i>. Todos los que hemos trabajado en la pel\u00edcula hemos aprendido muchas cosas, muchas de \u00e9l. En particular la labor de trabajo en equipo\u201d.<\/p>\n<p class=\"paragraph\" data-mrf-recirculation=\"Links inline\"><b>Mejor direcci\u00f3n de arte: Rodrigo Bazaes por\u00a0<\/b><i><b>El conde<\/b><\/i><\/p>\n<div class=\"visual__image\"><img loading=\"lazy\" decoding=\"async\" class=\"\" src=\"https:\/\/www.infobae.com\/new-resizer\/joTz29NvNYOZ3UVXSACsAemM78Y=\/420x236\/filters:format(webp):quality(85)\/cloudfront-us-east-1.images.arcpublishing.com\/infobae\/VYKQQ3AK5NBSNMYZBXTCALTZGI.png%20420w\" sizes=\"auto, (min-width: 1560px) 856px, (min-width: 1000px) calc(74.63vw - 293px), (min-width: 780px) calc(100vw - 376px), (min-width: 580px) calc(100vw - 32px), 100vw\" srcset=\"https:\/\/www.infobae.com\/new-resizer\/joTz29NvNYOZ3UVXSACsAemM78Y=\/420x236\/filters:format(webp):quality(85)\/cloudfront-us-east-1.images.arcpublishing.com\/infobae\/VYKQQ3AK5NBSNMYZBXTCALTZGI.png 420w,https:\/\/www.infobae.com\/new-resizer\/HwHfZhnwDed38ol9T4Cm55qvBps=\/768x432\/filters:format(webp):quality(85)\/cloudfront-us-east-1.images.arcpublishing.com\/infobae\/VYKQQ3AK5NBSNMYZBXTCALTZGI.png 768w,https:\/\/www.infobae.com\/new-resizer\/D5Oa0HgANSWjKG4XFNW-EVwjjNg=\/992x558\/filters:format(webp):quality(85)\/cloudfront-us-east-1.images.arcpublishing.com\/infobae\/VYKQQ3AK5NBSNMYZBXTCALTZGI.png 992w,https:\/\/www.infobae.com\/new-resizer\/AN_HLJtvEn1Dx8O3UrsM6tFJoRk=\/1200x675\/filters:format(webp):quality(85)\/cloudfront-us-east-1.images.arcpublishing.com\/infobae\/VYKQQ3AK5NBSNMYZBXTCALTZGI.png 1200w,https:\/\/www.infobae.com\/new-resizer\/-sfCBeAtN44KS0_DXVJNOgUEBBQ=\/1440x810\/filters:format(webp):quality(85)\/cloudfront-us-east-1.images.arcpublishing.com\/infobae\/VYKQQ3AK5NBSNMYZBXTCALTZGI.png 1440w\" alt=\"Rodrigo Bazaes fue galardonado a Mejor direcci\u00f3n de arte por El conde\" width=\"852\" height=\"480\" data-src=\"https:\/\/www.infobae.com\/new-resizer\/joTz29NvNYOZ3UVXSACsAemM78Y=\/420x236\/filters:format(webp):quality(85)\/cloudfront-us-east-1.images.arcpublishing.com\/infobae\/VYKQQ3AK5NBSNMYZBXTCALTZGI.png 420w\" \/>Rodrigo Bazaes fue galardonado a Mejor direcci\u00f3n de arte por El conde<\/div>\n<p class=\"paragraph\" data-mrf-recirculation=\"Links inline\">Cuando le ofrecieron realizar la direcci\u00f3n de arte de\u00a0<i>El Conde,\u00a0<\/i>Bazaes tuvo que afrontar el desaf\u00edo de hacerlo en blanco y negro. \u201cAgradecer a mi gran equipo, es inmenso, probablemente el m\u00e1s grande de una pel\u00edcula. Nada se hace solo, si nuestra industria sigue recordando eso vamos a seguir teniendo pel\u00edculas fuertes. Agradezco por la libertad creativa que nos dieron\u201d, afirm\u00f3 Rodrigo Bazaes.<\/p>\n<p class=\"paragraph\" data-mrf-recirculation=\"Links inline\"><b>Mejor direcci\u00f3n de fotograf\u00eda: Pedro Luque por\u00a0<\/b><i><b>La sociedad de la nieve<\/b><\/i><\/p>\n<div class=\"visual__image\"><img loading=\"lazy\" decoding=\"async\" class=\"\" src=\"https:\/\/www.infobae.com\/new-resizer\/q2RPrRxoJi4PkbFWU4_mRrSNLFA=\/420x236\/filters:format(webp):quality(85)\/cloudfront-us-east-1.images.arcpublishing.com\/infobae\/ILYSLWWDMVB3JLPZF4N6LB46TI.png%20420w\" sizes=\"auto, (min-width: 1560px) 856px, (min-width: 1000px) calc(74.63vw - 293px), (min-width: 780px) calc(100vw - 376px), (min-width: 580px) calc(100vw - 32px), 100vw\" srcset=\"https:\/\/www.infobae.com\/new-resizer\/q2RPrRxoJi4PkbFWU4_mRrSNLFA=\/420x236\/filters:format(webp):quality(85)\/cloudfront-us-east-1.images.arcpublishing.com\/infobae\/ILYSLWWDMVB3JLPZF4N6LB46TI.png 420w,https:\/\/www.infobae.com\/new-resizer\/m4vq74wUrLrvisEsasmc1vKn8H4=\/768x432\/filters:format(webp):quality(85)\/cloudfront-us-east-1.images.arcpublishing.com\/infobae\/ILYSLWWDMVB3JLPZF4N6LB46TI.png 768w,https:\/\/www.infobae.com\/new-resizer\/S1nYJthwQNWJdZayCZzD495SE6U=\/992x558\/filters:format(webp):quality(85)\/cloudfront-us-east-1.images.arcpublishing.com\/infobae\/ILYSLWWDMVB3JLPZF4N6LB46TI.png 992w,https:\/\/www.infobae.com\/new-resizer\/n7GpcaKV36CJ9fM29gLCon5X2oM=\/1200x675\/filters:format(webp):quality(85)\/cloudfront-us-east-1.images.arcpublishing.com\/infobae\/ILYSLWWDMVB3JLPZF4N6LB46TI.png 1200w,https:\/\/www.infobae.com\/new-resizer\/jvxU6Q6wUgnjdc6K9H6E3njCAEA=\/1440x810\/filters:format(webp):quality(85)\/cloudfront-us-east-1.images.arcpublishing.com\/infobae\/ILYSLWWDMVB3JLPZF4N6LB46TI.png 1440w\" alt=\"Pedro Luque gan\u00f3 por La sociedad de la nieve a Mejor direcci\u00f3n de fotograf\u00eda. El director del film subi\u00f3 a buscar el premio en su lugar\" width=\"852\" height=\"480\" data-src=\"https:\/\/www.infobae.com\/new-resizer\/q2RPrRxoJi4PkbFWU4_mRrSNLFA=\/420x236\/filters:format(webp):quality(85)\/cloudfront-us-east-1.images.arcpublishing.com\/infobae\/ILYSLWWDMVB3JLPZF4N6LB46TI.png 420w\" \/>Pedro Luque gan\u00f3 por La sociedad de la nieve a Mejor direcci\u00f3n de fotograf\u00eda. El director del film subi\u00f3 a buscar el premio en su lugar<\/div>\n<p class=\"paragraph\" data-mrf-recirculation=\"Links inline\">Con este galard\u00f3n,\u00a0<i>La sociedad de la nieve<\/i>\u00a0gan\u00f3 su segundo Platino de la noche, el propio director fue a buscar el premio. \u201cPedro Luque no ha podido estar aqu\u00ed pero me dej\u00f3 un mensaje: \u2018Este premio se lo quiero dedicar al equipo t\u00e9cnico que hizo posible dar un marco y un espacio al trabajo de Jota y a los actores. Es un orgullo haber podido formar parte de esta historia\u201d, dijo el director.<\/p>\n<p class=\"paragraph\" data-mrf-recirculation=\"Links inline\"><b>Mejor direcci\u00f3n de sonido: Jorge Adrados, Oriol Tarrag\u00f3 &amp; Marc Orts por\u00a0<\/b><i><b>La sociedad de la nieve<\/b><\/i><\/p>\n<div class=\"visual__image\"><img loading=\"lazy\" decoding=\"async\" class=\"\" src=\"https:\/\/www.infobae.com\/new-resizer\/74ZUnZkpBjjP6xxvFZUnsR9Edz8=\/420x236\/filters:format(webp):quality(85)\/cloudfront-us-east-1.images.arcpublishing.com\/infobae\/NXC7KW5PXZD6JD4355UCJYTJGE.png%20420w\" sizes=\"auto, (min-width: 1560px) 856px, (min-width: 1000px) calc(74.63vw - 293px), (min-width: 780px) calc(100vw - 376px), (min-width: 580px) calc(100vw - 32px), 100vw\" srcset=\"https:\/\/www.infobae.com\/new-resizer\/74ZUnZkpBjjP6xxvFZUnsR9Edz8=\/420x236\/filters:format(webp):quality(85)\/cloudfront-us-east-1.images.arcpublishing.com\/infobae\/NXC7KW5PXZD6JD4355UCJYTJGE.png 420w,https:\/\/www.infobae.com\/new-resizer\/uV1MZ6YdRp6qO2dRaVIG8LCscMY=\/768x432\/filters:format(webp):quality(85)\/cloudfront-us-east-1.images.arcpublishing.com\/infobae\/NXC7KW5PXZD6JD4355UCJYTJGE.png 768w,https:\/\/www.infobae.com\/new-resizer\/6hGD2VdjNs99wJul3vxY0pIBEhc=\/992x558\/filters:format(webp):quality(85)\/cloudfront-us-east-1.images.arcpublishing.com\/infobae\/NXC7KW5PXZD6JD4355UCJYTJGE.png 992w,https:\/\/www.infobae.com\/new-resizer\/8hqWalYW9obvyPu7CGz0cf89WE0=\/1200x675\/filters:format(webp):quality(85)\/cloudfront-us-east-1.images.arcpublishing.com\/infobae\/NXC7KW5PXZD6JD4355UCJYTJGE.png 1200w,https:\/\/www.infobae.com\/new-resizer\/5SHOVuH9NLOmLnYQ-Jq3nlE0OkY=\/1440x810\/filters:format(webp):quality(85)\/cloudfront-us-east-1.images.arcpublishing.com\/infobae\/NXC7KW5PXZD6JD4355UCJYTJGE.png 1440w\" alt=\"La sociedad de la nieve se impuso en Mejor Direcci\u00f3n de Sonido\" width=\"852\" height=\"480\" data-src=\"https:\/\/www.infobae.com\/new-resizer\/74ZUnZkpBjjP6xxvFZUnsR9Edz8=\/420x236\/filters:format(webp):quality(85)\/cloudfront-us-east-1.images.arcpublishing.com\/infobae\/NXC7KW5PXZD6JD4355UCJYTJGE.png 420w\" \/>La sociedad de la nieve se impuso en Mejor Direcci\u00f3n de Sonido<\/div>\n<p class=\"paragraph\" data-mrf-recirculation=\"Links inline\">Con el objetivo de tomar el tercer premio por la pel\u00edcula, Oriol Tarrag\u00f3 subi\u00f3 al escenario y dijo: \u201cUf, muchas gracias, estoy muy orgulloso de haber venido desde tan lejos, desde Barcelona, hasta este sitio tan incre\u00edble. Vengo en representaci\u00f3n de todo ele qui de sonido. Este premio representa la guinda de un pastel de un proceso de casi tres a\u00f1os, en el cual tuvimos crecimiento personal y profesional. Quer\u00eda dedicar este premio a toda la gente que sobrevive con una mentalidad positiva en nuestra sociedad\u201d.<\/p>\n<p class=\"paragraph\" data-mrf-recirculation=\"Links inline\"><b>Mejor comedia iberoamericana de ficci\u00f3n:\u00a0<\/b><i><b>Bajo terapia\u00a0<\/b><\/i><b>(Espa\u00f1a)<\/b><\/p>\n<div class=\"visual__image\"><img loading=\"lazy\" decoding=\"async\" class=\"\" src=\"https:\/\/www.infobae.com\/new-resizer\/OHh7YAr5pt6A_oZJWzjLe-2pZeQ=\/420x236\/filters:format(webp):quality(85)\/cloudfront-us-east-1.images.arcpublishing.com\/infobae\/G4TUJMHZJFGA3C4JPVSLYLV4ZI.png%20420w\" sizes=\"auto, (min-width: 1560px) 856px, (min-width: 1000px) calc(74.63vw - 293px), (min-width: 780px) calc(100vw - 376px), (min-width: 580px) calc(100vw - 32px), 100vw\" srcset=\"https:\/\/www.infobae.com\/new-resizer\/OHh7YAr5pt6A_oZJWzjLe-2pZeQ=\/420x236\/filters:format(webp):quality(85)\/cloudfront-us-east-1.images.arcpublishing.com\/infobae\/G4TUJMHZJFGA3C4JPVSLYLV4ZI.png 420w,https:\/\/www.infobae.com\/new-resizer\/zI2blYuDEbhGwG7_CtHhUm5i9K0=\/768x432\/filters:format(webp):quality(85)\/cloudfront-us-east-1.images.arcpublishing.com\/infobae\/G4TUJMHZJFGA3C4JPVSLYLV4ZI.png 768w,https:\/\/www.infobae.com\/new-resizer\/4DfRSUpSS1e-BWzWZmXaTrM9owg=\/992x558\/filters:format(webp):quality(85)\/cloudfront-us-east-1.images.arcpublishing.com\/infobae\/G4TUJMHZJFGA3C4JPVSLYLV4ZI.png 992w,https:\/\/www.infobae.com\/new-resizer\/8qmzQf-G6zQWJZtbJ5NjJrH3CTY=\/1200x675\/filters:format(webp):quality(85)\/cloudfront-us-east-1.images.arcpublishing.com\/infobae\/G4TUJMHZJFGA3C4JPVSLYLV4ZI.png 1200w,https:\/\/www.infobae.com\/new-resizer\/Y_L-xXUjINE6lXHhw8aXPhUxkvU=\/1440x810\/filters:format(webp):quality(85)\/cloudfront-us-east-1.images.arcpublishing.com\/infobae\/G4TUJMHZJFGA3C4JPVSLYLV4ZI.png 1440w\" alt=\"En Mejor comedia iberoamericana de ficci\u00f3n se destac\u00f3 Bajo terapia (Espa\u00f1a)\" width=\"852\" height=\"480\" data-src=\"https:\/\/www.infobae.com\/new-resizer\/OHh7YAr5pt6A_oZJWzjLe-2pZeQ=\/420x236\/filters:format(webp):quality(85)\/cloudfront-us-east-1.images.arcpublishing.com\/infobae\/G4TUJMHZJFGA3C4JPVSLYLV4ZI.png 420w\" \/>En Mejor comedia iberoamericana de ficci\u00f3n se destac\u00f3 Bajo terapia (Espa\u00f1a)<\/div>\n<p class=\"paragraph\" data-mrf-recirculation=\"Links inline\">La pel\u00edcula dirigida por Gerardo Herrero es una adaptaci\u00f3n de una obra de teatro que la visi\u00f3n cinematogr\u00e1fica de Herrero supo llevar al cine. \u201cLa calidad de la pel\u00edcula tiene que ver con los actores, ellos son los que son culpables que la pel\u00edcula est\u00e9 bien, est\u00e9 gustando, se est\u00e9 vendiendo. Ha sido un placer para m\u00ed trabajar con ellos\u201d, afirm\u00f3 Gerardo Herrero.<\/p>\n<p class=\"paragraph\" data-mrf-recirculation=\"Links inline\"><b>Mejor interpretaci\u00f3n femenina en miniserie o teleserie: Lola Due\u00f1as por\u00a0<\/b><i><b>La mes\u00edas<\/b><\/i><\/p>\n<div class=\"visual__image\"><img loading=\"lazy\" decoding=\"async\" class=\"\" src=\"https:\/\/www.infobae.com\/new-resizer\/3fv46vNd9wImP7TM1ippZRcXmrA=\/420x236\/filters:format(webp):quality(85)\/cloudfront-us-east-1.images.arcpublishing.com\/infobae\/JZJQPKI6SBCWNC5LBXWH2WHX4Q.png%20420w\" sizes=\"auto, (min-width: 1560px) 856px, (min-width: 1000px) calc(74.63vw - 293px), (min-width: 780px) calc(100vw - 376px), (min-width: 580px) calc(100vw - 32px), 100vw\" srcset=\"https:\/\/www.infobae.com\/new-resizer\/3fv46vNd9wImP7TM1ippZRcXmrA=\/420x236\/filters:format(webp):quality(85)\/cloudfront-us-east-1.images.arcpublishing.com\/infobae\/JZJQPKI6SBCWNC5LBXWH2WHX4Q.png 420w,https:\/\/www.infobae.com\/new-resizer\/mKng-jv88DdsKGQwggG1U3R00U8=\/768x432\/filters:format(webp):quality(85)\/cloudfront-us-east-1.images.arcpublishing.com\/infobae\/JZJQPKI6SBCWNC5LBXWH2WHX4Q.png 768w,https:\/\/www.infobae.com\/new-resizer\/DY5T_VYR71u3WVaRsn3PW2gjzjg=\/992x558\/filters:format(webp):quality(85)\/cloudfront-us-east-1.images.arcpublishing.com\/infobae\/JZJQPKI6SBCWNC5LBXWH2WHX4Q.png 992w,https:\/\/www.infobae.com\/new-resizer\/khyEyoHFYR89tFEBGDnDSWCc97Q=\/1200x675\/filters:format(webp):quality(85)\/cloudfront-us-east-1.images.arcpublishing.com\/infobae\/JZJQPKI6SBCWNC5LBXWH2WHX4Q.png 1200w,https:\/\/www.infobae.com\/new-resizer\/CJQIzPYJnxNCkwW1mmSGZj-Juqo=\/1440x810\/filters:format(webp):quality(85)\/cloudfront-us-east-1.images.arcpublishing.com\/infobae\/JZJQPKI6SBCWNC5LBXWH2WHX4Q.png 1440w\" alt=\" Lola Due\u00f1as gan\u00f3 a Mejor interpretaci\u00f3n femenina en miniserie o teleserie por La mes\u00edas \" width=\"852\" height=\"480\" data-src=\"https:\/\/www.infobae.com\/new-resizer\/3fv46vNd9wImP7TM1ippZRcXmrA=\/420x236\/filters:format(webp):quality(85)\/cloudfront-us-east-1.images.arcpublishing.com\/infobae\/JZJQPKI6SBCWNC5LBXWH2WHX4Q.png 420w\" \/>Lola Due\u00f1as gan\u00f3 a Mejor interpretaci\u00f3n femenina en miniserie o teleserie por La mes\u00edas<\/div>\n<p class=\"paragraph\" data-mrf-recirculation=\"Links inline\">A los saltos de felicidad, Lola Due\u00f1as, corri\u00f3 al escenario sin perder la sonrisa. La actriz hab\u00eda subido previamente a buscar el premio por una de sus amigas del elenco y ahora lo hac\u00eda por su interpretaci\u00f3n. \u201cMuch\u00edsimas gracias de verdad, estoy muy feliz y agradecida. A mi nunca nadie me hab\u00eda dado tanto, as\u00ed que este premio es para mis dos alhajas, con toda mi admiraci\u00f3n y todo mi amor\u201d, expres\u00f3 la artista.<\/p>\n<p class=\"paragraph\" data-mrf-recirculation=\"Links inline\"><b>Mejor interpretaci\u00f3n masculina en miniserie o teleserie: Alfredo Castro por\u00a0<\/b><i><b>Los mil d\u00edas de Allende<\/b><\/i><\/p>\n<div class=\"visual__image\"><img loading=\"lazy\" decoding=\"async\" class=\"\" src=\"https:\/\/www.infobae.com\/new-resizer\/ZI9VseC1-8yJLp_TkRZLtzBmI0w=\/420x236\/filters:format(webp):quality(85)\/cloudfront-us-east-1.images.arcpublishing.com\/infobae\/U65NARFWMZFNVGIMELXENUVOMI.png%20420w\" sizes=\"auto, (min-width: 1560px) 856px, (min-width: 1000px) calc(74.63vw - 293px), (min-width: 780px) calc(100vw - 376px), (min-width: 580px) calc(100vw - 32px), 100vw\" srcset=\"https:\/\/www.infobae.com\/new-resizer\/ZI9VseC1-8yJLp_TkRZLtzBmI0w=\/420x236\/filters:format(webp):quality(85)\/cloudfront-us-east-1.images.arcpublishing.com\/infobae\/U65NARFWMZFNVGIMELXENUVOMI.png 420w,https:\/\/www.infobae.com\/new-resizer\/KDbXbu2hz3LrK_lFU_IpxXUc3mU=\/768x432\/filters:format(webp):quality(85)\/cloudfront-us-east-1.images.arcpublishing.com\/infobae\/U65NARFWMZFNVGIMELXENUVOMI.png 768w,https:\/\/www.infobae.com\/new-resizer\/ovOVXI7ZWsW_Z-FZc4b5vIUAmjw=\/992x558\/filters:format(webp):quality(85)\/cloudfront-us-east-1.images.arcpublishing.com\/infobae\/U65NARFWMZFNVGIMELXENUVOMI.png 992w,https:\/\/www.infobae.com\/new-resizer\/yB1yireTBRDKm9E8ixRlmeRrBg8=\/1200x675\/filters:format(webp):quality(85)\/cloudfront-us-east-1.images.arcpublishing.com\/infobae\/U65NARFWMZFNVGIMELXENUVOMI.png 1200w,https:\/\/www.infobae.com\/new-resizer\/whyjHbVTlee7nItj2LCW3ObDdf8=\/1440x810\/filters:format(webp):quality(85)\/cloudfront-us-east-1.images.arcpublishing.com\/infobae\/U65NARFWMZFNVGIMELXENUVOMI.png 1440w\" alt=\"Alfredo Castro gan\u00f3 Mejor interpretaci\u00f3n masculina en miniserie o teleserie por Los mil d\u00edas de Allende\" width=\"852\" height=\"480\" data-src=\"https:\/\/www.infobae.com\/new-resizer\/ZI9VseC1-8yJLp_TkRZLtzBmI0w=\/420x236\/filters:format(webp):quality(85)\/cloudfront-us-east-1.images.arcpublishing.com\/infobae\/U65NARFWMZFNVGIMELXENUVOMI.png 420w\" \/>Alfredo Castro gan\u00f3 Mejor interpretaci\u00f3n masculina en miniserie o teleserie por Los mil d\u00edas de Allende<\/div>\n<p class=\"paragraph\" data-mrf-recirculation=\"Links inline\">Alfredo Castro, quien pas\u00f3 tres horas por d\u00eda para conseguir el retrato Salvador Allende, no pudo estar presente. Sin embargo, una compa\u00f1era subi\u00f3 en su lugar. \u201cGrande Alfredo, te queremos, te admiramos mucho. El no puede esta aqu\u00ed hoy porque esta filmando una pel\u00edcula, as\u00ed que voy a leer unas palabras suyas: \u2018Muchas gracias premios platino, gracias por permitirme interpretar a Salvador Allende el m\u00e1s importante pol\u00edtico y pensador del siglo XX. Espero que el pensamiento de Salvador vuelva a vivir en nuestros pueblos, en nosotros\u2019\u201d, expres\u00f3 su compa\u00f1era.<\/p>\n<p class=\"paragraph\" data-mrf-recirculation=\"Links inline\"><b>Mejor \u00f3pera prima de ficci\u00f3n:\u00a0<\/b><i><b>20,000 especies de abejas\u00a0<\/b><\/i><b>(Espa\u00f1a)<\/b><\/p>\n<div class=\"visual__image\"><img loading=\"lazy\" decoding=\"async\" class=\"\" src=\"https:\/\/www.infobae.com\/new-resizer\/KUwZJMH7dHGiEGTVVFKSvMz5Mh0=\/420x236\/filters:format(webp):quality(85)\/cloudfront-us-east-1.images.arcpublishing.com\/infobae\/N5NM7CARNJDZNCKQX7UECUQODQ.png%20420w\" sizes=\"auto, (min-width: 1560px) 856px, (min-width: 1000px) calc(74.63vw - 293px), (min-width: 780px) calc(100vw - 376px), (min-width: 580px) calc(100vw - 32px), 100vw\" srcset=\"https:\/\/www.infobae.com\/new-resizer\/KUwZJMH7dHGiEGTVVFKSvMz5Mh0=\/420x236\/filters:format(webp):quality(85)\/cloudfront-us-east-1.images.arcpublishing.com\/infobae\/N5NM7CARNJDZNCKQX7UECUQODQ.png 420w,https:\/\/www.infobae.com\/new-resizer\/4aENJHMoCesJjXt-dq9hF1mjGl8=\/768x432\/filters:format(webp):quality(85)\/cloudfront-us-east-1.images.arcpublishing.com\/infobae\/N5NM7CARNJDZNCKQX7UECUQODQ.png 768w,https:\/\/www.infobae.com\/new-resizer\/EOxWKK9UTfoMaz4yXesmIKPIviI=\/992x558\/filters:format(webp):quality(85)\/cloudfront-us-east-1.images.arcpublishing.com\/infobae\/N5NM7CARNJDZNCKQX7UECUQODQ.png 992w,https:\/\/www.infobae.com\/new-resizer\/yEGK3rZ2viA8qo1AdiAFXgADKR8=\/1200x675\/filters:format(webp):quality(85)\/cloudfront-us-east-1.images.arcpublishing.com\/infobae\/N5NM7CARNJDZNCKQX7UECUQODQ.png 1200w,https:\/\/www.infobae.com\/new-resizer\/kA2EWr-LU3c7WsC0Kv7U5ZuQOtM=\/1440x810\/filters:format(webp):quality(85)\/cloudfront-us-east-1.images.arcpublishing.com\/infobae\/N5NM7CARNJDZNCKQX7UECUQODQ.png 1440w\" alt=\"Mejor \u00f3pera prima de ficci\u00f3n: 20,000 especies de abejas (Espa\u00f1a)\" width=\"852\" height=\"480\" data-src=\"https:\/\/www.infobae.com\/new-resizer\/KUwZJMH7dHGiEGTVVFKSvMz5Mh0=\/420x236\/filters:format(webp):quality(85)\/cloudfront-us-east-1.images.arcpublishing.com\/infobae\/N5NM7CARNJDZNCKQX7UECUQODQ.png 420w\" \/>Mejor \u00f3pera prima de ficci\u00f3n: 20,000 especies de abejas (Espa\u00f1a)<\/div>\n<p class=\"paragraph\" data-mrf-recirculation=\"Links inline\">Nuevamente, las representantes de esta obra volvieron al escenario para tomar otro premio: \u201cCompartir este premio con todas las pel\u00edculas nominadas fue un reto, hacer una primera pel\u00edcula es un riesgo, un reto y algo satisfactorio. Haber visto estas pel\u00edculas y descubierto sus realidad, al fin y al cabo el cine es una puerta a nuestras realidades\u201d.<\/p>\n<p class=\"paragraph\" data-mrf-recirculation=\"Links inline\"><b>Homenaje a Cecilia Roth<\/b><\/p>\n<div class=\"visual__image\"><img loading=\"lazy\" decoding=\"async\" class=\"\" src=\"https:\/\/www.infobae.com\/new-resizer\/PtV_XXrOhD-ksCpSmsKxflNxhLU=\/420x236\/filters:format(webp):quality(85)\/cloudfront-us-east-1.images.arcpublishing.com\/infobae\/ZMKW526LXNAUBJDTEUDKX4S5O4.png%20420w\" sizes=\"auto, (min-width: 1560px) 856px, (min-width: 1000px) calc(74.63vw - 293px), (min-width: 780px) calc(100vw - 376px), (min-width: 580px) calc(100vw - 32px), 100vw\" srcset=\"https:\/\/www.infobae.com\/new-resizer\/PtV_XXrOhD-ksCpSmsKxflNxhLU=\/420x236\/filters:format(webp):quality(85)\/cloudfront-us-east-1.images.arcpublishing.com\/infobae\/ZMKW526LXNAUBJDTEUDKX4S5O4.png 420w,https:\/\/www.infobae.com\/new-resizer\/dIcn-9jeyFz1fLvM8TvA87FlssY=\/768x432\/filters:format(webp):quality(85)\/cloudfront-us-east-1.images.arcpublishing.com\/infobae\/ZMKW526LXNAUBJDTEUDKX4S5O4.png 768w,https:\/\/www.infobae.com\/new-resizer\/8Tx4W0SxSKP2Vs2XuRh1cO_PNyQ=\/992x558\/filters:format(webp):quality(85)\/cloudfront-us-east-1.images.arcpublishing.com\/infobae\/ZMKW526LXNAUBJDTEUDKX4S5O4.png 992w,https:\/\/www.infobae.com\/new-resizer\/6ruSRGZzad2fqM5x-NQXGwznExE=\/1200x675\/filters:format(webp):quality(85)\/cloudfront-us-east-1.images.arcpublishing.com\/infobae\/ZMKW526LXNAUBJDTEUDKX4S5O4.png 1200w,https:\/\/www.infobae.com\/new-resizer\/rU2kEZ0NraAHstjJaTxtkfoB_wA=\/1440x810\/filters:format(webp):quality(85)\/cloudfront-us-east-1.images.arcpublishing.com\/infobae\/ZMKW526LXNAUBJDTEUDKX4S5O4.png 1440w\" alt=\"Cecilia Roth recibi\u00f3 el premio platino de honor del cine iberoamericano\" width=\"852\" height=\"480\" data-src=\"https:\/\/www.infobae.com\/new-resizer\/PtV_XXrOhD-ksCpSmsKxflNxhLU=\/420x236\/filters:format(webp):quality(85)\/cloudfront-us-east-1.images.arcpublishing.com\/infobae\/ZMKW526LXNAUBJDTEUDKX4S5O4.png 420w\" \/>Cecilia Roth recibi\u00f3 el premio platino de honor del cine iberoamericano<\/div>\n<p class=\"paragraph\" data-mrf-recirculation=\"Links inline\">Con sumo respeto y orgullo, Enrique Cerezo present\u00f3 el premio platino de honor del cine iberoamericano, el cual estaba dirigido para Cecilia Roth. Con un vestido verde claro, la actriz subi\u00f3 al escenario y manifest\u00f3: \u201cNecesito decir que tenemos que cuidar nuestro cine, nuestro cine siempre est\u00e1 en peligro, la comunidad iberoamericana es un solo cine, un solo pa\u00eds, cuando uno tiene problemas hay que ayudarlo. Todos tenemos que tener conciencia del lugar que ocupamos en el mundo. El espa\u00f1ol tiene que escuchar igual que otros idiomas. No solo no se escucha si no que puede dejar de existir, convirtamos en verdad esa lucha, esa resistencia y ese sue\u00f1o por ese cine que hacemos\u201d.<\/p>\n<p class=\"paragraph\" data-mrf-recirculation=\"Links inline\"><b>Mejor direcci\u00f3n: Juan Antonio Bayona por\u00a0<\/b><i><b>La sociedad de la nieve<\/b><\/i><\/p>\n<div class=\"visual__image\"><img loading=\"lazy\" decoding=\"async\" class=\"\" src=\"https:\/\/www.infobae.com\/new-resizer\/VbGiLOeX_sCj9iBM1ZzcPiGvrug=\/420x236\/filters:format(webp):quality(85)\/cloudfront-us-east-1.images.arcpublishing.com\/infobae\/IV5YVNFXRBG73MKDXYY5I3AHKI.png%20420w\" sizes=\"auto, (min-width: 1560px) 856px, (min-width: 1000px) calc(74.63vw - 293px), (min-width: 780px) calc(100vw - 376px), (min-width: 580px) calc(100vw - 32px), 100vw\" srcset=\"https:\/\/www.infobae.com\/new-resizer\/VbGiLOeX_sCj9iBM1ZzcPiGvrug=\/420x236\/filters:format(webp):quality(85)\/cloudfront-us-east-1.images.arcpublishing.com\/infobae\/IV5YVNFXRBG73MKDXYY5I3AHKI.png 420w,https:\/\/www.infobae.com\/new-resizer\/bjHTIFsaS7aZ_mA-0IvB9QYUkoY=\/768x432\/filters:format(webp):quality(85)\/cloudfront-us-east-1.images.arcpublishing.com\/infobae\/IV5YVNFXRBG73MKDXYY5I3AHKI.png 768w,https:\/\/www.infobae.com\/new-resizer\/2PPpc5_iKbbQ11E0mKjrHVJ4nR8=\/992x558\/filters:format(webp):quality(85)\/cloudfront-us-east-1.images.arcpublishing.com\/infobae\/IV5YVNFXRBG73MKDXYY5I3AHKI.png 992w,https:\/\/www.infobae.com\/new-resizer\/s5WyeOX1IR8NYLh7RDVbzFxcBDQ=\/1200x675\/filters:format(webp):quality(85)\/cloudfront-us-east-1.images.arcpublishing.com\/infobae\/IV5YVNFXRBG73MKDXYY5I3AHKI.png 1200w,https:\/\/www.infobae.com\/new-resizer\/QT6mHZVe3TdmohfHAqmOI4OfgYI=\/1440x810\/filters:format(webp):quality(85)\/cloudfront-us-east-1.images.arcpublishing.com\/infobae\/IV5YVNFXRBG73MKDXYY5I3AHKI.png 1440w\" alt=\"Juan Antonio Bayona agradeci\u00f3 un nuevo premio para La sociedad de la nieve\" width=\"852\" height=\"480\" data-src=\"https:\/\/www.infobae.com\/new-resizer\/VbGiLOeX_sCj9iBM1ZzcPiGvrug=\/420x236\/filters:format(webp):quality(85)\/cloudfront-us-east-1.images.arcpublishing.com\/infobae\/IV5YVNFXRBG73MKDXYY5I3AHKI.png 420w\" \/>Juan Antonio Bayona agradeci\u00f3 un nuevo premio para La sociedad de la nieve<\/div>\n<p class=\"paragraph\" data-mrf-recirculation=\"Links inline\">Antes de subir al escenario, el director se abraz\u00f3 con uno de sus actores. Con esa emoci\u00f3n subi\u00f3 las escaleras y dijo: \u201cYo no estar\u00eda aqu\u00ed sin un libro, uno que surge del deseo de los supervivientes del accidente de los Andes. El deseo de cambiar el cuento y contarlo de la forma correcta. Se lo dedico a los supervivientes, a las familias de los fallecidos, sus amigos\u201d.<\/p>\n<p class=\"paragraph\" data-mrf-recirculation=\"Links inline\"><b>Mejor interpretaci\u00f3n masculina: Enzo Vogrincic por\u00a0<\/b><i><b>La sociedad de la nieve<\/b><\/i><\/p>\n<div class=\"visual__image\"><img loading=\"lazy\" decoding=\"async\" class=\"\" src=\"https:\/\/www.infobae.com\/new-resizer\/gHXRlCu8vhDx0_13-A_YQNMegaA=\/420x236\/filters:format(webp):quality(85)\/cloudfront-us-east-1.images.arcpublishing.com\/infobae\/Q5444LIQLRHSDO2VFORR6XADMI.png%20420w\" sizes=\"auto, (min-width: 1560px) 856px, (min-width: 1000px) calc(74.63vw - 293px), (min-width: 780px) calc(100vw - 376px), (min-width: 580px) calc(100vw - 32px), 100vw\" srcset=\"https:\/\/www.infobae.com\/new-resizer\/gHXRlCu8vhDx0_13-A_YQNMegaA=\/420x236\/filters:format(webp):quality(85)\/cloudfront-us-east-1.images.arcpublishing.com\/infobae\/Q5444LIQLRHSDO2VFORR6XADMI.png 420w,https:\/\/www.infobae.com\/new-resizer\/xVlXwCx9BkCWL96Y0_oukAMjJAo=\/768x432\/filters:format(webp):quality(85)\/cloudfront-us-east-1.images.arcpublishing.com\/infobae\/Q5444LIQLRHSDO2VFORR6XADMI.png 768w,https:\/\/www.infobae.com\/new-resizer\/82NYgSXdpLxUK-dnkxiak8SMkWw=\/992x558\/filters:format(webp):quality(85)\/cloudfront-us-east-1.images.arcpublishing.com\/infobae\/Q5444LIQLRHSDO2VFORR6XADMI.png 992w,https:\/\/www.infobae.com\/new-resizer\/GztJqzslIBBOVTM6S6yxe6wQI20=\/1200x675\/filters:format(webp):quality(85)\/cloudfront-us-east-1.images.arcpublishing.com\/infobae\/Q5444LIQLRHSDO2VFORR6XADMI.png 1200w,https:\/\/www.infobae.com\/new-resizer\/SQUICrL1s39G_p3rUuyRqU9Mf1k=\/1440x810\/filters:format(webp):quality(85)\/cloudfront-us-east-1.images.arcpublishing.com\/infobae\/Q5444LIQLRHSDO2VFORR6XADMI.png 1440w\" alt=\"Enzo Vogrincic se mostr\u00f3 feliz por el quinto premio de La sociedad de la nieve\" width=\"852\" height=\"480\" data-src=\"https:\/\/www.infobae.com\/new-resizer\/gHXRlCu8vhDx0_13-A_YQNMegaA=\/420x236\/filters:format(webp):quality(85)\/cloudfront-us-east-1.images.arcpublishing.com\/infobae\/Q5444LIQLRHSDO2VFORR6XADMI.png 420w\" \/>Enzo Vogrincic se mostr\u00f3 feliz por el quinto premio de La sociedad de la nieve<\/div>\n<p class=\"paragraph\" data-mrf-recirculation=\"Links inline\">Con este galard\u00f3n,<i>\u00a0La sociedad de la nieve\u00a0<\/i>alcanz\u00f3 su quinto Premio Platino de la noche. \u201cQuiero agradecer a las oportunidades , vengo de Uruguay, un pa\u00eds chico con pocas oportunidades. Cuando alguien te da la oportunidad de algo hace un diferencia en la vida de uno. Muchas gracias a todas las personas que em fueron dando oportunidades en al vida\u201d, manifest\u00f3 Enzo Vogrincic.<\/p>\n<p class=\"paragraph\" data-mrf-recirculation=\"Links inline\"><b>Mejor interpretaci\u00f3n femenina: Laia Costa por<\/b><i><b>\u00a0Un amor<\/b><\/i><\/p>\n<div class=\"visual__image\"><img loading=\"lazy\" decoding=\"async\" class=\"\" src=\"https:\/\/www.infobae.com\/new-resizer\/h5KtXpUouuUCljXgf8Jj6DUh5zQ=\/420x236\/filters:format(webp):quality(85)\/cloudfront-us-east-1.images.arcpublishing.com\/infobae\/3CFJBPXT3BCL7HCVP6UPS7VZQA.png%20420w\" sizes=\"auto, (min-width: 1560px) 856px, (min-width: 1000px) calc(74.63vw - 293px), (min-width: 780px) calc(100vw - 376px), (min-width: 580px) calc(100vw - 32px), 100vw\" srcset=\"https:\/\/www.infobae.com\/new-resizer\/h5KtXpUouuUCljXgf8Jj6DUh5zQ=\/420x236\/filters:format(webp):quality(85)\/cloudfront-us-east-1.images.arcpublishing.com\/infobae\/3CFJBPXT3BCL7HCVP6UPS7VZQA.png 420w,https:\/\/www.infobae.com\/new-resizer\/REUfsk5SzMDWIVU7a7bOUrkczp8=\/768x432\/filters:format(webp):quality(85)\/cloudfront-us-east-1.images.arcpublishing.com\/infobae\/3CFJBPXT3BCL7HCVP6UPS7VZQA.png 768w,https:\/\/www.infobae.com\/new-resizer\/48Vr9nZwd2iN8db7_PtDLBMt4bU=\/992x558\/filters:format(webp):quality(85)\/cloudfront-us-east-1.images.arcpublishing.com\/infobae\/3CFJBPXT3BCL7HCVP6UPS7VZQA.png 992w,https:\/\/www.infobae.com\/new-resizer\/FokVJrsz2blIxNWzi6dw3H7_hJw=\/1200x675\/filters:format(webp):quality(85)\/cloudfront-us-east-1.images.arcpublishing.com\/infobae\/3CFJBPXT3BCL7HCVP6UPS7VZQA.png 1200w,https:\/\/www.infobae.com\/new-resizer\/1OeF4gj1-dBmHqPvRj-V03DNe9g=\/1440x810\/filters:format(webp):quality(85)\/cloudfront-us-east-1.images.arcpublishing.com\/infobae\/3CFJBPXT3BCL7HCVP6UPS7VZQA.png 1440w\" alt=\"Carolina Yuste recibi\u00f3 el premio por Laia Costa, quien no pudo estar presente\" width=\"852\" height=\"480\" data-src=\"https:\/\/www.infobae.com\/new-resizer\/h5KtXpUouuUCljXgf8Jj6DUh5zQ=\/420x236\/filters:format(webp):quality(85)\/cloudfront-us-east-1.images.arcpublishing.com\/infobae\/3CFJBPXT3BCL7HCVP6UPS7VZQA.png 420w\" \/>Carolina Yuste recibi\u00f3 el premio por Laia Costa, quien no pudo estar presente<\/div>\n<p class=\"paragraph\" data-mrf-recirculation=\"Links inline\">Por motivos profesionales Laia Costa no pudo estar presente, sin embargo su amiga, Carolina Yuste. \u201cElla agradec\u00eda mucho este premio, poder compartir el arte con todas las personas que est\u00e1n aqu\u00ed. Me uno a Juan Antonio Bayona a dar todo mi apoyo al cien argentino. Como un pa\u00eds luchamos \u2018juntes\u2019\u201d, dijo la actriz.<\/p>\n<p class=\"paragraph\" data-mrf-recirculation=\"Links inline\"><b>Mejor miniserie o teleserie cinematogr\u00e1fica iberoamericana:\u00a0<\/b><i><b>Barrabrava\u00a0<\/b><\/i><b>(Argentina, Uruguay)<\/b><\/p>\n<div class=\"visual__image\"><img loading=\"lazy\" decoding=\"async\" class=\"\" src=\"https:\/\/www.infobae.com\/new-resizer\/mHba1LCGdWHxALNBPvkXR9F0c9E=\/420x236\/filters:format(webp):quality(85)\/cloudfront-us-east-1.images.arcpublishing.com\/infobae\/C2KX474OTVGPJIP3WASA6JDWZQ.png%20420w\" sizes=\"auto, (min-width: 1560px) 856px, (min-width: 1000px) calc(74.63vw - 293px), (min-width: 780px) calc(100vw - 376px), (min-width: 580px) calc(100vw - 32px), 100vw\" srcset=\"https:\/\/www.infobae.com\/new-resizer\/mHba1LCGdWHxALNBPvkXR9F0c9E=\/420x236\/filters:format(webp):quality(85)\/cloudfront-us-east-1.images.arcpublishing.com\/infobae\/C2KX474OTVGPJIP3WASA6JDWZQ.png 420w,https:\/\/www.infobae.com\/new-resizer\/HzxjlyZ-aMRFdKjX87UwTOoIPHQ=\/768x432\/filters:format(webp):quality(85)\/cloudfront-us-east-1.images.arcpublishing.com\/infobae\/C2KX474OTVGPJIP3WASA6JDWZQ.png 768w,https:\/\/www.infobae.com\/new-resizer\/5vsGmVwR3W_KpKYmPE_pAdxFZpA=\/992x558\/filters:format(webp):quality(85)\/cloudfront-us-east-1.images.arcpublishing.com\/infobae\/C2KX474OTVGPJIP3WASA6JDWZQ.png 992w,https:\/\/www.infobae.com\/new-resizer\/i2RVQbLRvZA-G43B7hDFLmQle0E=\/1200x675\/filters:format(webp):quality(85)\/cloudfront-us-east-1.images.arcpublishing.com\/infobae\/C2KX474OTVGPJIP3WASA6JDWZQ.png 1200w,https:\/\/www.infobae.com\/new-resizer\/SzxjbnlpfMme5F0lOuWDsWtW2GM=\/1440x810\/filters:format(webp):quality(85)\/cloudfront-us-east-1.images.arcpublishing.com\/infobae\/C2KX474OTVGPJIP3WASA6JDWZQ.png 1440w\" alt=\"Santiago L\u00f3pez, productor ejecutivo de Barrabrava, al recibir el premio por Mejor miniserie o teleserie cinematogr\u00e1fica iberoamericana\" width=\"852\" height=\"480\" data-src=\"https:\/\/www.infobae.com\/new-resizer\/mHba1LCGdWHxALNBPvkXR9F0c9E=\/420x236\/filters:format(webp):quality(85)\/cloudfront-us-east-1.images.arcpublishing.com\/infobae\/C2KX474OTVGPJIP3WASA6JDWZQ.png 420w\" \/>Santiago L\u00f3pez, productor ejecutivo de Barrabrava, al recibir el premio por Mejor miniserie o teleserie cinematogr\u00e1fica iberoamericana<\/div>\n<p class=\"paragraph\" data-mrf-recirculation=\"Links inline\">Con mucho \u00e9nfasis y alegr\u00eda, el equipo de la miniserie subi\u00f3 al escenario. \u201cNo estaba preparado para este momento. Estamos filmando la segunda temporada. Agradecer a todos los actores, al equipo t\u00e9cnico. En Uruguay logramos con muchas batallas tener pol\u00edticas p\u00fablicas que nos permiten hacer lo que estamos haciendo. Hay que estar atentos, porque hacer series y cine es una obligaci\u00f3n. La cultura es un derecho, el trabajo es una oportunidad y lo que hacemos no le saca anda a nadie y le da a mucha gente\u201d, expres\u00f3 uno de los integrantes del equipo.<\/p>\n","protected":false},"excerpt":{"rendered":"<p>La ceremonia que se realiz\u00f3 en el Teatro Gran Tlachco del parque Xcaret en Riviera Maya, M\u00e9xico, premi\u00f3 lo m\u00e1s destacado de la producci\u00f3n audiovisual de Am\u00e9rica Latina y Espa\u00f1a Este s\u00e1bado, los\u00a0Premios Platino\u00a0celebraron su XI edici\u00f3n en el Teatro Gran Tlachco del parque Xcaret en Riviera Maya, M\u00e9xico. La ceremonia destac\u00f3 lo mejor de [&hellip;]<\/p>\n","protected":false},"author":1,"featured_media":102660,"comment_status":"closed","ping_status":"closed","sticky":false,"template":"","format":"standard","meta":{"_seopress_robots_primary_cat":"","_seopress_titles_title":"","_seopress_titles_desc":"","_seopress_robots_index":"","footnotes":""},"categories":[3],"tags":[39157,39155],"class_list":{"0":"post-102659","1":"post","2":"type-post","3":"status-publish","4":"format-standard","5":"has-post-thumbnail","7":"category-cine-y-series","8":"tag-ganadores-de-los-premios-platino-2024","9":"tag-premios-platino-2024"},"_links":{"self":[{"href":"https:\/\/www.cordobatimes.com\/showup\/wp-json\/wp\/v2\/posts\/102659","targetHints":{"allow":["GET"]}}],"collection":[{"href":"https:\/\/www.cordobatimes.com\/showup\/wp-json\/wp\/v2\/posts"}],"about":[{"href":"https:\/\/www.cordobatimes.com\/showup\/wp-json\/wp\/v2\/types\/post"}],"author":[{"embeddable":true,"href":"https:\/\/www.cordobatimes.com\/showup\/wp-json\/wp\/v2\/users\/1"}],"replies":[{"embeddable":true,"href":"https:\/\/www.cordobatimes.com\/showup\/wp-json\/wp\/v2\/comments?post=102659"}],"version-history":[{"count":0,"href":"https:\/\/www.cordobatimes.com\/showup\/wp-json\/wp\/v2\/posts\/102659\/revisions"}],"wp:featuredmedia":[{"embeddable":true,"href":"https:\/\/www.cordobatimes.com\/showup\/wp-json\/wp\/v2\/media\/102660"}],"wp:attachment":[{"href":"https:\/\/www.cordobatimes.com\/showup\/wp-json\/wp\/v2\/media?parent=102659"}],"wp:term":[{"taxonomy":"category","embeddable":true,"href":"https:\/\/www.cordobatimes.com\/showup\/wp-json\/wp\/v2\/categories?post=102659"},{"taxonomy":"post_tag","embeddable":true,"href":"https:\/\/www.cordobatimes.com\/showup\/wp-json\/wp\/v2\/tags?post=102659"}],"curies":[{"name":"wp","href":"https:\/\/api.w.org\/{rel}","templated":true}]}}