{"id":102656,"date":"2024-04-21T10:32:00","date_gmt":"2024-04-21T13:32:00","guid":{"rendered":"https:\/\/www.cordobatimes.com\/showup\/?p=102656"},"modified":"2024-04-21T10:32:00","modified_gmt":"2024-04-21T13:32:00","slug":"premios-platino-2024-los-mejores-looks-de-la-alfombra-roja","status":"publish","type":"post","link":"https:\/\/www.cordobatimes.com\/showup\/moda-y-estilos\/2024\/04\/21\/premios-platino-2024-los-mejores-looks-de-la-alfombra-roja\/","title":{"rendered":"Premios Platino 2024: los mejores looks de la alfombra roja"},"content":{"rendered":"<h3><strong>El Teatro Gran Tlachco fue escenario de una nueva edici\u00f3n de los galardones iberoamericanos del cine. Las celebridades dijeron presente con sus mejores estilos<\/strong><\/h3>\n<p>La edici\u00f3n XI de los Premios Platino se presenta como una de las m\u00e1s esperadas por las estrellas latinas, ya que re\u00fane lo mejor de la producci\u00f3n audiovisual de Am\u00e9rica Latina y Espa\u00f1a. Es por eso que los mejores estilos no se quedaron afuera y dijeron presente en el Teatro Gran Tlachco del parque Xcaret en Riviera Maya, M\u00e9xico. Cada look fue especialmente preparado para la ocasi\u00f3n.<\/p>\n<div class=\"content-gallery\">\n<div class=\"article-details editor\">\n<div class=\"article-details-content\">\n<div class=\"epigraph\">\n<p>&nbsp;<\/p>\n<\/div>\n<\/div>\n<\/div>\n<div class=\"article-content\">\n<div class=\"media media-modules\">\n<div id=\"m50219-50218-50220\" class=\"main-slider slider-container \">\n<div id=\"foto-1\" class=\"slide \">\n<div class=\"slider-image-container\">\n<figure>\n<div id=\"standard_1\" class=\"st-placement standard_1 inImage\">\n<div class=\"st-adunit st-adunit-tagged st-reset st-show\"><\/div>\n<\/div>\n<p><img loading=\"lazy\" decoding=\"async\" src=\"https:\/\/imagenes.20minutos.es\/files\/image_990_auto\/uploads\/imagenes\/2024\/04\/21\/platino-2024-luisana-lopilato.jpeg\" alt=\"La actriz argentina Luisana Lopilato fue una de las invitadas que m\u00e1s sorprendi\u00f3 en la alfombra roja. Estuvo acompa\u00f1ada por el cantante Michel Bubl\u00e9, su marido\" width=\"990\" height=\"717\" data-full-src=\"https:\/\/imagenes.20minutos.es\/uploads\/imagenes\/2024\/04\/21\/platino-2024-luisana-lopilato.jpeg\" \/><\/figure>\n<\/div>\n<div class=\"article-details\">\n<div class=\"article-details-content\"><\/div>\n<\/div>\n<div class=\"photo-info\">\n<p id=\"m50497-50496-50498\" class=\"title-photo caption \"><strong>Luisana Lopilato<\/strong><\/p>\n<p id=\"m50502-50501-50503\" class=\"description \">La actriz argentina fue una de las invitadas que m\u00e1s sorprendi\u00f3 en la alfombra roja. Estuvo acompa\u00f1ada por el cantante Michel Bubl\u00e9, su marido<\/p>\n<\/div>\n<\/div>\n<div id=\"foto-2\" class=\"slide \">\n<div class=\"slider-image-container\">\n<figure><img loading=\"lazy\" decoding=\"async\" src=\"https:\/\/imagenes.20minutos.es\/files\/image_990_auto\/uploads\/imagenes\/2024\/04\/21\/premios-platino-en-cancun-mexico-7.jpeg\" alt=\"MEX5137. PLAYA DEL CARMEN (M\u00c9XICO), 20\/04\/2024.- La actriz y cantante mexicana Lizeth Selene posa durante la alfombra roja de los Premios Platino, este s\u00e1bado en Canc\u00fan (M\u00e9xico). EFE\/Alonso Cupul\" width=\"990\" height=\"660\" data-full-src=\"https:\/\/imagenes.20minutos.es\/uploads\/imagenes\/2024\/04\/21\/premios-platino-en-cancun-mexico-7.jpeg\" \/><\/figure>\n<\/div>\n<div class=\"article-details\">\n<div class=\"article-details-content\"><\/div>\n<\/div>\n<div class=\"photo-info\">\n<p id=\"m50528-50527-50529\" class=\"title-photo caption \"><strong>Lizeth Selene<\/strong><\/p>\n<p id=\"m50533-50532-50534\" class=\"description \">La actriz y cantante mexicana posa para los medios gr\u00e1ficos<\/p>\n<\/div>\n<\/div>\n<div id=\"Right1\" class=\"axds-gallery henneoHB henneoHB-Gallery-Right\" data-google-query-id=\"CPvXpses04UDFa6KlQIdUEcFXg\" data-gtm-vis-first-on-screen10872473_535=\"41099\" data-gtm-vis-total-visible-time10872473_535=\"100\" data-gtm-vis-has-fired10872473_535=\"1\">\n<div id=\"google_ads_iframe_\/34616581\/cinemania.es\/noticias\/fotogaleria\/Right1_0__container__\"><\/div>\n<\/div>\n<div id=\"foto-3\" class=\"slide \">\n<div class=\"slider-image-container\">\n<figure>\n<div id=\"standard_2\" class=\"st-placement standard_2 inImage\">\n<div class=\"st-adunit st-adunit-tagged st-reset st-show\"><\/div>\n<\/div>\n<p><img loading=\"lazy\" decoding=\"async\" src=\"https:\/\/imagenes.20minutos.es\/files\/image_990_auto\/uploads\/imagenes\/2024\/04\/21\/premios-platino-en-cancun-mexico.jpeg\" alt=\"MEX5137. PLAYA DEL CARMEN (M\u00c9XICO), 20\/04\/2024.-La actriz y modelo espa\u00f1ola Ana Mena posa durante la alfombra roja de los Premios Platino, este s\u00e1bado en Canc\u00fan (M\u00e9xico). EFE\/Alonso Cupul\" width=\"990\" height=\"1487\" data-full-src=\"https:\/\/imagenes.20minutos.es\/uploads\/imagenes\/2024\/04\/21\/premios-platino-en-cancun-mexico.jpeg\" \/><\/figure>\n<\/div>\n<div class=\"article-details\">\n<div class=\"article-details-content\"><\/div>\n<\/div>\n<div class=\"photo-info\">\n<p id=\"m50559-50558-50560\" class=\"title-photo caption \"><strong>Ana Mena<\/strong><\/p>\n<p id=\"m50564-50563-50565\" class=\"description \">La popular cantante, con su homenaje a Roc\u00edo D\u00farcal, protagoniz\u00f3 uno de los momentos musicales de los Platino 2024 desarrollados en la Riviera Maya<\/p>\n<\/div>\n<\/div>\n<div id=\"foto-4\" class=\"slide \">\n<div class=\"slider-image-container\">\n<figure><img loading=\"lazy\" decoding=\"async\" src=\"https:\/\/imagenes.20minutos.es\/files\/image_990_auto\/uploads\/imagenes\/2024\/04\/21\/premios-platino-en-cancun-mexico-12.jpeg\" alt=\"La actriz argentina, antes de recibir el galard\u00f3n honor\u00edfico de los Platino\" width=\"990\" height=\"1485\" data-full-src=\"https:\/\/imagenes.20minutos.es\/uploads\/imagenes\/2024\/04\/21\/premios-platino-en-cancun-mexico-12.jpeg\" \/><\/figure>\n<\/div>\n<div class=\"article-details\">\n<div class=\"article-details-content\"><\/div>\n<\/div>\n<div class=\"photo-info\">\n<p id=\"m50590-50589-50591\" class=\"title-photo caption \"><strong>Cecilia Roth<\/strong><\/p>\n<p id=\"m50595-50594-50596\" class=\"description \">La actriz argentina, antes de recibir el galard\u00f3n honor\u00edfico de los Platino<\/p>\n<\/div>\n<\/div>\n<div id=\"Right2\" class=\"axds-gallery henneoHB henneoHB-Gallery-Right\" data-google-query-id=\"CPzXpses04UDFa6KlQIdUEcFXg\" data-gtm-vis-first-on-screen10872473_535=\"43023\" data-gtm-vis-total-visible-time10872473_535=\"100\" data-gtm-vis-has-fired10872473_535=\"1\">\n<div id=\"google_ads_iframe_\/34616581\/cinemania.es\/noticias\/fotogaleria\/Right2_0__container__\"><\/div>\n<\/div>\n<div id=\"foto-5\" class=\"slide \">\n<div class=\"slider-image-container\">\n<figure>\n<div id=\"standard_3\" class=\"st-placement standard_3 inImage\">\n<div class=\"st-adunit st-adunit-tagged st-reset st-show\">\n<div class=\"st-adunit-ad st-reset\">\n<div class=\"st-display-render st-reset open 728x90\">\n<div class=\"st-canvas st-reset horizontal-static\"><\/div>\n<\/div>\n<\/div>\n<\/div>\n<\/div>\n<p><img loading=\"lazy\" decoding=\"async\" src=\"https:\/\/imagenes.20minutos.es\/files\/image_990_auto\/uploads\/imagenes\/2024\/04\/21\/platino-2024-enzo-vogrincic.jpeg\" alt=\"El actor uruguayo, en los momentos previos a la ceremonia en la que gan\u00f3 el Platino al mejor actor por su trabajo en 'La sociedad de la nieve'\" width=\"990\" height=\"666\" data-full-src=\"https:\/\/imagenes.20minutos.es\/uploads\/imagenes\/2024\/04\/21\/platino-2024-enzo-vogrincic.jpeg\" \/><\/figure>\n<\/div>\n<div class=\"article-details\">\n<div class=\"article-details-content\"><\/div>\n<\/div>\n<div class=\"photo-info\">\n<p id=\"m50621-50620-50622\" class=\"title-photo caption \"><strong>Enzo Vogrincic<\/strong><\/p>\n<p id=\"m50626-50625-50627\" class=\"description \">El actor uruguayo, en los momentos previos a la ceremonia en la que gan\u00f3 el Platino al mejor actor por su trabajo en &#8216;La sociedad de la nieve&#8217;<\/p>\n<\/div>\n<\/div>\n<div id=\"foto-6\" class=\"slide \">\n<div class=\"slider-image-container\">\n<figure><img loading=\"lazy\" decoding=\"async\" src=\"https:\/\/imagenes.20minutos.es\/files\/image_990_auto\/uploads\/imagenes\/2024\/04\/21\/premios-platino-en-cancun-mexico-14.jpeg\" alt=\"La actriz, nominada en los Platino por su estupendo trabajo en 'Saben aquell'\" width=\"990\" height=\"1485\" data-full-src=\"https:\/\/imagenes.20minutos.es\/uploads\/imagenes\/2024\/04\/21\/premios-platino-en-cancun-mexico-14.jpeg\" \/><\/figure>\n<\/div>\n<div class=\"article-details\">\n<div class=\"article-details-content\"><\/div>\n<\/div>\n<div class=\"photo-info\">\n<p id=\"m50652-50651-50653\" class=\"title-photo caption \"><strong>Carolina Yuste<\/strong><\/p>\n<p id=\"m50657-50656-50658\" class=\"description \">La actriz, nominada en los Platino por su estupendo trabajo en &#8216;Saben aquell&#8217;<\/p>\n<\/div>\n<\/div>\n<div id=\"Right3\" class=\"axds-gallery henneoHB henneoHB-Gallery-Right\" data-google-query-id=\"CP3Xpses04UDFa6KlQIdUEcFXg\" data-gtm-vis-first-on-screen10872473_535=\"44579\" data-gtm-vis-total-visible-time10872473_535=\"100\" data-gtm-vis-has-fired10872473_535=\"1\">\n<div id=\"google_ads_iframe_\/34616581\/cinemania.es\/noticias\/fotogaleria\/Right3_0__container__\"><\/div>\n<\/div>\n<div id=\"foto-7\" class=\"slide \">\n<div class=\"slider-image-container\">\n<figure>\n<div id=\"standard_4\" class=\"st-placement standard_4 inImage\">\n<div class=\"st-adunit st-adunit-tagged st-reset st-show\"><\/div>\n<\/div>\n<p><img loading=\"lazy\" decoding=\"async\" src=\"https:\/\/imagenes.20minutos.es\/files\/image_990_auto\/uploads\/imagenes\/2024\/04\/21\/premios-platino-en-cancun-mexico-10.jpeg\" alt=\"MEX5137. PLAYA DEL CARMEN (M\u00c9XICO), 20\/04\/2024.- El actor y cantante argentino Juan Ignacio Caruso posa durante la alfombra roja de los Premios Platino, este s\u00e1bado en Canc\u00fan (M\u00e9xico). EFE\/Alonso Cupul\" width=\"990\" height=\"660\" data-full-src=\"https:\/\/imagenes.20minutos.es\/uploads\/imagenes\/2024\/04\/21\/premios-platino-en-cancun-mexico-10.jpeg\" \/><\/figure>\n<\/div>\n<div class=\"article-details\">\n<div class=\"article-details-content\"><\/div>\n<\/div>\n<div class=\"photo-info\">\n<p id=\"m50683-50682-50684\" class=\"title-photo caption \"><strong>Juan Ignacio Caruso<\/strong><\/p>\n<p id=\"m50688-50687-50689\" class=\"description \">El actor y cantante argentino, otro de los rostros de &#8216;La sociedad de la nieve&#8217; en la alfombra roja mexicana<\/p>\n<\/div>\n<\/div>\n<div id=\"foto-8\" class=\"slide \">\n<div class=\"slider-image-container\">\n<figure><img loading=\"lazy\" decoding=\"async\" src=\"https:\/\/imagenes.20minutos.es\/files\/image_990_auto\/uploads\/imagenes\/2024\/04\/21\/premios-platino-en-cancun-mexico-21.jpeg\" alt=\"MEX5137. PLAYA DEL CARMEN (M\u00c9XICO), 20\/04\/2024.- La actriz y modelo mexicana Mar\u00eda Esmeralda Pimentel posa durante la alfombra roja de los Premios Platino, este s\u00e1bado en Canc\u00fan (M\u00e9xico). EFE\/Alonso Cupul\n\" width=\"990\" height=\"1485\" data-full-src=\"https:\/\/imagenes.20minutos.es\/uploads\/imagenes\/2024\/04\/21\/premios-platino-en-cancun-mexico-21.jpeg\" \/><\/figure>\n<\/div>\n<div class=\"article-details\">\n<div class=\"article-details-content\"><\/div>\n<\/div>\n<div class=\"photo-info\">\n<p id=\"m50714-50713-50715\" class=\"title-photo caption \"><strong>Esmeralda Pimentel<\/strong><\/p>\n<p id=\"m50719-50718-50720\" class=\"description \">La actriz y modelo mexicana present\u00f3 la gala de los Platino 2024 junto a M\u00e1jida Issa<\/p>\n<\/div>\n<\/div>\n<div id=\"Right1__1\" class=\"axds-gallery henneoHB henneoHB-Gallery-Right\" data-google-query-id=\"COi-hd2s04UDFUSilQIdpj0GDQ\" data-gtm-vis-first-on-screen10872473_535=\"134188\" data-gtm-vis-total-visible-time10872473_535=\"100\" data-gtm-vis-has-fired10872473_535=\"1\">\n<div id=\"google_ads_iframe_\/34616581\/cinemania.es\/noticias\/fotogaleria\/Right1_1__container__\"><\/div>\n<\/div>\n<div id=\"foto-9\" class=\"slide \">\n<div class=\"slider-image-container\">\n<figure>\n<div id=\"standard_5\" class=\"st-placement standard_5 inImage\">\n<div class=\"st-adunit st-adunit-tagged st-reset st-show\"><\/div>\n<\/div>\n<p><img loading=\"lazy\" decoding=\"async\" src=\"https:\/\/imagenes.20minutos.es\/files\/image_990_auto\/uploads\/imagenes\/2024\/04\/21\/premios-platino-en-cancun-mexico-11.jpeg\" alt=\"La actriz y guionista, conocida por sus aportaciones a la saga 'Padre no hay m\u00e1s que no', en los Platino 2024\" width=\"990\" height=\"1482\" data-full-src=\"https:\/\/imagenes.20minutos.es\/uploads\/imagenes\/2024\/04\/21\/premios-platino-en-cancun-mexico-11.jpeg\" \/><\/figure>\n<\/div>\n<div class=\"article-details\">\n<div class=\"article-details-content\"><\/div>\n<\/div>\n<div class=\"photo-info\">\n<p id=\"m50745-50744-50746\" class=\"title-photo caption \"><strong>Marta Gonz\u00e1lez de Vega<\/strong><\/p>\n<p id=\"m50750-50749-50751\" class=\"description \">La actriz y guionista, conocida por sus aportaciones a la saga &#8216;Padre no hay m\u00e1s que no&#8217;, en los Platino 2024<\/p>\n<\/div>\n<\/div>\n<div id=\"foto-10\" class=\"slide \">\n<div class=\"slider-image-container\">\n<figure><img loading=\"lazy\" decoding=\"async\" src=\"https:\/\/imagenes.20minutos.es\/files\/image_990_auto\/uploads\/imagenes\/2024\/04\/21\/premios-platino-en-cancun-mexico-8.jpeg\" alt=\"MEX5137. PLAYA DEL CARMEN (M\u00c9XICO), 20\/04\/2024.- Los cantantes espa\u00f1oles Ana Guerra y V\u00edctor Elias posan durante la alfombra roja de los Premios Platino, este s\u00e1bado en Canc\u00fan (M\u00e9xico). EFE\/Alonso Cupul\" width=\"990\" height=\"1299\" data-full-src=\"https:\/\/imagenes.20minutos.es\/uploads\/imagenes\/2024\/04\/21\/premios-platino-en-cancun-mexico-8.jpeg\" \/><\/figure>\n<\/div>\n<div class=\"article-details\">\n<div class=\"article-details-content\"><\/div>\n<\/div>\n<div class=\"photo-info\">\n<h3 id=\"m50776-50775-50777\" class=\"title-photo caption \"><strong>Ana Guerra y V\u00edctor El\u00edas<\/strong><\/h3>\n<p id=\"m50781-50780-50782\" class=\"description \">La cantante y el m\u00fasico (antiguo rostro de la m\u00edtica &#8216;Los Serrano&#8217;), una de las parejas en la alfombra roja de los Platino.<\/p>\n<\/div>\n<\/div>\n<div id=\"Right2__1\" class=\"axds-gallery henneoHB henneoHB-Gallery-Right\" data-gtm-vis-first-on-screen10872473_535=\"50672\" data-gtm-vis-total-visible-time10872473_535=\"100\" data-gtm-vis-has-fired10872473_535=\"1\" data-google-query-id=\"COm-hd2s04UDFUSilQIdpj0GDQ\">\n<div id=\"google_ads_iframe_\/34616581\/cinemania.es\/noticias\/fotogaleria\/Right2_1__container__\"><\/div>\n<\/div>\n<div id=\"foto-11\" class=\"slide \">\n<div class=\"slider-image-container\">\n<figure>\n<div id=\"standard_6\" class=\"st-placement standard_6 inImage\">\n<div class=\"st-adunit st-adunit-tagged st-reset st-show\"><\/div>\n<\/div>\n<p><img loading=\"lazy\" decoding=\"async\" src=\"https:\/\/imagenes.20minutos.es\/files\/image_990_auto\/uploads\/imagenes\/2024\/04\/21\/premios-platino-en-cancun-mexico-9.jpeg\" alt=\"MEX5137. PLAYA DEL CARMEN (M\u00c9XICO), 20\/04\/2024.- El actriz ucraniana Anna Layevska posa durante la alfombra roja de los Premios Platino, este s\u00e1bado en Canc\u00fan (M\u00e9xico). EFE\/Alonso Cupul\" width=\"990\" height=\"1404\" data-full-src=\"https:\/\/imagenes.20minutos.es\/uploads\/imagenes\/2024\/04\/21\/premios-platino-en-cancun-mexico-9.jpeg\" \/><\/figure>\n<\/div>\n<div class=\"article-details\">\n<div class=\"article-details-content\"><\/div>\n<\/div>\n<div class=\"photo-info\">\n<p id=\"m50807-50806-50808\" class=\"title-photo caption \"><strong>Anna Layevska<\/strong><\/p>\n<p id=\"m50812-50811-50813\" class=\"description \">La actriz ucraniana Anna Layevska, rostro de la industria mexicana, en la aflombra roja<\/p>\n<\/div>\n<\/div>\n<div id=\"foto-12\" class=\"slide \">\n<div class=\"slider-image-container\">\n<figure><img loading=\"lazy\" decoding=\"async\" src=\"https:\/\/imagenes.20minutos.es\/files\/image_990_auto\/uploads\/imagenes\/2024\/04\/21\/las-estrellas-del-cine-iberoamericano-llegan-a-la-gala-de-los-premios-platino-en-cancun.jpeg\" alt=\"El actor espa\u00f1ol llam\u00f3 la atenci\u00f3n por su elecci\u00f3n para la alfombra roja\" width=\"990\" height=\"1487\" data-full-src=\"https:\/\/imagenes.20minutos.es\/uploads\/imagenes\/2024\/04\/21\/las-estrellas-del-cine-iberoamericano-llegan-a-la-gala-de-los-premios-platino-en-cancun.jpeg\" \/><\/figure>\n<\/div>\n<div class=\"article-details\">\n<div class=\"article-details-content\"><\/div>\n<\/div>\n<div class=\"photo-info\">\n<p id=\"m50838-50837-50839\" class=\"title-photo caption \"><strong>Marc Clotet<\/strong><\/p>\n<p id=\"m50843-50842-50844\" class=\"description \">El actor espa\u00f1ol llam\u00f3 la atenci\u00f3n por su elecci\u00f3n para la alfombra roja<\/p>\n<\/div>\n<\/div>\n<div id=\"Right3__1\" class=\"axds-gallery henneoHB henneoHB-Gallery-Right\" data-gtm-vis-first-on-screen10872473_535=\"53381\" data-gtm-vis-total-visible-time10872473_535=\"100\" data-gtm-vis-has-fired10872473_535=\"1\" data-google-query-id=\"COq-hd2s04UDFUSilQIdpj0GDQ\">\n<div id=\"google_ads_iframe_\/34616581\/cinemania.es\/noticias\/fotogaleria\/Right3_1__container__\"><\/div>\n<\/div>\n<div id=\"foto-13\" class=\"slide \">\n<div class=\"slider-image-container\">\n<figure><img loading=\"lazy\" decoding=\"async\" src=\"https:\/\/imagenes.20minutos.es\/files\/image_990_auto\/uploads\/imagenes\/2024\/04\/21\/platino-2024-mar-saura.jpeg\" alt=\"Mar Saura, elegante como acostumbra, estuvo en los Premios Platino desarrollados en Canc\u00fan\" width=\"990\" height=\"1484\" data-full-src=\"https:\/\/imagenes.20minutos.es\/uploads\/imagenes\/2024\/04\/21\/platino-2024-mar-saura.jpeg\" \/><\/figure>\n<\/div>\n<div class=\"article-details\">\n<div class=\"article-details-content\"><\/div>\n<\/div>\n<div class=\"photo-info\">\n<p id=\"m50869-50868-50870\" class=\"title-photo caption \"><strong>Mar Saura<\/strong><\/p>\n<p id=\"m50874-50873-50875\" class=\"description \">La presentadora espa\u00f1ola, elegante como acostumbra, estuvo en los Premios Platino desarrollados en Canc\u00fan<\/p>\n<\/div>\n<\/div>\n<div id=\"foto-14\" class=\"slide \">\n<div class=\"slider-image-container\">\n<figure><img loading=\"lazy\" decoding=\"async\" src=\"https:\/\/imagenes.20minutos.es\/files\/image_990_auto\/uploads\/imagenes\/2024\/04\/21\/premios-platino-en-cancun-mexico-13.jpeg\" alt=\"La cantante mexicana saluda y posa en la alfombra roja de la gala\" width=\"990\" height=\"1485\" data-full-src=\"https:\/\/imagenes.20minutos.es\/uploads\/imagenes\/2024\/04\/21\/premios-platino-en-cancun-mexico-13.jpeg\" \/><\/figure>\n<\/div>\n<div class=\"article-details\">\n<div class=\"article-details-content\"><\/div>\n<\/div>\n<div class=\"photo-info\">\n<p id=\"m50900-50899-50901\" class=\"title-photo caption \"><strong>\u00c1ngela Aguilar<\/strong><\/p>\n<p id=\"m50905-50904-50906\" class=\"description \">La cantante mexicana, que actu\u00f3 en la gala, saluda y posa en la alfombra roja<\/p>\n<\/div>\n<\/div>\n<div id=\"Right1__2\" class=\"axds-gallery henneoHB henneoHB-Gallery-Right\" data-gtm-vis-first-on-screen10872473_535=\"57418\" data-gtm-vis-total-visible-time10872473_535=\"100\" data-gtm-vis-has-fired10872473_535=\"1\" data-google-query-id=\"CKiGzN-s04UDFf9LuAQd3qADMw\">\n<div id=\"google_ads_iframe_\/34616581\/cinemania.es\/noticias\/fotogaleria\/Right1_2__container__\"><\/div>\n<\/div>\n<div id=\"foto-15\" class=\"slide \">\n<div class=\"slider-image-container\">\n<figure><img loading=\"lazy\" decoding=\"async\" src=\"https:\/\/imagenes.20minutos.es\/files\/image_990_auto\/uploads\/imagenes\/2024\/04\/21\/premios-platino-en-cancun-mexico-4.jpeg\" alt=\"MEX5137. PLAYA DEL CARMEN (M\u00c9XICO), 20\/04\/2024.- La actriz y presentadora venezolana Gaby Espino posa durante la alfombra roja de los Premios Platino, este s\u00e1bado en Canc\u00fan (M\u00e9xico). EFE\/Alonso Cupul\" width=\"990\" height=\"660\" data-full-src=\"https:\/\/imagenes.20minutos.es\/uploads\/imagenes\/2024\/04\/21\/premios-platino-en-cancun-mexico-4.jpeg\" \/><\/figure>\n<\/div>\n<div class=\"article-details\">\n<div class=\"article-details-content\"><\/div>\n<\/div>\n<div class=\"photo-info\">\n<p id=\"m50931-50930-50932\" class=\"title-photo caption \"><strong>Gaby Espino<\/strong><\/p>\n<p id=\"m50936-50935-50937\" class=\"description \">La actriz y presentadora venezolana Gaby Espino, en la alfombra roja.<\/p>\n<\/div>\n<\/div>\n<div id=\"foto-16\" class=\"slide \">\n<div class=\"slider-image-container\">\n<figure><img loading=\"lazy\" decoding=\"async\" src=\"https:\/\/imagenes.20minutos.es\/files\/image_990_auto\/uploads\/imagenes\/2024\/04\/21\/premios-platino-en-cancun-mexico-6.jpeg\" alt=\"MEX5137. PLAYA DEL CARMEN (M\u00c9XICO), 20\/04\/2024.-La actriz espa\u00f1ola Luz M\u00e9ndez posa durante la alfombra roja de los Premios Platino, este s\u00e1bado en Canc\u00fan (M\u00e9xico). EFE\/Alonso Cupul\" width=\"990\" height=\"660\" data-full-src=\"https:\/\/imagenes.20minutos.es\/uploads\/imagenes\/2024\/04\/21\/premios-platino-en-cancun-mexico-6.jpeg\" \/><\/figure>\n<\/div>\n<div class=\"article-details\">\n<div class=\"article-details-content\"><\/div>\n<\/div>\n<div class=\"photo-info\">\n<p id=\"m50962-50961-50963\" class=\"title-photo caption \"><strong>Luz M\u00e9ndez<\/strong><\/p>\n<p id=\"m50967-50966-50968\" class=\"description \">La actriz espa\u00f1ola, novia de Brahim, en los Platino<\/p>\n<\/div>\n<\/div>\n<div id=\"Right2__2\" class=\"axds-gallery henneoHB henneoHB-Gallery-Right\" data-gtm-vis-first-on-screen10872473_535=\"58198\" data-gtm-vis-total-visible-time10872473_535=\"100\" data-gtm-vis-has-fired10872473_535=\"1\" data-google-query-id=\"CKmGzN-s04UDFf9LuAQd3qADMw\">\n<div id=\"google_ads_iframe_\/34616581\/cinemania.es\/noticias\/fotogaleria\/Right2_2__container__\"><\/div>\n<\/div>\n<div id=\"foto-17\" class=\"slide \">\n<div class=\"slider-image-container\">\n<figure><img loading=\"lazy\" decoding=\"async\" src=\"https:\/\/imagenes.20minutos.es\/files\/image_990_auto\/uploads\/imagenes\/2024\/04\/21\/premios-platino-en-cancun-mexico-5.jpeg\" alt=\"MEX5137. PLAYA DEL CARMEN (M\u00c9XICO), 20\/04\/2024.- La conductora mexicana Galilea Montijo posa durante la alfombra roja de los Premios Platino, este s\u00e1bado en Canc\u00fan (M\u00e9xico). EFE\/Alonso Cupul\" width=\"990\" height=\"1496\" data-full-src=\"https:\/\/imagenes.20minutos.es\/uploads\/imagenes\/2024\/04\/21\/premios-platino-en-cancun-mexico-5.jpeg\" \/><\/figure>\n<\/div>\n<div class=\"article-details\">\n<div class=\"article-details-content\"><\/div>\n<\/div>\n<div class=\"photo-info\">\n<p id=\"m50993-50992-50994\" class=\"title-photo caption \"><strong>Galilea Montijo<\/strong><\/p>\n<p id=\"m50998-50997-50999\" class=\"description \">La presentadora mexicana, en la alfombra roja de los galardones celebrados en su pa\u00eds en esta und\u00e9cima edici\u00f3n<\/p>\n<\/div>\n<\/div>\n<div id=\"foto-18\" class=\"slide \">\n<div class=\"slider-image-container\">\n<figure><img loading=\"lazy\" decoding=\"async\" src=\"https:\/\/imagenes.20minutos.es\/files\/image_990_auto\/uploads\/imagenes\/2024\/04\/21\/premios-platino-en-cancun-mexico-15.jpeg\" alt=\"La actriz y cantante argentina, en los Platino\" width=\"990\" height=\"1485\" data-full-src=\"https:\/\/imagenes.20minutos.es\/uploads\/imagenes\/2024\/04\/21\/premios-platino-en-cancun-mexico-15.jpeg\" \/><\/figure>\n<\/div>\n<div class=\"article-details\">\n<div class=\"article-details-content\"><\/div>\n<\/div>\n<div class=\"photo-info\">\n<p id=\"m51024-51023-51025\" class=\"title-photo caption \"><strong>Minerva Casero<\/strong><\/p>\n<p id=\"m51029-51028-51030\" class=\"description \">La actriz y cantante argentina, en los Platino<\/p>\n<\/div>\n<\/div>\n<div id=\"Right3__2\" class=\"axds-gallery henneoHB henneoHB-Gallery-Right\" data-google-query-id=\"CKqGzN-s04UDFf9LuAQd3qADMw\" data-gtm-vis-first-on-screen10872473_535=\"61508\" data-gtm-vis-total-visible-time10872473_535=\"100\" data-gtm-vis-has-fired10872473_535=\"1\">\n<div id=\"google_ads_iframe_\/34616581\/cinemania.es\/noticias\/fotogaleria\/Right3_2__container__\"><\/div>\n<\/div>\n<div id=\"foto-19\" class=\"slide \">\n<div class=\"slider-image-container\">\n<figure><img loading=\"lazy\" decoding=\"async\" src=\"https:\/\/imagenes.20minutos.es\/files\/image_990_auto\/uploads\/imagenes\/2024\/04\/21\/premios-platino-en-cancun-mexico-1.jpeg\" alt=\"MEX5137. PLAYA DEL CARMEN (M\u00c9XICO), 20\/04\/2024.- Las creadoras de contenido colombianas Calle (i) y Poche posa durante la alfombra roja de los Premios Platino, este s\u00e1bado en Canc\u00fan (M\u00e9xico). EFE\/Alonso Cupul\" width=\"990\" height=\"660\" data-full-src=\"https:\/\/imagenes.20minutos.es\/uploads\/imagenes\/2024\/04\/21\/premios-platino-en-cancun-mexico-1.jpeg\" \/><\/figure>\n<\/div>\n<div class=\"article-details\">\n<div class=\"article-details-content\"><\/div>\n<\/div>\n<div class=\"photo-info\">\n<p id=\"m51055-51054-51056\" class=\"title-photo caption \"><strong>Calle y Poche<\/strong><\/p>\n<p id=\"m51060-51059-51061\" class=\"description \">Las alfombras rojas tambi\u00e9n se han convertido en espacio de influencers. A los Platino asistieron, por ejemplo, las creadoras de contenido colombianas Calle (a la izquierda) y Poche<\/p>\n<p><span id=\"m51065-51064-51066\" class=\"credits \"><\/span><\/div>\n<\/div>\n<div id=\"foto-20\" class=\"slide \">\n<div class=\"slider-image-container\">\n<figure><img loading=\"lazy\" decoding=\"async\" src=\"https:\/\/imagenes.20minutos.es\/files\/image_990_auto\/uploads\/imagenes\/2024\/04\/21\/premios-platino-en-cancun-mexico-3.jpeg\" alt=\"MEX5137. PLAYA DEL CARMEN (M\u00c9XICO), 20\/04\/2024.- La actriz espa\u00f1ola Mina Serrano posa durante la alfombra roja de los Premios Platino, este s\u00e1bado en Canc\u00fan (M\u00e9xico). EFE\/Alonso Cupul\" width=\"990\" height=\"660\" data-full-src=\"https:\/\/imagenes.20minutos.es\/uploads\/imagenes\/2024\/04\/21\/premios-platino-en-cancun-mexico-3.jpeg\" \/><\/figure>\n<\/div>\n<div class=\"article-details\">\n<div class=\"article-details-content\"><\/div>\n<\/div>\n<div class=\"photo-info\"><\/div>\n<\/div>\n<div id=\"foto-21\" class=\"slide \">\n<div class=\"slider-image-container\">\n<figure>\n<p id=\"m92606-92605-92607\" class=\"title-photo caption \"><strong>Mina Serrano<\/strong><\/p>\n<p id=\"m92611-92610-92612\" class=\"description \">La artista granadina estuvo presente en los Platino<\/p>\n<\/figure>\n<\/div>\n<div class=\"article-details\">\n<div class=\"article-details-content\"><\/div>\n<\/div>\n<\/div>\n<\/div>\n<\/div>\n<\/div>\n<\/div>\n<div class=\"taboola_container trk-relacionada-bottom-taboola\" data-mrf-recirculation=\"Articulo - Taboola Bottom\" data-gtm-vis-first-on-screen10872473_688=\"64875\" data-gtm-vis-total-visible-time10872473_688=\"100\" data-gtm-vis-has-fired10872473_688=\"1\" data-gtm-vis-first-on-screen10872473_541=\"64878\" data-gtm-vis-total-visible-time10872473_541=\"100\" data-gtm-vis-has-fired10872473_541=\"1\">\n<div id=\"taboola-below-article-thumbnail_1\" class=\" trc_related_container trc_spotlight_widget tbl-feed-container tbl-feed-frame-DIVIDER  render-late-effect\" data-feed-container-num=\"1\" data-feed-main-container-id=\"taboola-below-article-thumbnail_1\" data-parent-placement-name=\"taboola-below-article-thumbnail\" data-pub-lang=\"es\" data-gtm-vis-first-on-screen10872473_552=\"64877\" data-gtm-vis-recent-on-screen10872473_552=\"148684\" data-gtm-vis-total-visible-time10872473_552=\"100\" data-gtm-vis-has-fired10872473_552=\"1\">\n<div class=\" tbl-feed-header tbl-logo-right-position\" data-mrf-recirculation=\"Articulo - Logo Taboola\">\n<div class=\"tbl-feed-header-logo\"><\/div>\n<\/div>\n<div id=\"taboola-below-article-thumbnail_1-pl1\" class=\" trc_related_container trc_spotlight_widget trc_elastic trc_elastic_thumbs-feed-01-delta  tbl-feed-card  tbl-feed-card \" data-card-index=\"1\" data-batch-num=\"1\" data-placement-name=\"taboola-below-article-thumbnail | Card 1\">\n<div class=\"trc_rbox_container\">\n<div>\n<div id=\"trc_wrapper_18589\" class=\"trc_rbox thumbs-feed-01-delta trc-content-sponsored \">\n<div id=\"outer_18589\" class=\"trc_rbox_outer\">\n<div id=\"rbox-t2v\" class=\"trc_rbox_div trc_rbox_border_elm\">\n<div id=\"internal_trc_18589\">\n<div class=\"videoCube trc_spotlight_item origin-undefined thumbnail_top syndicatedItem textItem videoCube_1_child trc-first-recommendation trc-spotlight-first-recommendation  trc_excludable \" data-item-id=\"~~V1~~4788813352169555771~~gLoWh4mRTKPbY9T-nIeh_GdiyYGHd1UtzkwuIrIwqfu4prb-u6kv0jSS_HVdW5-63aoogmtI0n8idYo9N9hyDOLxD3GvAJFX3VOIPfQmIudqgln13KBn0magKFnOple8hsv_fIH4jFpV4ukFmRrjE5xL3AobZqs9TnVB2g8m5w-gXlUhNqAfdM-bgtUzhtCbq5mwrb-sGyqzM6Vtb7-Wog\" data-item-title=\"Conoce el \u00fanico hotel con vistas a una de las Siete Maravillas Naturales del mundo\" data-item-thumb=\"http:\/\/cdn.taboola.com\/libtrc\/static\/thumbnails\/78658d797ee6351400fc28d7b00f423e.jpg\" data-item-syndicated=\"true\"><\/div>\n<\/div>\n<\/div>\n<\/div>\n<\/div>\n<\/div>\n<\/div>\n<\/div>\n<div id=\"taboola-below-article-thumbnail_1-pl2\" class=\" trc_related_container trc_spotlight_widget trc_elastic trc_elastic_thumbs-feed-01-a-delta  tbl-feed-card  tbl-feed-card \" data-card-index=\"2\" data-batch-num=\"1\" data-placement-name=\"taboola-below-article-thumbnail | Card 2\">\n<div class=\"trc_rbox_container\">\n<div>\n<div id=\"trc_wrapper_35045\" class=\"trc_rbox thumbs-feed-01-a-delta trc-content-sponsored \">\n<div id=\"outer_35045\" class=\"trc_rbox_outer\">\n<div id=\"rbox-t2v\" class=\"trc_rbox_div trc_rbox_border_elm\">\n<div id=\"internal_trc_35045\">\n<div class=\"videoCube trc_spotlight_item origin-default thumbnail_top syndicatedItem photoItem videoCube_2_child trc_excludable \" data-item-id=\"~~V1~~5844821980942989817~~FqP0rOCZ1QtjVZ2C5IyGkSPtF_4nvJyPCfs7QaQRKodyNpbgedRdYuhjTdtdbeHkNIEvkzBokI1C4Kj5PwISifEjFnInVV_5X-ZF8pPHYMBv5blvG6mJJlRE4-1X7EIrWmQX4Pw0CU2ubOQjZ2gHS_mDIhCreX2gYPy11UC2511jY_vJujClyqWEf7KKKAEb\" data-item-title=\"Datos sobre Cleopatra revelados por cient\u00edficos que te dejar\u00e1n sin palabras\" data-item-thumb=\"https:\/\/i0.wp.com\/imgs.hipertextual.com\/wp-content\/uploads\/2019\/01\/hipertextual-ciencia-cleopatra-2019399493.jpg?fit=2509%2C1669&amp;quality=50&amp;strip=all&amp;ssl=1\" data-item-syndicated=\"true\">\n<div class=\" trc_user_exclude_btn \" title=\"Quitar este anuncio\"><\/div>\n<div class=\" trc_exclude_overlay trc_fade \"><\/div>\n<div class=\" trc_undo_btn \"><\/div>\n<\/div>\n<\/div>\n<\/div>\n<\/div>\n<div class=\"trc_clearer\"><\/div>\n<\/div>\n<\/div>\n<\/div>\n<\/div>\n<div id=\"taboola-below-article-thumbnail_1-pl3\" class=\" trc_related_container trc_spotlight_widget trc_elastic trc_elastic_thumbs-feed-01-delta  tbl-feed-card  tbl-feed-card \" data-card-index=\"3\" data-batch-num=\"1\" data-placement-name=\"taboola-below-article-thumbnail | Card 3\">\n<div class=\"trc_rbox_container\">\n<div>\n<div id=\"trc_wrapper_26365\" class=\"trc_rbox thumbs-feed-01-delta trc-content-sponsored \">\n<div id=\"outer_26365\" class=\"trc_rbox_outer\">\n<div id=\"rbox-t2v\" class=\"trc_rbox_div trc_rbox_border_elm\">\n<div id=\"internal_trc_26365\">\n<div class=\"videoCube trc_spotlight_item origin-undefined thumbnail_top syndicatedItem photoItem videoCube_1_child trc-first-recommendation trc-spotlight-first-recommendation  trc_excludable \" data-item-id=\"~~V1~~1490496679519645109~~sewmH3m-nUoaAVFqwmWfLW7X5kPw6xHa2gsle86oSiZw6cLzOYgYTH58zK8cIqqS0Idh6dJthTmq6q0FKGyk5W-FNr82_BrITR7ORKAe1gcpr43AfzWL_nA_cXmQwbOHoOYrrepJiBe0ikQgEzRhXfmDIhCreX2gYPy11UC2511jY_vJujClyqWEf7KKKAEb\" data-item-title=\"Pel\u00edculas que son tan buenas que las han considerado literalmente perfectas\" data-item-thumb=\"http:\/\/cdn.taboola.com\/libtrc\/static\/thumbnails\/9eef958295729922628b7b78f4abbc90.jpeg\" data-item-syndicated=\"true\">\n<div class=\"thumbBlock_holder\">\n<div class=\"videoCube_aspect\"><\/div>\n<\/div>\n<div class=\" trc_user_exclude_btn \" title=\"Quitar este anuncio\"><\/div>\n<div class=\" trc_exclude_overlay trc_fade \"><\/div>\n<div class=\" trc_undo_btn \"><\/div>\n<\/div>\n<\/div>\n<\/div>\n<\/div>\n<div class=\"trc_clearer\"><\/div>\n<\/div>\n<\/div>\n<\/div>\n<\/div>\n<div id=\"taboola-below-article-thumbnail_1-pl4\" class=\" trc_related_container trc_spotlight_widget trc_elastic trc_elastic_thumbs-feed-01-a-delta  tbl-feed-card  tbl-feed-card \" data-card-index=\"4\" data-batch-num=\"1\" data-placement-name=\"taboola-below-article-thumbnail | Card 4\">\n<div class=\"trc_rbox_container\">\n<div id=\"trc_wrapper_23015\" class=\"trc_rbox thumbs-feed-01-a-delta trc-content-sponsored \">\n<div id=\"outer_23015\" class=\"trc_rbox_outer\">\n<div id=\"rbox-t2v\" class=\"trc_rbox_div trc_rbox_border_elm\">\n<div id=\"internal_trc_23015\">\n<div class=\"videoCube trc_spotlight_item origin-default thumbnail_top syndicatedItem textItem videoCube_1_child trc-first-recommendation trc-spotlight-first-recommendation  trc_excludable \" data-item-id=\"~~V1~~7648210013182890604~~WCb5czEVsk-ZKoNuVvNYUGiZAHbr74xUpm6Yf3Xh5g99_9IWyVTZYEw3zPc60dwzHu_TYvngZ3fIkOCpr71_kAqE0_yL1hRu0U20mv8_l14zIGORxmMllBM7wc392e2c9l4H6cHgWcg_K51MNy11v4ooBB7vtCYn4ICE1rw4L8gaE3iK7ebMf8nQ4vZ9kk8x4nihmyDN13ihF0TfT4aHNg\" data-item-title=\"Cruceros Ant\u00e1rtida todo incluido casi gratis (Ver ofertas)\" data-item-thumb=\"http:\/\/cdn.taboola.com\/libtrc\/static\/thumbnails\/5cf73c6d20cd676682bcda42356b033d.jpg\" data-item-syndicated=\"true\">\n<div class=\"thumbBlock_holder\">\n<div class=\"videoCube_aspect\"><\/div>\n<\/div>\n<div class=\"logoDiv link-disclosure  attribution-disclosure-link-sponsored align-disclosure-left\"><\/div>\n<div class=\" trc_user_exclude_btn \" title=\"Quitar este anuncio\"><\/div>\n<div class=\" trc_exclude_overlay trc_fade \"><\/div>\n<div class=\" trc_undo_btn \"><\/div>\n<\/div>\n<div class=\"videoCube trc_spotlight_item origin-default thumbnail_top syndicatedItem textItem videoCube_2_child trc_excludable \" data-item-id=\"~~V1~~-2980094628355845411~~biHlCAjlR18AhSTbk1remOYySP9GMF9daWBAjLoRorRyNpbgedRdYuhjTdtdbeHkOHTIagbdVbRxeb12tKsazAEC13qv6-SIpVQGcXuo7ji2A30L9tPAikoeTTZIQpeBRdbgwlJdnqyroTPEQNNEn-ZjJ_akNztDyaOSNr7hF5Y\" data-item-title=\"Las personas con dolor de rodilla y cadera tienen que leer esto\" data-item-thumb=\"http:\/\/cdn.taboola.com\/libtrc\/static\/thumbnails\/d73176bdac747aa4212dda6dab9fa510.png\" data-item-syndicated=\"true\"><\/div>\n<\/div>\n<\/div>\n<\/div>\n<\/div>\n<\/div>\n<\/div>\n<\/div>\n<\/div>\n<p>&nbsp;<\/p>\n","protected":false},"excerpt":{"rendered":"<p>El Teatro Gran Tlachco fue escenario de una nueva edici\u00f3n de los galardones iberoamericanos del cine. Las celebridades dijeron presente con sus mejores estilos La edici\u00f3n XI de los Premios Platino se presenta como una de las m\u00e1s esperadas por las estrellas latinas, ya que re\u00fane lo mejor de la producci\u00f3n audiovisual de Am\u00e9rica Latina [&hellip;]<\/p>\n","protected":false},"author":1,"featured_media":102657,"comment_status":"closed","ping_status":"closed","sticky":false,"template":"","format":"standard","meta":{"_seopress_robots_primary_cat":"","_seopress_titles_title":"","_seopress_titles_desc":"","_seopress_robots_index":"","footnotes":""},"categories":[228],"tags":[39155,39156],"class_list":{"0":"post-102656","1":"post","2":"type-post","3":"status-publish","4":"format-standard","5":"has-post-thumbnail","7":"category-moda-y-estilos","8":"tag-premios-platino-2024","9":"tag-premios-platino-2024-alfombra-roja"},"_links":{"self":[{"href":"https:\/\/www.cordobatimes.com\/showup\/wp-json\/wp\/v2\/posts\/102656","targetHints":{"allow":["GET"]}}],"collection":[{"href":"https:\/\/www.cordobatimes.com\/showup\/wp-json\/wp\/v2\/posts"}],"about":[{"href":"https:\/\/www.cordobatimes.com\/showup\/wp-json\/wp\/v2\/types\/post"}],"author":[{"embeddable":true,"href":"https:\/\/www.cordobatimes.com\/showup\/wp-json\/wp\/v2\/users\/1"}],"replies":[{"embeddable":true,"href":"https:\/\/www.cordobatimes.com\/showup\/wp-json\/wp\/v2\/comments?post=102656"}],"version-history":[{"count":0,"href":"https:\/\/www.cordobatimes.com\/showup\/wp-json\/wp\/v2\/posts\/102656\/revisions"}],"wp:featuredmedia":[{"embeddable":true,"href":"https:\/\/www.cordobatimes.com\/showup\/wp-json\/wp\/v2\/media\/102657"}],"wp:attachment":[{"href":"https:\/\/www.cordobatimes.com\/showup\/wp-json\/wp\/v2\/media?parent=102656"}],"wp:term":[{"taxonomy":"category","embeddable":true,"href":"https:\/\/www.cordobatimes.com\/showup\/wp-json\/wp\/v2\/categories?post=102656"},{"taxonomy":"post_tag","embeddable":true,"href":"https:\/\/www.cordobatimes.com\/showup\/wp-json\/wp\/v2\/tags?post=102656"}],"curies":[{"name":"wp","href":"https:\/\/api.w.org\/{rel}","templated":true}]}}