{"id":102580,"date":"2024-04-17T11:07:06","date_gmt":"2024-04-17T14:07:06","guid":{"rendered":"https:\/\/www.cordobatimes.com\/showup\/?p=102580"},"modified":"2024-04-17T11:07:06","modified_gmt":"2024-04-17T14:07:06","slug":"jey-mammon-perdio-el-juicio-que-le-inicio-a-lucas-benvenuto-por-calumnias-e-injurias","status":"publish","type":"post","link":"https:\/\/www.cordobatimes.com\/showup\/famosos\/2024\/04\/17\/jey-mammon-perdio-el-juicio-que-le-inicio-a-lucas-benvenuto-por-calumnias-e-injurias\/","title":{"rendered":"Jey Mamm\u00f3n perdi\u00f3 el juicio que le inici\u00f3 a Lucas Benvenuto por \u201ccalumnias e injurias\u201d"},"content":{"rendered":"<h3><strong>La Justicia fall\u00f3 contra el ex conductor de La pe\u00f1a de Morfi frente al joven que lo acus\u00f3 de abusarlo cuando era menor de edad.<\/strong><\/h3>\n<p>La Justicia\u00a0fall\u00f3 a favor de Lucas Benvenuto, quien hace un a\u00f1o denunci\u00f3 p\u00fablicamente ser\u00a0v\u00edctima de abuso sexual infantil por parte de Jey Mamm\u00f3n, en\u00a0otra demanda por \u201ccalumnias e injurias\u201d\u00a0que el exconductor de Telefe hab\u00eda iniciado por esas declaraciones.<\/p>\n<p>De acuerdo con el fallo, se ratific\u00f3 un dictamen judicial previo, que deja sin efecto los intentos de continuar con la demanda contra el joven por parte del ex presentador de \u00abLa pe\u00f1a de morfi\u00bb. Consecuentemente,\u00a0el tribunal asegur\u00f3 que Benvenuto no minti\u00f3.<\/p>\n<p>Por su parte, el abogado de Benvenuto, Javier Moral, coment\u00f3 en \u201cBuenos d\u00edas Am\u00e9rica\u201d que \u201cJey Mamm\u00f3n promovi\u00f3 una querella criminal contra Lucas Benvenuto en la cual dec\u00eda que \u00e9l lo hab\u00eda injuriado.\u00a0En su momento, Lucas no hab\u00eda podido demostrar la veracidad de los hechos porque hab\u00edan prescripto.\u00a0Pero cuidado que ahora hay una nueva oportunidad porque a Lucas lo querellaron y finalmente la Justicia lo respald\u00f3 dici\u00e9ndole a Jey Mamm\u00f3n que le desestimaron la denuncia\u201d.<\/p>\n<p>Moral destac\u00f3 que Mamm\u00f3n ya no puede apelar esta decisi\u00f3n de la Justicia porque qued\u00f3 confirmada.\u00a0\u201cM\u00e1s all\u00e1 de que es un golpe emocional, ahora Lucas puede estar tranquilo porque se conoci\u00f3 la verdad\u201d, se\u00f1al\u00f3.<\/p>\n<h3><strong>El descargo de Lucas<\/strong><\/h3>\n<p>\u201cSi alguien me hubiese dicho antes de comenzar mi camino hacia la verdad que esto iba a ser muy dif\u00edcil, que me iban a tildar de mentiroso, que la Justicia puede no ser justa, que iba a sufrir de ansiedad, bronca, dolor\u2026\u00a0har\u00eda lo mismo una y otra vez.\u00a0Hablar\u00eda, denunciar\u00eda y me armar\u00eda de valor todas las veces que fueran necesarias\u201d, manifest\u00f3 el Benvenuto en una publicaci\u00f3n v\u00eda Instagram adjuntando a una imagen del fallo.<\/p>\n<p>En ese sentido a\u00f1adi\u00f3: \u201cMuchos juzgan los a\u00f1os de silencio: \u2018\u00bfPor qu\u00e9 no habl\u00f3 antes?\u2019 Ese fue, quiz\u00e1s, mi peor enemigo, que no me creyeran porque no sal\u00ed corriendo a gritarlo y, cu\u00e1ndo lo hice, no me creyeron. Los sobrevivientes hablamos cu\u00e1ndo podemos, por eso es tan importante la imprescriptibilidad\u201d.<\/p>\n<p>Para el joven tuvo mucho valor que no se diera lugar al pedido del m\u00fasico. \u201cEsta vez, la Justicia dijo que no hab\u00eda delito por el cual querellarme. Una vez m\u00e1s &#8211;cuando los tiempos procesales le permiten expedirse&#8211;, me da la raz\u00f3n. El fallo est\u00e1 firme y es inapelable. Igual que el otro. Es un paso hacia adelante, pero yo &#8211;y muchos que est\u00e1n en situaciones similares&#8211; necesitamos la verdad completa, no a cuentagotas; necesitamos condenas firmes, de cumplimiento efectivo\u201d, exigi\u00f3.<\/p>\n<p>Adem\u00e1s, reafirm\u00f3 otra vez sus acusaciones contra Mammon, celebrando nuevamente el fallo que lo absuelve de calumnias. \u201cEsta vez, en un tiempo relativamente breve, la Justicia volvi\u00f3 a decir que NO MIENTO,\u00a0que no comet\u00ed ninguno de los delitos de los que la persona que denunci\u00e9 me acusa en un relato forzado y falaz\u201d.<\/p>\n<h3>\n<strong>La denuncia contra Jey Mamm\u00f3n<\/strong><\/h3>\n<p>Mamm\u00f3n fue denunciado p\u00fablicamente en marzo de 2023 por Lucas Benvenuto, un joven de 30 a\u00f1os, que\u00a0lo acus\u00f3 por abuso sexual, delito que presuntamente habr\u00eda ocurrido cuando \u00e9l era menor de edad.<\/p>\n<p>Seg\u00fan el joven, \u00e9l y Mamm\u00f3n tuvieron una relaci\u00f3n que dur\u00f3 un par de a\u00f1os,\u00a0cuando el conductor ten\u00eda 32 y el denunciante, 14.<\/p>\n<p>La acusaci\u00f3n judicial contra el conductor, realizada en 2020, detalla que ambos hab\u00edan mantenido un v\u00ednculo en 2006. La causa se cerr\u00f3 en 2021, luego de que el juez de instrucci\u00f3n, Walter Candela, y el fiscal Patricio Lugones consideraran que la acci\u00f3n hab\u00eda prescripto por el tiempo transcurrido.<\/p>\n<p>Por su lado, Jey Mamm\u00f3n decidi\u00f3 ir a la Justicia, donde llev\u00f3 audios y chats con el objetivo de \u00ablimpiar el buen nombre\u00bb, seg\u00fan indic\u00f3, y demostrar que el v\u00ednculo fue de mutuo consentimiento.<\/p>\n","protected":false},"excerpt":{"rendered":"<p>La Justicia fall\u00f3 contra el ex conductor de La pe\u00f1a de Morfi frente al joven que lo acus\u00f3 de abusarlo cuando era menor de edad. La Justicia\u00a0fall\u00f3 a favor de Lucas Benvenuto, quien hace un a\u00f1o denunci\u00f3 p\u00fablicamente ser\u00a0v\u00edctima de abuso sexual infantil por parte de Jey Mamm\u00f3n, en\u00a0otra demanda por \u201ccalumnias e injurias\u201d\u00a0que el [&hellip;]<\/p>\n","protected":false},"author":1,"featured_media":102581,"comment_status":"closed","ping_status":"closed","sticky":false,"template":"","format":"standard","meta":{"_seopress_robots_primary_cat":"","_seopress_titles_title":"","_seopress_titles_desc":"","_seopress_robots_index":"","footnotes":""},"categories":[4],"tags":[36643,39113,36641,37664],"class_list":{"0":"post-102580","1":"post","2":"type-post","3":"status-publish","4":"format-standard","5":"has-post-thumbnail","7":"category-famosos","8":"tag-caso-jey-mammon","9":"tag-jey-mammon-juicio-lucas-benvenutto","10":"tag-jey-mammon-lucas-benvenutto","11":"tag-jey-mammon-lucas-benvenutto-denuncia"},"_links":{"self":[{"href":"https:\/\/www.cordobatimes.com\/showup\/wp-json\/wp\/v2\/posts\/102580","targetHints":{"allow":["GET"]}}],"collection":[{"href":"https:\/\/www.cordobatimes.com\/showup\/wp-json\/wp\/v2\/posts"}],"about":[{"href":"https:\/\/www.cordobatimes.com\/showup\/wp-json\/wp\/v2\/types\/post"}],"author":[{"embeddable":true,"href":"https:\/\/www.cordobatimes.com\/showup\/wp-json\/wp\/v2\/users\/1"}],"replies":[{"embeddable":true,"href":"https:\/\/www.cordobatimes.com\/showup\/wp-json\/wp\/v2\/comments?post=102580"}],"version-history":[{"count":0,"href":"https:\/\/www.cordobatimes.com\/showup\/wp-json\/wp\/v2\/posts\/102580\/revisions"}],"wp:featuredmedia":[{"embeddable":true,"href":"https:\/\/www.cordobatimes.com\/showup\/wp-json\/wp\/v2\/media\/102581"}],"wp:attachment":[{"href":"https:\/\/www.cordobatimes.com\/showup\/wp-json\/wp\/v2\/media?parent=102580"}],"wp:term":[{"taxonomy":"category","embeddable":true,"href":"https:\/\/www.cordobatimes.com\/showup\/wp-json\/wp\/v2\/categories?post=102580"},{"taxonomy":"post_tag","embeddable":true,"href":"https:\/\/www.cordobatimes.com\/showup\/wp-json\/wp\/v2\/tags?post=102580"}],"curies":[{"name":"wp","href":"https:\/\/api.w.org\/{rel}","templated":true}]}}