{"id":102568,"date":"2024-04-16T13:13:01","date_gmt":"2024-04-16T16:13:01","guid":{"rendered":"https:\/\/www.cordobatimes.com\/showup\/?p=102568"},"modified":"2024-04-16T13:15:28","modified_gmt":"2024-04-16T16:15:28","slug":"se-revelo-el-trailer-de-nahir-el-caso-que-conmovio-a-un-pais","status":"publish","type":"post","link":"https:\/\/www.cordobatimes.com\/showup\/cine-y-series\/2024\/04\/16\/se-revelo-el-trailer-de-nahir-el-caso-que-conmovio-a-un-pais\/","title":{"rendered":"Se revel\u00f3 el trailer de \u201cNahir\u201d el caso que conmovi\u00f3 a un pa\u00eds"},"content":{"rendered":"<h3><strong>Explorando la trama y los giros del caso polic\u00edaco que sacudi\u00f3 a un pa\u00eds, esta producci\u00f3n llegar\u00e1 a la plataforma de Prime Video el 22 de mayo.<\/strong><\/h3>\n<p>El universo del streaming se prepara para sumergirse en uno de los casos m\u00e1s resonantes y debatidos de la cr\u00f3nica policial argentina con el lanzamiento de\u00a0Nahir, un thriller dram\u00e1tico de Amazon Original. La obra ficcionada, inspirada en el tr\u00e1gico suceso que llev\u00f3 a la joven\u00a0Nahir Galarza\u00a0a ser la mujer m\u00e1s joven en recibir una condena a prisi\u00f3n perpetua en Argentina, promete ser un recorrido por las diversas aristas de la historia que captur\u00f3 la atenci\u00f3n del pa\u00eds y de la prensa internacional. En 2018, la historia de Galarza, quien fue hallada culpable del asesinato de su novio\u00a0Fernando Pastorizzo, sacudi\u00f3 a la sociedad argentina, no solo por la juventud de la protagonista, sino tambi\u00e9n por las complejidades emocionales y judiciales que la envolvieron.<\/p>\n<p>La pel\u00edcula, que ser\u00e1 distribuida por\u00a0Prime Video\u00a0ese espera que arroje luz sobre los hechos desde una perspectiva multicapa, intentando no solo seguir el informe policial sino tambi\u00e9n explorar las relaciones t\u00f3xicas que, seg\u00fan los creadores de la cinta, terminaron en la fat\u00eddica tragedia.<\/p>\n<p>Valentina Zenere\u00a0asume el desafiante rol de Nahir Galarza,\u00a0interpretando a una joven que ve su vida desmoronarse bajo el peso de acusaciones mortales. La elecci\u00f3n de Zenere, conocida por su trabajo en producciones exitosas como\u00a0\u00c9lite\u00a0y\u00a0Soy Luna,\u00a0promete llevar una profundidad y complejidad emocional al personaje principal, sumergiendo a los espectadores en la tormentosa realidad de Galarza. El elenco se completa con\u00a0M\u00f3nica Antonopulos\u00a0(Vidas Robadas, Muerte en Buenos Aires),\u00a0C\u00e9sar Bord\u00f3n\u00a0(Luis Miguel, la Serie, Algo Incorrecto) como los padres de Nahir,\u00a0Nacho Gadano\u00a0(Diario de un Gigol\u00f3, Violetta) y\u00a0Sim\u00f3n Hempe\u00a0(Entrelazados, Go! Vive a Tu Manera) como Fernando.<\/p>\n<div style=\"width: 696px;\" class=\"wp-video\"><video class=\"wp-video-shortcode\" id=\"video-102568-1\" width=\"696\" height=\"392\" preload=\"metadata\" controls=\"controls\"><source type=\"video\/mp4\" src=\"https:\/\/www.cordobatimes.com\/showup\/wp-content\/uploads\/2024\/04\/ssstwitter.com_1713275569550.mp4?_=1\" \/><a href=\"https:\/\/www.cordobatimes.com\/showup\/wp-content\/uploads\/2024\/04\/ssstwitter.com_1713275569550.mp4\">https:\/\/www.cordobatimes.com\/showup\/wp-content\/uploads\/2024\/04\/ssstwitter.com_1713275569550.mp4<\/a><\/video><\/div>\n","protected":false},"excerpt":{"rendered":"<p>Explorando la trama y los giros del caso polic\u00edaco que sacudi\u00f3 a un pa\u00eds, esta producci\u00f3n llegar\u00e1 a la plataforma de Prime Video el 22 de mayo. El universo del streaming se prepara para sumergirse en uno de los casos m\u00e1s resonantes y debatidos de la cr\u00f3nica policial argentina con el lanzamiento de\u00a0Nahir, un thriller [&hellip;]<\/p>\n","protected":false},"author":1,"featured_media":102569,"comment_status":"closed","ping_status":"closed","sticky":false,"template":"","format":"standard","meta":{"_seopress_robots_primary_cat":"","_seopress_titles_title":"","_seopress_titles_desc":"","_seopress_robots_index":"","footnotes":""},"categories":[3],"tags":[39109,39108,25556,39107,39106],"class_list":{"0":"post-102568","1":"post","2":"type-post","3":"status-publish","4":"format-standard","5":"has-post-thumbnail","7":"category-cine-y-series","8":"tag-caso-nair-galarza","9":"tag-crimen-de-nair-galarza","10":"tag-nahir-galarza-fernando-pastorizzo","11":"tag-nair-galarza","12":"tag-trailer-de-nahir"},"_links":{"self":[{"href":"https:\/\/www.cordobatimes.com\/showup\/wp-json\/wp\/v2\/posts\/102568","targetHints":{"allow":["GET"]}}],"collection":[{"href":"https:\/\/www.cordobatimes.com\/showup\/wp-json\/wp\/v2\/posts"}],"about":[{"href":"https:\/\/www.cordobatimes.com\/showup\/wp-json\/wp\/v2\/types\/post"}],"author":[{"embeddable":true,"href":"https:\/\/www.cordobatimes.com\/showup\/wp-json\/wp\/v2\/users\/1"}],"replies":[{"embeddable":true,"href":"https:\/\/www.cordobatimes.com\/showup\/wp-json\/wp\/v2\/comments?post=102568"}],"version-history":[{"count":0,"href":"https:\/\/www.cordobatimes.com\/showup\/wp-json\/wp\/v2\/posts\/102568\/revisions"}],"wp:featuredmedia":[{"embeddable":true,"href":"https:\/\/www.cordobatimes.com\/showup\/wp-json\/wp\/v2\/media\/102569"}],"wp:attachment":[{"href":"https:\/\/www.cordobatimes.com\/showup\/wp-json\/wp\/v2\/media?parent=102568"}],"wp:term":[{"taxonomy":"category","embeddable":true,"href":"https:\/\/www.cordobatimes.com\/showup\/wp-json\/wp\/v2\/categories?post=102568"},{"taxonomy":"post_tag","embeddable":true,"href":"https:\/\/www.cordobatimes.com\/showup\/wp-json\/wp\/v2\/tags?post=102568"}],"curies":[{"name":"wp","href":"https:\/\/api.w.org\/{rel}","templated":true}]}}