{"id":102505,"date":"2024-04-11T13:16:48","date_gmt":"2024-04-11T16:16:48","guid":{"rendered":"https:\/\/www.cordobatimes.com\/showup\/?p=102505"},"modified":"2024-04-11T13:16:48","modified_gmt":"2024-04-11T16:16:48","slug":"los-tapados-y-sacos-del-invierno-2024","status":"publish","type":"post","link":"https:\/\/www.cordobatimes.com\/showup\/moda-y-estilos\/2024\/04\/11\/los-tapados-y-sacos-del-invierno-2024\/","title":{"rendered":"Los tapados y sacos  del invierno 2024"},"content":{"rendered":"<h3><strong>Los tapados y sacos que no pueden faltarte esta temporada: cl\u00e1sicos, trendy y los que marcan la aguja de la moda.\u00a0<\/strong><\/h3>\n<p>Claro que un tapado en un\u00a0tono neutro\u00a0como\u00a0negro, gris topo o habano, son\u00a0b\u00e1sicos\u00a0de tu guardarropas que no te pueden faltar para\u00a0combinar con todo, pero existen otras opciones de\u00a0texturas, dise\u00f1o y colores\u00a0que tambi\u00e9n son super vers\u00e1tiles y funcionales.<\/p>\n<div id=\"teads_div\" class=\"ERROR-NO-CLASS\"><\/div>\n<figure class=\"wp-block-image size-large\"><img decoding=\"async\" class=\"wp-image-2989446\" src=\"https:\/\/www.parati.com.ar\/wp-content\/uploads\/2024\/04\/los-tapados-y-sacos-mas-fashionistas-del-invierno-2024-Street-Style-2023-2024-Winter.jpeg.webp\" alt=\"Gu\u00eda de estilo: los tapados y sacos m\u00e1s fashionistas del invierno 2024\" data-tapa-url=\"https:\/\/www.parati.com.ar\/wp-content\/uploads\/2024\/04\/los-tapados-y-sacos-mas-fashionistas-del-invierno-2024-Street-Style-2023-2024-Winter.jpeg.webp\" data-loaded=\"true\" data-cargado=\"true\" \/><\/figure>\n<h2 class=\"wp-block-heading\">Los tapados y sacos m\u00e1s fashionistas del invierno 2024<\/h2>\n<h3><strong>Abrigos metalizados<\/strong><\/h3>\n<p>Ya sabemos que las\u00a0texturas metalizadas est\u00e1n en tendencia,\u00a0y ahora tambi\u00e9n las veremos en formato de camperas para el invierno. Al ser una tela liviana, es ideal para combinarla con\u00a0prendas de lana debajo, como su\u00e9teres de punto, que adem\u00e1s te ayudaran a bajar un poco el look para que puedas usarlo tambi\u00e9n de d\u00eda.<\/p>\n<div id=\"sm-it-main-container-1712851303976\" class=\"sm-it-main-container\" data-it=\"2b451116-ed26-4d77-8da0-6fbd731d3267\" data-device=\"desktop\" data-index=\"0\">\n<div id=\"sm-alternative-1712851303976\" class=\"sm-alternative\" data-it=\"2b451116-ed26-4d77-8da0-6fbd731d3267\" data-index=\"0\" data-device=\"desktop\"><\/div>\n<\/div>\n<figure class=\"wp-block-image size-large\"><img decoding=\"async\" class=\"wp-image-2989439\" src=\"https:\/\/www.parati.com.ar\/wp-content\/uploads\/2024\/04\/chaqueta-metalizada-1-740x1109.jpg.webp\" alt=\"chaqueta-metalizada\" data-tapa-url=\"https:\/\/www.parati.com.ar\/wp-content\/uploads\/2024\/04\/chaqueta-metalizada-1-740x1109.jpg.webp\" data-loaded=\"true\" data-cargado=\"true\" \/><\/figure>\n<p>Es una prenda que\u00a0no solo la vas a usar para el frio, sino tambi\u00e9n que podr\u00e1s usarla en noches de calor, y que te servir\u00e1 para un\u00a0look de noche m\u00e1s formal con una falda y tacos\u00a0y tambi\u00e9n para un\u00a0look casual de jean y zapatillas.<\/p>\n<div id=\"ad-slot-video_outstream\" class=\"ad-slot-video_outstream ad-slot\" data-adtype=\"video_outstream\" data-google-query-id=\"CJfwgKrEuoUDFZBKuAQdq-4Gyw\">\n<div id=\"google_ads_iframe_\/22254771232\/parati_nota\/video_outstream_0__container__\"><\/div>\n<\/div>\n<h3 class=\"wp-block-heading\"><strong>El dise\u00f1o boxy fit sigue en invierno<\/strong><\/h3>\n<p>Este tipo de dise\u00f1o que lo hemos visto temporadas anteriores, tambi\u00e9n estar\u00e1 presente en\u00a0abrigos y chaquetas de invierno.<\/p>\n<figure class=\"wp-block-image size-large\"><img decoding=\"async\" class=\"wp-image-2989447\" src=\"https:\/\/www.parati.com.ar\/wp-content\/uploads\/2024\/04\/los-tapados-y-sacos-mas-fashionistas-del-invierno-2024-2-Street-Style-2024-Winter.jpeg.webp\" alt=\"Gu\u00eda de estilo: los tapados y sacos m\u00e1s fashionistas del invierno 2024\" data-tapa-url=\"https:\/\/www.parati.com.ar\/wp-content\/uploads\/2024\/04\/los-tapados-y-sacos-mas-fashionistas-del-invierno-2024-2-Street-Style-2024-Winter.jpeg.webp\" data-loaded=\"true\" data-cargado=\"true\" \/><\/figure>\n<p>Un\u00a0corte amplio y cuadrado,\u00a0que te permite poder tener\u00a0capas de abrigo debajo sin perder la comodidad.\u00a0Al ser\u00a0corto, estiliza las piernas y hace a cualquier look mucho m\u00e1s canchero.<\/p>\n<h3 class=\"wp-block-heading\"><strong>El eterno gamul\u00e1n<\/strong><\/h3>\n<p>Esta prenda que data de varias d\u00e9cadas,\u00a0<strong>vuelve con todo.<\/strong>\u00a0Sin dudas es una pieza que traspasa generaciones y que cada tanto vuelve a estar de moda, es un abrigo ideal para la temporada por su piel interna que lo hace super abrigado.<\/p>\n<div id=\"ad-slot-wide_2\" class=\"ad-slot-wide_big ad-slot\" data-adtype=\"wide_big\"><\/div>\n<figure class=\"wp-block-image size-full\"><img decoding=\"async\" class=\"wp-image-2989440\" src=\"https:\/\/www.parati.com.ar\/wp-content\/uploads\/2024\/04\/gamulan-beige.jpeg.webp\" alt=\"gamulan beige\" data-tapa-url=\"https:\/\/www.parati.com.ar\/wp-content\/uploads\/2024\/04\/gamulan-beige.jpeg.webp\" data-loaded=\"true\" data-cargado=\"true\" \/><\/figure>\n<p>Esta vez, lo veremos en\u00a0<strong>varios tonos\u00a0<\/strong>: el\u00a0<strong>cl\u00e1sico suela color piel, en marr\u00f3n<\/strong>\u00a0y tambi\u00e9n en\u00a0<strong>negro<\/strong>, estilo aviador.<\/p>\n<h3 class=\"wp-block-heading\"><strong>Colores en tendencia<\/strong><\/h3>\n<p>Si est\u00e1s pensando en invertir en un nuevo tapado de pa\u00f1o para este invierno y queres llevar lo \u00faltimo en tendencia, eleg\u00ed los colores<strong>\u00a0cherry, verde ingl\u00e9s, o burgundy<\/strong>\u00a0que ser\u00e1n los colores de la nueva temporada.<\/p>\n<figure class=\"wp-block-image size-full\"><img alt=\"\" loading=\"lazy\" decoding=\"async\" class=\"wp-image-2989449\" src=\"https:\/\/www.parati.com.ar\/wp-content\/uploads\/2024\/04\/Leather-Coat-for-Fall.jpeg.webp\" alt=\"\" width=\"736\" height=\"1104\" \/><\/figure>\n<p>Pod\u00e9s elegir un\u00a0corte cl\u00e1sico,\u00a0para que puedas llevarlo los pr\u00f3ximos inviernos.<\/p>\n<div id=\"ad-slot-wide_3\" class=\"ad-slot-wide ad-slot\" data-adtype=\"wide\" data-lazyload=\"1\" data-google-query-id=\"CLf-qpDGuoUDFbhMuAQd6p4Hfw\">\n<div id=\"google_ads_iframe_\/22254771232\/parati_nota\/wide_3_0__container__\"><\/div>\n<\/div>\n<figure class=\"wp-block-image size-full\"><img decoding=\"async\" class=\"wp-image-2989441\" src=\"https:\/\/www.parati.com.ar\/wp-content\/uploads\/2024\/04\/saco-verde-ingles.jpeg.webp\" alt=\"saco verde ingles\" data-tapa-url=\"https:\/\/www.parati.com.ar\/wp-content\/uploads\/2024\/04\/saco-verde-ingles.jpeg.webp\" data-loaded=\"true\" data-cargado=\"true\" \/><\/figure>\n<p>&nbsp;<\/p>\n","protected":false},"excerpt":{"rendered":"<p>Los tapados y sacos que no pueden faltarte esta temporada: cl\u00e1sicos, trendy y los que marcan la aguja de la moda.\u00a0 Claro que un tapado en un\u00a0tono neutro\u00a0como\u00a0negro, gris topo o habano, son\u00a0b\u00e1sicos\u00a0de tu guardarropas que no te pueden faltar para\u00a0combinar con todo, pero existen otras opciones de\u00a0texturas, dise\u00f1o y colores\u00a0que tambi\u00e9n son super vers\u00e1tiles [&hellip;]<\/p>\n","protected":false},"author":1,"featured_media":102506,"comment_status":"closed","ping_status":"closed","sticky":false,"template":"","format":"standard","meta":{"_seopress_robots_primary_cat":"","_seopress_titles_title":"","_seopress_titles_desc":"","_seopress_robots_index":"","footnotes":""},"categories":[228],"tags":[39059,39061,39060],"class_list":{"0":"post-102505","1":"post","2":"type-post","3":"status-publish","4":"format-standard","5":"has-post-thumbnail","7":"category-moda-y-estilos","8":"tag-colores-invierno-2024","9":"tag-tapados-y-sacos-del-invierno-2024","10":"tag-tendencias-invierno-2024"},"_links":{"self":[{"href":"https:\/\/www.cordobatimes.com\/showup\/wp-json\/wp\/v2\/posts\/102505","targetHints":{"allow":["GET"]}}],"collection":[{"href":"https:\/\/www.cordobatimes.com\/showup\/wp-json\/wp\/v2\/posts"}],"about":[{"href":"https:\/\/www.cordobatimes.com\/showup\/wp-json\/wp\/v2\/types\/post"}],"author":[{"embeddable":true,"href":"https:\/\/www.cordobatimes.com\/showup\/wp-json\/wp\/v2\/users\/1"}],"replies":[{"embeddable":true,"href":"https:\/\/www.cordobatimes.com\/showup\/wp-json\/wp\/v2\/comments?post=102505"}],"version-history":[{"count":0,"href":"https:\/\/www.cordobatimes.com\/showup\/wp-json\/wp\/v2\/posts\/102505\/revisions"}],"wp:featuredmedia":[{"embeddable":true,"href":"https:\/\/www.cordobatimes.com\/showup\/wp-json\/wp\/v2\/media\/102506"}],"wp:attachment":[{"href":"https:\/\/www.cordobatimes.com\/showup\/wp-json\/wp\/v2\/media?parent=102505"}],"wp:term":[{"taxonomy":"category","embeddable":true,"href":"https:\/\/www.cordobatimes.com\/showup\/wp-json\/wp\/v2\/categories?post=102505"},{"taxonomy":"post_tag","embeddable":true,"href":"https:\/\/www.cordobatimes.com\/showup\/wp-json\/wp\/v2\/tags?post=102505"}],"curies":[{"name":"wp","href":"https:\/\/api.w.org\/{rel}","templated":true}]}}