{"id":102490,"date":"2024-03-26T10:38:56","date_gmt":"2024-03-26T13:38:56","guid":{"rendered":"https:\/\/www.cordobatimes.com\/showup\/?p=102490"},"modified":"2024-03-26T10:38:56","modified_gmt":"2024-03-26T13:38:56","slug":"el-primer-trailer-de-margarita-la-secuela-de-floricienta","status":"publish","type":"post","link":"https:\/\/www.cordobatimes.com\/showup\/cine-y-series\/2024\/03\/26\/el-primer-trailer-de-margarita-la-secuela-de-floricienta\/","title":{"rendered":"El primer trailer de Margarita, la secuela de Floricienta"},"content":{"rendered":"<h3><strong>Cris Morena present\u00f3 su nueva ficci\u00f3n que se ver\u00e1 por la plataforma Max y contin\u00faa la historia de la telenovela que se estren\u00f3 en el 2004.<\/strong><\/h3>\n<p>A dos d\u00e9cadas del estreno de\u00a0Floricienta, los fan\u00e1ticos de la ficci\u00f3n que protagonizaba\u00a0Florencia Bertotti\u00a0est\u00e1n felices por la presentaci\u00f3n del primer tr\u00e1iler de\u00a0Margarita, la producci\u00f3n de\u00a0Cris Morena\u00a0que saldr\u00e1 por la plataforma\u00a0Max, donde reaparecen algunos personajes de la telenovela y sobre todo, nuevas caras en una trama de amor y m\u00fasica.<\/p>\n<p>\u201cLlega una nueva historia&#8230; nuestra historia, tu historia\u201d, escribieron desde las redes sociales donde se lanzaron las primeras im\u00e1genes de la producci\u00f3n que tiene todo el estilo de su creadora y sigue la l\u00ednea de su predecesora.<\/p>\n<p>\u201cEste 2024 llega Margarita para sorprenderte, enamorarte, hacerte re\u00edr y cantar todo el tiempo. \u00bfEst\u00e1s listo para ser parte de este cuento? Estreno 2024 por Max\u201d, contin\u00faa la publicaci\u00f3n en donde se presenta a su protagonista Mora Bianchi, actriz, bailarina y cantante de 19 a\u00f1os oriunda de La Plata que fue la elegida para encabezar la serie.<\/p>\n<div style=\"width: 696px;\" class=\"wp-video\"><video class=\"wp-video-shortcode\" id=\"video-102490-1\" width=\"696\" height=\"392\" preload=\"metadata\" controls=\"controls\"><source type=\"video\/mp4\" src=\"https:\/\/www.cordobatimes.com\/showup\/wp-content\/uploads\/2024\/03\/pcZnMnf7-34105380.mp4?_=1\" \/><a href=\"https:\/\/www.cordobatimes.com\/showup\/wp-content\/uploads\/2024\/03\/pcZnMnf7-34105380.mp4\">https:\/\/www.cordobatimes.com\/showup\/wp-content\/uploads\/2024\/03\/pcZnMnf7-34105380.mp4<\/a><\/video><\/div>\n","protected":false},"excerpt":{"rendered":"<p>Cris Morena present\u00f3 su nueva ficci\u00f3n que se ver\u00e1 por la plataforma Max y contin\u00faa la historia de la telenovela que se estren\u00f3 en el 2004. A dos d\u00e9cadas del estreno de\u00a0Floricienta, los fan\u00e1ticos de la ficci\u00f3n que protagonizaba\u00a0Florencia Bertotti\u00a0est\u00e1n felices por la presentaci\u00f3n del primer tr\u00e1iler de\u00a0Margarita, la producci\u00f3n de\u00a0Cris Morena\u00a0que saldr\u00e1 por la [&hellip;]<\/p>\n","protected":false},"author":1,"featured_media":102491,"comment_status":"closed","ping_status":"closed","sticky":false,"template":"","format":"standard","meta":{"_seopress_robots_primary_cat":"","_seopress_titles_title":"","_seopress_titles_desc":"","_seopress_robots_index":"","footnotes":""},"categories":[3],"tags":[39051,39050,38992,39049],"class_list":{"0":"post-102490","1":"post","2":"type-post","3":"status-publish","4":"format-standard","5":"has-post-thumbnail","7":"category-cine-y-series","8":"tag-margarita-floricienta","9":"tag-margarita-la-secuela-de-floricienta","10":"tag-trailer-de-margarita","11":"tag-trailer-de-margarita-la-secuela-de-floricienta"},"_links":{"self":[{"href":"https:\/\/www.cordobatimes.com\/showup\/wp-json\/wp\/v2\/posts\/102490","targetHints":{"allow":["GET"]}}],"collection":[{"href":"https:\/\/www.cordobatimes.com\/showup\/wp-json\/wp\/v2\/posts"}],"about":[{"href":"https:\/\/www.cordobatimes.com\/showup\/wp-json\/wp\/v2\/types\/post"}],"author":[{"embeddable":true,"href":"https:\/\/www.cordobatimes.com\/showup\/wp-json\/wp\/v2\/users\/1"}],"replies":[{"embeddable":true,"href":"https:\/\/www.cordobatimes.com\/showup\/wp-json\/wp\/v2\/comments?post=102490"}],"version-history":[{"count":0,"href":"https:\/\/www.cordobatimes.com\/showup\/wp-json\/wp\/v2\/posts\/102490\/revisions"}],"wp:featuredmedia":[{"embeddable":true,"href":"https:\/\/www.cordobatimes.com\/showup\/wp-json\/wp\/v2\/media\/102491"}],"wp:attachment":[{"href":"https:\/\/www.cordobatimes.com\/showup\/wp-json\/wp\/v2\/media?parent=102490"}],"wp:term":[{"taxonomy":"category","embeddable":true,"href":"https:\/\/www.cordobatimes.com\/showup\/wp-json\/wp\/v2\/categories?post=102490"},{"taxonomy":"post_tag","embeddable":true,"href":"https:\/\/www.cordobatimes.com\/showup\/wp-json\/wp\/v2\/tags?post=102490"}],"curies":[{"name":"wp","href":"https:\/\/api.w.org\/{rel}","templated":true}]}}