{"id":102371,"date":"2024-03-16T12:21:30","date_gmt":"2024-03-16T15:21:30","guid":{"rendered":"https:\/\/www.cordobatimes.com\/showup\/?p=102371"},"modified":"2024-03-16T12:21:30","modified_gmt":"2024-03-16T15:21:30","slug":"imprescindibles-para-este-otono-invierno-2024","status":"publish","type":"post","link":"https:\/\/www.cordobatimes.com\/showup\/moda-y-estilos\/2024\/03\/16\/imprescindibles-para-este-otono-invierno-2024\/","title":{"rendered":"imprescindibles para este oto\u00f1o\/invierno 2024"},"content":{"rendered":"<h3>\u00a0<strong>Cu\u00e1les con los \u00edtems que no pueden faltar en el placard esta temporada<\/strong><\/h3>\n<h2 class=\"wp-block-heading\"><strong>Camisa blanca<\/strong><\/h2>\n<p>El\u00a0<strong>b\u00e1sico<\/strong>\u00a0que nunca tiene que faltar en tu guardarropas, pero siempre<strong>\u00a0reversionado a lo que se usa.\u00a0<\/strong>Las \u00faltimas temporadas,\u00a0<strong>ven\u00edamos usando la camisa oversize, amplia y larga,<\/strong>\u00a0pero esta temporada se comienzan a ver\u00a0<strong>un poco m\u00e1s entalladas y con detalles de texturas como pinzas y alforzas.<\/strong>\u00a0Retomando el\u00a0<strong>estilo old money<\/strong>\u00a0que se vio temporadas pasadas, la\u00a0<strong>cl\u00e1sica camisa blanca<\/strong>\u00a0(para algunos un tanto aburrida) vuelve a pisar fuerte. Los beneficios que tiene, es que si bien no destaca en tu look,\u00a0<strong>te da mil opciones de combinaciones.<\/strong><\/p>\n<p>Pod\u00e9s combinarlo con\u00a0<strong>jean y zapatillas para estar c\u00f3moda y casual un fin de semana.<\/strong>\u00a0Un\u00a0<strong>pantal\u00f3n cl\u00e1sico sastre y zapatos para ir a trabajar\u00a0<\/strong>y hasta con una\u00a0<strong>falda larga y stilettos para ir elegante a una fiesta al mejor estilo Carolina Herrera.<\/strong><\/p>\n<figure class=\"wp-block-image size-full\"><img decoding=\"async\" class=\"wp-image-2982175\" src=\"https:\/\/www.parati.com.ar\/wp-content\/uploads\/2024\/03\/los-items-infaltables-de-tu-capsula-otono-2024.jpeg.webp\" alt=\"Gu\u00eda de estilo: 7 imprescindibles de tu c\u00e1psula oto\u00f1o\/invierno 2024\" data-tapa-url=\"https:\/\/www.parati.com.ar\/wp-content\/uploads\/2024\/03\/los-items-infaltables-de-tu-capsula-otono-2024.jpeg.webp\" data-loaded=\"true\" data-cargado=\"true\" \/><\/figure>\n<h2 class=\"wp-block-heading\"><strong>Botas de ca\u00f1a alta<\/strong><\/h2>\n<p>Este\u00a0<strong>calzado ser\u00e1 el infaltable\u00a0<\/strong>(que se ver\u00e1 por varias temporadas) y que adem\u00e1s te permitir\u00e1\u00a0<strong>usarlo en d\u00edas un poco m\u00e1s c\u00e1lidos con short, mini o vestidos<\/strong>. Para esta temporada la moda es llevarlos\u00a0<strong>con punta y taco medio<\/strong>, en colores como\u00a0<strong>marr\u00f3n, chocolate y cherry<\/strong>\u00a0y en texturas como\u00a0<strong>croco con cierres a la vista.<\/strong>\u00a0Es un accesorio que estiliza much\u00edsimo y que adem\u00e1s logra un look m\u00e1s arreglado y elegante porque sin duda llevaran el protagonismo.<\/p>\n<div id=\"ad-slot-wide_2\" class=\"ad-slot-wide_big ad-slot\" data-adzonerun=\"1\" data-adtype=\"wide_big\"><\/div>\n<figure class=\"wp-block-image size-full\"><img decoding=\"async\" class=\"wp-image-2982172\" src=\"https:\/\/www.parati.com.ar\/wp-content\/uploads\/2024\/03\/los-items-infaltables-de-tu-capsula-otono-2024-1.jpeg.webp\" alt=\"Gu\u00eda de estilo: 7 imprescindibles de tu c\u00e1psula oto\u00f1o\/invierno 2024\" data-tapa-url=\"https:\/\/www.parati.com.ar\/wp-content\/uploads\/2024\/03\/los-items-infaltables-de-tu-capsula-otono-2024-1.jpeg.webp\" data-loaded=\"true\" data-cargado=\"true\" \/><\/figure>\n<figure class=\"wp-block-embed is-type-wp-embed is-provider-revista-para-ti wp-block-embed-revista-para-ti\">\n<div class=\"wp-block-embed__wrapper\"><\/div>\n<\/figure>\n<h3 class=\"wp-block-heading\"><strong>Tapado largo<\/strong><\/h3>\n<p>Si quer\u00e9s estar a la \u00faltima moda y llevar las tendencias que se vieron en Europa el a\u00f1o pasado, necesit\u00e1s un\u00a0<strong>tapado largo de pa\u00f1o.\u00a0<\/strong>Se llevan\u00a0<strong>sin botones, con bolsillos a la vista y cinto.\u00a0<\/strong>Si bien es una prenda que no favorece a las mas bajitas, te dejo un truco de estilismo: eleg\u00ed tonos oscuros como\u00a0<strong>negro, gris topo, verde botella o borgo\u00f1a<\/strong>; con\u00a0<strong>solapas finas y bolsillos m\u00e1s peque\u00f1os,<\/strong>\u00a0llevalo\u00a0<strong>abierto y con un calzado de taco alto.<\/strong><\/p>\n<div id=\"ad-slot-wide_3\" class=\"ad-slot-wide ad-slot\" data-adzonerun=\"1\" data-adtype=\"wide\" data-lazyload=\"1\" data-google-query-id=\"COTU7uiI-YQDFQ1PuAQdAxAHow\">\n<div id=\"google_ads_iframe_\/22254771232\/parati_nota\/wide_3_0__container__\"><\/div>\n<\/div>\n<figure class=\"wp-block-image size-large\"><img loading=\"lazy\" decoding=\"async\" class=\"wp-image-2982177\" src=\"https:\/\/www.parati.com.ar\/wp-content\/uploads\/2024\/03\/2.jpeg.webp\" alt=\"Gu\u00eda de estilo: 7 imprescindibles de tu c\u00e1psula oto\u00f1o\/invierno 2024\" width=\"736\" height=\"1201\" data-tapa-url=\"https:\/\/www.parati.com.ar\/wp-content\/uploads\/2024\/03\/2.jpeg.webp\" data-loaded=\"true\" data-cargado=\"true\" \/><\/figure>\n<h3 class=\"wp-block-heading\"><strong>Jean cargo<\/strong><\/h3>\n<p>Otra prenda de tendencia es este pantal\u00f3n que se ver\u00e1 mucho en<strong>\u00a0tiro medio con bolsillos a los lados y de corte amplio.<\/strong>\u00a0Adem\u00e1s de ser c\u00f3modo y vers\u00e1til para usar en cualquier ocasi\u00f3n, le da un\u00a0<strong>toque moderno a cualquier look.<\/strong>\u00a0Inspirado en los\u00a0<strong>pantalones parachout<\/strong>\u00a0que se vieron durante el verano, este corte viene a sumarse en v<strong>ersi\u00f3n denim\u00a0<\/strong>para seguir con la moda de pantalones m\u00e1s anchos y c\u00f3modos.<\/p>\n<div id=\"ad-slot-wide_4\" class=\"ad-slot-wide_big ad-slot\" data-adzonerun=\"1\" data-adtype=\"wide_big\"><\/div>\n<figure class=\"wp-block-image size-large\"><img decoding=\"async\" class=\"wp-image-2982173\" src=\"https:\/\/www.parati.com.ar\/wp-content\/uploads\/2024\/03\/los-items-infaltables-de-tu-capsula-otono-2024-3.jpeg.webp\" alt=\"Gu\u00eda de estilo: 7 imprescindibles de tu c\u00e1psula oto\u00f1o\/invierno 2024\" data-tapa-url=\"https:\/\/www.parati.com.ar\/wp-content\/uploads\/2024\/03\/los-items-infaltables-de-tu-capsula-otono-2024-3.jpeg.webp\" data-loaded=\"true\" data-cargado=\"true\" \/><\/figure>\n<h3 class=\"wp-block-heading\">\u00a0<strong>Metalizado<\/strong><\/h3>\n<p>Ac\u00e1 te dejo optar por lo que prefieras, pero i<strong>ncorpor\u00e1 algo metalizado en tu guardarropas<\/strong>\u00a0si quer\u00e9s llevar la \u00faltima moda. Puede ser una\u00a0<strong>cartera, botas<\/strong>, o -si sos m\u00e1s fashionista- pod\u00e9s elegir una\u00a0<strong>prenda protagonista en total metalizado\u00a0<\/strong>como un\u00a0<strong>pantal\u00f3n, chaqueta o falda.<\/strong>\u00a0Si bien se han visto en pasarela todos los tonos de metalizados, desde los cl\u00e1sicos plata y oro, hasta versiones coloridas como fucsias y azul el\u00e9ctrico, el que m\u00e1s se ver\u00e1 en todos lados es el plateado.<\/p>\n<div id=\"teads_div2\" class=\"ERROR-NO-CLASS\"><\/div>\n<figure class=\"wp-block-image size-large\"><img decoding=\"async\" class=\"wp-image-2982176\" src=\"https:\/\/www.parati.com.ar\/wp-content\/uploads\/2024\/03\/Street-Style-2023-2024-Winter.jpeg.webp\" alt=\"Gu\u00eda de estilo: 7 imprescindibles de tu c\u00e1psula oto\u00f1o\/invierno 2024\" data-tapa-url=\"https:\/\/www.parati.com.ar\/wp-content\/uploads\/2024\/03\/Street-Style-2023-2024-Winter.jpeg.webp\" data-loaded=\"true\" data-cargado=\"true\" \/><\/figure>\n<h3 class=\"wp-block-heading\">\u00a0<strong>El blazer<\/strong><\/h3>\n<p>Esta prenda que se ha convertido desde hace a\u00f1os en el c<strong>aballo de batalla de todas las temporadas,\u00a0<\/strong>sigue m\u00e1s vigente que nunca. Como en todos los b\u00e1sicos, reversionados, en un estilo\u00a0<strong>minimalista, largo a la cadera, con botonadura simple y dejando de lado el oversize.\u00a0<\/strong>Si es que quer\u00e9s sumar algo m\u00e1s de tendencia elegilo en los colores de la temporada como el\u00a0<strong>marr\u00f3n, cherry\u00a0<\/strong>o en\u00a0<strong>estampa cuadrill\u00e9<\/strong>, en tonos\u00a0<strong>marrones.<\/strong><\/p>\n<div id=\"ad-slot-wide_5_position_2\" class=\"ad-slot-wide ad-slot\" data-adzonerun=\"1\" data-adtype=\"wide\" data-lazyload=\"1\" data-google-query-id=\"CPOfvOqI-YQDFT1YuAQdNxAKpw\">\n<div id=\"google_ads_iframe_\/22254771232\/parati_nota\/wide_5_0__container__\"><\/div>\n<\/div>\n<figure class=\"wp-block-image size-full\"><img decoding=\"async\" class=\"wp-image-2982174\" src=\"https:\/\/www.parati.com.ar\/wp-content\/uploads\/2024\/03\/los-items-infaltables-de-tu-capsula-otono-2024-3-1.jpeg.webp\" alt=\"Gu\u00eda de estilo: 7 imprescindibles de tu c\u00e1psula oto\u00f1o\/invierno 2024\" data-tapa-url=\"https:\/\/www.parati.com.ar\/wp-content\/uploads\/2024\/03\/los-items-infaltables-de-tu-capsula-otono-2024-3-1.jpeg.webp\" data-loaded=\"true\" data-cargado=\"true\" \/><\/figure>\n<h3 class=\"wp-block-heading\"><strong>Extra tip!<\/strong><\/h3>\n<p>Para estar a la moda, es claro que las prendas y accesorios que elegimos son muy importantes, pero la clave tambi\u00e9n est\u00e1 en\u00a0<strong>nuestro pelo y make up.\u00a0<\/strong>Si quer\u00e9s complementar la nueva tendencia eleg\u00ed un\u00a0<strong>peinado suelto, con brushing y mucho movimiento<\/strong>\u00a0-como luc\u00edan las s\u00faper modelos en los \u201990- y un\u00a0<strong>maquillaje en tonos caf\u00e9, con una piel mate y ojos marcados (el Mob wife,)\u00a0<\/strong>que le queda bien a todas.<\/p>\n","protected":false},"excerpt":{"rendered":"<p>\u00a0Cu\u00e1les con los \u00edtems que no pueden faltar en el placard esta temporada Camisa blanca El\u00a0b\u00e1sico\u00a0que nunca tiene que faltar en tu guardarropas, pero siempre\u00a0reversionado a lo que se usa.\u00a0Las \u00faltimas temporadas,\u00a0ven\u00edamos usando la camisa oversize, amplia y larga,\u00a0pero esta temporada se comienzan a ver\u00a0un poco m\u00e1s entalladas y con detalles de texturas como pinzas [&hellip;]<\/p>\n","protected":false},"author":1,"featured_media":102372,"comment_status":"closed","ping_status":"closed","sticky":false,"template":"","format":"standard","meta":{"_seopress_robots_primary_cat":"","_seopress_titles_title":"","_seopress_titles_desc":"","_seopress_robots_index":"","footnotes":""},"categories":[228],"tags":[39001,39000,39002],"class_list":{"0":"post-102371","1":"post","2":"type-post","3":"status-publish","4":"format-standard","5":"has-post-thumbnail","7":"category-moda-y-estilos","8":"tag-otono-invierno","9":"tag-otono-invierno-2024","10":"tag-tendencias-otono-invierno"},"_links":{"self":[{"href":"https:\/\/www.cordobatimes.com\/showup\/wp-json\/wp\/v2\/posts\/102371","targetHints":{"allow":["GET"]}}],"collection":[{"href":"https:\/\/www.cordobatimes.com\/showup\/wp-json\/wp\/v2\/posts"}],"about":[{"href":"https:\/\/www.cordobatimes.com\/showup\/wp-json\/wp\/v2\/types\/post"}],"author":[{"embeddable":true,"href":"https:\/\/www.cordobatimes.com\/showup\/wp-json\/wp\/v2\/users\/1"}],"replies":[{"embeddable":true,"href":"https:\/\/www.cordobatimes.com\/showup\/wp-json\/wp\/v2\/comments?post=102371"}],"version-history":[{"count":0,"href":"https:\/\/www.cordobatimes.com\/showup\/wp-json\/wp\/v2\/posts\/102371\/revisions"}],"wp:featuredmedia":[{"embeddable":true,"href":"https:\/\/www.cordobatimes.com\/showup\/wp-json\/wp\/v2\/media\/102372"}],"wp:attachment":[{"href":"https:\/\/www.cordobatimes.com\/showup\/wp-json\/wp\/v2\/media?parent=102371"}],"wp:term":[{"taxonomy":"category","embeddable":true,"href":"https:\/\/www.cordobatimes.com\/showup\/wp-json\/wp\/v2\/categories?post=102371"},{"taxonomy":"post_tag","embeddable":true,"href":"https:\/\/www.cordobatimes.com\/showup\/wp-json\/wp\/v2\/tags?post=102371"}],"curies":[{"name":"wp","href":"https:\/\/api.w.org\/{rel}","templated":true}]}}