{"id":102368,"date":"2024-03-16T11:34:35","date_gmt":"2024-03-16T14:34:35","guid":{"rendered":"https:\/\/www.cordobatimes.com\/showup\/?p=102368"},"modified":"2024-03-16T11:34:35","modified_gmt":"2024-03-16T14:34:35","slug":"las-primeras-imagenes-de-la-serie-sobre-cris-miro-la-primera-vedette-trans-de-la-argentina","status":"publish","type":"post","link":"https:\/\/www.cordobatimes.com\/showup\/cine-y-series\/2024\/03\/16\/las-primeras-imagenes-de-la-serie-sobre-cris-miro-la-primera-vedette-trans-de-la-argentina\/","title":{"rendered":"Las primeras im\u00e1genes de la serie sobre Cris Mir\u00f3, la primera vedette trans de la Argentina"},"content":{"rendered":"<h3><strong>La serie contar\u00e1 la historia de la primera mujer trans argentina en convertirse en vedette del Teatro Maipo en los 90\u2019s.<\/strong><\/h3>\n<p>Este a\u00f1o,\u00a0TNT\u00a0y\u00a0Flow\u00a0estrenar\u00e1n\u00a0Cris Mir\u00f3 (Ella), una serie original que relatar\u00e1\u00a0la vida de la primera mujer trans argentina que lleg\u00f3 a ser vedette del teatro Maipo. Si bien la biopic todav\u00eda no tiene fecha exacta de estreno, ya se dieron a conocer las primeras im\u00e1genes.<\/p>\n<p>La serie sobre la mujer que revolucion\u00f3 los a\u00f1os &#8217;90 est\u00e1 dirigida por\u00a0Mart\u00edn Vatenberg\u00a0y\u00a0Javier Van de Couter. La protagonista y encargada de encarnar a\u00a0la ic\u00f3nica Cris Mir\u00f3\u00a0ser\u00e1\u00a0Mina Serrano. Se trata de una reconocida artista tras espa\u00f1ola que se puso al hombro este nuevo desaf\u00edo.<\/p>\n<p>Al igual que a Cris Mir\u00f3, a Mina Serrano le gusta que se refieran a ella como vedette, porque entiende que es el \u00fanico t\u00e9rmino que engloba todas las disciplinas que practica. Inici\u00f3 su carrera en el mundo de la moda, pero tambi\u00e9n particip\u00f3 en varias ficciones.<\/p>\n<p>Cris Mir\u00f3 (Ella)\u00a0est\u00e1 basada en la novela\u00a0Hembra, Cris Mir\u00f3 &#8211; Vivir y morir en un pa\u00eds de machos\u00a0de\u00a0Carlos Sanzol\u00a0y llegar\u00e1 para darle un nuevo lugar de reconocimiento a esta magn\u00e9tica mujer, remarcar su huella como una verdadera revolucionaria de la \u00e9poca y reflejar una lucha que hasta hoy sigue vigente.<\/p>\n<p>En ocho episodios, la\u00a0biopic\u00a0har\u00e1 un recorrido por la vida y trayectoria de Cris Mir\u00f3, hasta el momento en que un diagn\u00f3stico estigmatizante sobre su salud cambia sus planes.<\/p>\n<p><iframe loading=\"lazy\" title=\"YouTube video player\" src=\"https:\/\/www.youtube.com\/embed\/kASneLtGnSw?si=fz4KyRGKREuMUb6x\" width=\"560\" height=\"315\" frameborder=\"0\" allowfullscreen=\"allowfullscreen\"><\/iframe><\/p>\n","protected":false},"excerpt":{"rendered":"<p>La serie contar\u00e1 la historia de la primera mujer trans argentina en convertirse en vedette del Teatro Maipo en los 90\u2019s. Este a\u00f1o,\u00a0TNT\u00a0y\u00a0Flow\u00a0estrenar\u00e1n\u00a0Cris Mir\u00f3 (Ella), una serie original que relatar\u00e1\u00a0la vida de la primera mujer trans argentina que lleg\u00f3 a ser vedette del teatro Maipo. Si bien la biopic todav\u00eda no tiene fecha exacta de [&hellip;]<\/p>\n","protected":false},"author":1,"featured_media":102369,"comment_status":"closed","ping_status":"closed","sticky":false,"template":"","format":"standard","meta":{"_seopress_robots_primary_cat":"","_seopress_titles_title":"","_seopress_titles_desc":"","_seopress_robots_index":"","footnotes":""},"categories":[3],"tags":[38999,38997,38998],"class_list":{"0":"post-102368","1":"post","2":"type-post","3":"status-publish","4":"format-standard","5":"has-post-thumbnail","7":"category-cine-y-series","8":"tag-cris-miro-la-primera-vedette-trans-de-la-argentina","9":"tag-imagenes-de-la-serie-sobre-cris-miro","10":"tag-serie-sobre-cris-miro"},"_links":{"self":[{"href":"https:\/\/www.cordobatimes.com\/showup\/wp-json\/wp\/v2\/posts\/102368","targetHints":{"allow":["GET"]}}],"collection":[{"href":"https:\/\/www.cordobatimes.com\/showup\/wp-json\/wp\/v2\/posts"}],"about":[{"href":"https:\/\/www.cordobatimes.com\/showup\/wp-json\/wp\/v2\/types\/post"}],"author":[{"embeddable":true,"href":"https:\/\/www.cordobatimes.com\/showup\/wp-json\/wp\/v2\/users\/1"}],"replies":[{"embeddable":true,"href":"https:\/\/www.cordobatimes.com\/showup\/wp-json\/wp\/v2\/comments?post=102368"}],"version-history":[{"count":0,"href":"https:\/\/www.cordobatimes.com\/showup\/wp-json\/wp\/v2\/posts\/102368\/revisions"}],"wp:featuredmedia":[{"embeddable":true,"href":"https:\/\/www.cordobatimes.com\/showup\/wp-json\/wp\/v2\/media\/102369"}],"wp:attachment":[{"href":"https:\/\/www.cordobatimes.com\/showup\/wp-json\/wp\/v2\/media?parent=102368"}],"wp:term":[{"taxonomy":"category","embeddable":true,"href":"https:\/\/www.cordobatimes.com\/showup\/wp-json\/wp\/v2\/categories?post=102368"},{"taxonomy":"post_tag","embeddable":true,"href":"https:\/\/www.cordobatimes.com\/showup\/wp-json\/wp\/v2\/tags?post=102368"}],"curies":[{"name":"wp","href":"https:\/\/api.w.org\/{rel}","templated":true}]}}